{"id":19678,"date":"2023-08-01T12:08:00","date_gmt":"2023-08-01T10:08:00","guid":{"rendered":"https:\/\/zskarlino.pl\/?p=19678"},"modified":"2023-08-08T10:14:01","modified_gmt":"2023-08-08T08:14:01","slug":"ekopracownia-w-zespole-szkol-w-karlinie","status":"publish","type":"post","link":"https:\/\/zskarlino.pl\/?p=19678","title":{"rendered":"EKOPRACOWNIA w Zespole Szk\u00f3\u0142 w Karlinie"},"content":{"rendered":"\n<p>Nasza plac\u00f3wka przyst\u0105pi\u0142a do pilota\u017cowego projektu Wojew\u00f3dzkiego Funduszu Ochrony \u015arodowiska i Gospodarki Wodnej w Szczecinie i jako jedna z niewielu w regionie otrzyma\u0142a dofinansowanie w maksymalnej wysoko\u015bci 75 tys. z\u0142otych na Ekopracowni\u0119 &#8211; pracowni\u0119 odnawialnych \u017ar\u00f3de\u0142 energii!<\/p>\n\n\n\n<figure class=\"wp-block-image size-large\"><a href=\"https:\/\/zskarlino.pl\/wp-content\/uploads\/2023\/08\/image.png\" rel=\"lightbox[19678]\"><img loading=\"lazy\" decoding=\"async\" width=\"1024\" height=\"722\" src=\"https:\/\/zskarlino.pl\/wp-content\/uploads\/2023\/08\/image-1024x722.png\" alt=\"\" class=\"wp-image-19679\" srcset=\"https:\/\/zskarlino.pl\/wp-content\/uploads\/2023\/08\/image-1024x722.png 1024w, https:\/\/zskarlino.pl\/wp-content\/uploads\/2023\/08\/image-300x211.png 300w, https:\/\/zskarlino.pl\/wp-content\/uploads\/2023\/08\/image-768x541.png 768w, https:\/\/zskarlino.pl\/wp-content\/uploads\/2023\/08\/image-750x529.png 750w, https:\/\/zskarlino.pl\/wp-content\/uploads\/2023\/08\/image.png 1281w\" sizes=\"auto, (max-width: 1024px) 100vw, 1024px\" \/><\/a><figcaption>Tablica informacyjna dotycz\u0105ca wysoko\u015bci dofinansowania projektu, jego nazwy oraz zawieraj\u0105ca logotypy instytucji zaanga\u017cowanych w finansowanie projektu: Ministerstwo Klimatu i \u015arodowiska, Narodowego Funduszu Ochrony \u015arodowiska i Gospodarki Wodnej oraz WFO\u015aiGW w Szczecinie.<\/figcaption><\/figure>\n\n\n\n<figure class=\"wp-block-gallery columns-3 is-cropped wp-block-gallery-1 is-layout-flex wp-block-gallery-is-layout-flex\"><ul class=\"blocks-gallery-grid\"><li class=\"blocks-gallery-item\"><figure><a href=\"https:\/\/zskarlino.pl\/wp-content\/uploads\/2023\/08\/tychowo-ekopracownia-1-1024x576.jpg\" rel=\"lightbox[19678]\"><img loading=\"lazy\" decoding=\"async\" width=\"1024\" height=\"576\" src=\"https:\/\/zskarlino.pl\/wp-content\/uploads\/2023\/08\/tychowo-ekopracownia-1-1024x576.jpg\" alt=\"\" data-id=\"19685\" data-link=\"https:\/\/zskarlino.pl\/?attachment_id=19685\" class=\"wp-image-19685\" srcset=\"https:\/\/zskarlino.pl\/wp-content\/uploads\/2023\/08\/tychowo-ekopracownia-1-1024x576.jpg 1024w, https:\/\/zskarlino.pl\/wp-content\/uploads\/2023\/08\/tychowo-ekopracownia-1-300x169.jpg 300w, https:\/\/zskarlino.pl\/wp-content\/uploads\/2023\/08\/tychowo-ekopracownia-1-768x432.jpg 768w, https:\/\/zskarlino.pl\/wp-content\/uploads\/2023\/08\/tychowo-ekopracownia-1-1536x864.jpg 1536w, https:\/\/zskarlino.pl\/wp-content\/uploads\/2023\/08\/tychowo-ekopracownia-1-750x422.jpg 750w, https:\/\/zskarlino.pl\/wp-content\/uploads\/2023\/08\/tychowo-ekopracownia-1.jpg 1920w\" sizes=\"auto, (max-width: 1024px) 100vw, 1024px\" \/><\/a><\/figure><\/li><li class=\"blocks-gallery-item\"><figure><a href=\"https:\/\/zskarlino.pl\/wp-content\/uploads\/2023\/08\/20230704_101342939_iOS-1-scaled.jpg\" rel=\"lightbox[19678]\"><img loading=\"lazy\" decoding=\"async\" width=\"1024\" height=\"768\" src=\"https:\/\/zskarlino.pl\/wp-content\/uploads\/2023\/08\/20230704_101342939_iOS-1-1024x768.jpg\" alt=\"\" data-id=\"19687\" data-full-url=\"https:\/\/zskarlino.pl\/wp-content\/uploads\/2023\/08\/20230704_101342939_iOS-1-scaled.jpg\" data-link=\"https:\/\/zskarlino.pl\/?attachment_id=19687\" class=\"wp-image-19687\" srcset=\"https:\/\/zskarlino.pl\/wp-content\/uploads\/2023\/08\/20230704_101342939_iOS-1-1024x768.jpg 1024w, https:\/\/zskarlino.pl\/wp-content\/uploads\/2023\/08\/20230704_101342939_iOS-1-300x225.jpg 300w, https:\/\/zskarlino.pl\/wp-content\/uploads\/2023\/08\/20230704_101342939_iOS-1-768x576.jpg 768w, https:\/\/zskarlino.pl\/wp-content\/uploads\/2023\/08\/20230704_101342939_iOS-1-1536x1152.jpg 1536w, https:\/\/zskarlino.pl\/wp-content\/uploads\/2023\/08\/20230704_101342939_iOS-1-2048x1536.jpg 2048w, https:\/\/zskarlino.pl\/wp-content\/uploads\/2023\/08\/20230704_101342939_iOS-1-750x563.jpg 750w\" sizes=\"auto, (max-width: 1024px) 100vw, 1024px\" \/><\/a><\/figure><\/li><li class=\"blocks-gallery-item\"><figure><a href=\"https:\/\/zskarlino.pl\/wp-content\/uploads\/2023\/08\/IMG_9614-1024x768.jpg\" rel=\"lightbox[19678]\"><img loading=\"lazy\" decoding=\"async\" width=\"1024\" height=\"768\" src=\"https:\/\/zskarlino.pl\/wp-content\/uploads\/2023\/08\/IMG_9614-1024x768.jpg\" alt=\"\" data-id=\"19682\" data-link=\"https:\/\/zskarlino.pl\/?attachment_id=19682\" class=\"wp-image-19682\" srcset=\"https:\/\/zskarlino.pl\/wp-content\/uploads\/2023\/08\/IMG_9614-1024x768.jpg 1024w, https:\/\/zskarlino.pl\/wp-content\/uploads\/2023\/08\/IMG_9614-300x225.jpg 300w, https:\/\/zskarlino.pl\/wp-content\/uploads\/2023\/08\/IMG_9614-768x576.jpg 768w, https:\/\/zskarlino.pl\/wp-content\/uploads\/2023\/08\/IMG_9614-1536x1152.jpg 1536w, https:\/\/zskarlino.pl\/wp-content\/uploads\/2023\/08\/IMG_9614-2048x1536.jpg 2048w, https:\/\/zskarlino.pl\/wp-content\/uploads\/2023\/08\/IMG_9614-750x563.jpg 750w\" sizes=\"auto, (max-width: 1024px) 100vw, 1024px\" \/><\/a><\/figure><\/li><li class=\"blocks-gallery-item\"><figure><a href=\"https:\/\/zskarlino.pl\/wp-content\/uploads\/2023\/08\/ekopracownia_tychowo-1-1024x308.jpg\" rel=\"lightbox[19678]\"><img loading=\"lazy\" decoding=\"async\" width=\"1024\" height=\"308\" src=\"https:\/\/zskarlino.pl\/wp-content\/uploads\/2023\/08\/ekopracownia_tychowo-1-1024x308.jpg\" alt=\"\" data-id=\"19684\" data-link=\"https:\/\/zskarlino.pl\/?attachment_id=19684\" class=\"wp-image-19684\" srcset=\"https:\/\/zskarlino.pl\/wp-content\/uploads\/2023\/08\/ekopracownia_tychowo-1-1024x308.jpg 1024w, https:\/\/zskarlino.pl\/wp-content\/uploads\/2023\/08\/ekopracownia_tychowo-1-300x90.jpg 300w, https:\/\/zskarlino.pl\/wp-content\/uploads\/2023\/08\/ekopracownia_tychowo-1-768x231.jpg 768w, https:\/\/zskarlino.pl\/wp-content\/uploads\/2023\/08\/ekopracownia_tychowo-1-1536x462.jpg 1536w, https:\/\/zskarlino.pl\/wp-content\/uploads\/2023\/08\/ekopracownia_tychowo-1-750x225.jpg 750w, https:\/\/zskarlino.pl\/wp-content\/uploads\/2023\/08\/ekopracownia_tychowo-1.jpg 1920w\" sizes=\"auto, (max-width: 1024px) 100vw, 1024px\" \/><\/a><\/figure><\/li><\/ul><figcaption class=\"blocks-gallery-caption\">Zdj\u0119cia z uroczysto\u015bci wr\u0119czenia symbolicznych czek\u00f3w w dniu 04 lipca 2023 r. w Tychowie<\/figcaption><\/figure>\n","protected":false},"excerpt":{"rendered":"<p>Nasza plac\u00f3wka przyst\u0105pi\u0142a do pilota\u017cowego projektu Wojew\u00f3dzkiego Funduszu Ochrony \u015arodowiska i Gospodarki Wodnej w Szczecinie i jako jedna z niewielu w regionie otrzyma\u0142a dofinansowanie w maksymalnej wysoko\u015bci 75 tys. z\u0142otych na Ekopracowni\u0119 &#8211; pracowni\u0119 odnawialnych \u017ar\u00f3de\u0142 energii!<\/p>\n","protected":false},"author":8,"featured_media":0,"comment_status":"closed","ping_status":"closed","sticky":false,"template":"","format":"standard","meta":{"footnotes":""},"categories":[3],"tags":[],"class_list":["post-19678","post","type-post","status-publish","format-standard","hentry","category-wydarzenia","item-wrap"],"_links":{"self":[{"href":"https:\/\/zskarlino.pl\/index.php?rest_route=\/wp\/v2\/posts\/19678","targetHints":{"allow":["GET"]}}],"collection":[{"href":"https:\/\/zskarlino.pl\/index.php?rest_route=\/wp\/v2\/posts"}],"about":[{"href":"https:\/\/zskarlino.pl\/index.php?rest_route=\/wp\/v2\/types\/post"}],"author":[{"embeddable":true,"href":"https:\/\/zskarlino.pl\/index.php?rest_route=\/wp\/v2\/users\/8"}],"replies":[{"embeddable":true,"href":"https:\/\/zskarlino.pl\/index.php?rest_route=%2Fwp%2Fv2%2Fcomments&post=19678"}],"version-history":[{"count":1,"href":"https:\/\/zskarlino.pl\/index.php?rest_route=\/wp\/v2\/posts\/19678\/revisions"}],"predecessor-version":[{"id":19688,"href":"https:\/\/zskarlino.pl\/index.php?rest_route=\/wp\/v2\/posts\/19678\/revisions\/19688"}],"wp:attachment":[{"href":"https:\/\/zskarlino.pl\/index.php?rest_route=%2Fwp%2Fv2%2Fmedia&parent=19678"}],"wp:term":[{"taxonomy":"category","embeddable":true,"href":"https:\/\/zskarlino.pl\/index.php?rest_route=%2Fwp%2Fv2%2Fcategories&post=19678"},{"taxonomy":"post_tag","embeddable":true,"href":"https:\/\/zskarlino.pl\/index.php?rest_route=%2Fwp%2Fv2%2Ftags&post=19678"}],"curies":[{"name":"wp","href":"https:\/\/api.w.org\/{rel}","templated":true}]}}