{"id":19504,"date":"2022-09-29T09:50:00","date_gmt":"2022-09-29T07:50:00","guid":{"rendered":"https:\/\/zskarlino.pl\/?p=19504"},"modified":"2022-11-16T09:54:22","modified_gmt":"2022-11-16T08:54:22","slug":"godzina-dostepnosci-nauczycieli-zespolu-szkol-w-karlinie","status":"publish","type":"post","link":"https:\/\/zskarlino.pl\/?p=19504","title":{"rendered":"Godzina Dost\u0119pno\u015bci Nauczycieli Zespo\u0142u Szk\u00f3\u0142 w Karlinie"},"content":{"rendered":"\n<p>Poni\u017cej Zarz\u0105dzenie Dyrektora Zespo\u0142u Szk\u00f3\u0142 w Karlinie w sprawie organizacji godzin dostepno\u015bci w roku szkolnym 2022\/2023 przez nauczycieli Zespo\u0142u Szk\u00f3\u0142 w w Karlinie  dla uczni\u00f3w, ich rodzic\u00f3w oraz innych nauczycieli.<\/p>\n\n\n\n<div data-wp-interactive=\"core\/file\" class=\"wp-block-file\"><object data-wp-bind--hidden=\"!state.hasPdfPreview\" hidden class=\"wp-block-file__embed\" data=\"https:\/\/zskarlino.pl\/wp-content\/uploads\/2022\/11\/Harmonogram-dostepnosci-Nauczycieli-ZS-w-Karlinie-od-wrzesnia-2022.pdf\" type=\"application\/pdf\" style=\"width:100%;height:600px\" aria-label=\"Osadzone z Osadzone z Harmonogram-dostepnosci-Nauczycieli-ZS-w-Karlinie-od-wrzesnia-2022..\"><\/object><a href=\"https:\/\/zskarlino.pl\/wp-content\/uploads\/2022\/11\/Harmonogram-dostepnosci-Nauczycieli-ZS-w-Karlinie-od-wrzesnia-2022.pdf\">Harmonogram-dostepnosci-Nauczycieli-ZS-w-Karlinie-od-wrzesnia-2022<\/a><a href=\"https:\/\/zskarlino.pl\/wp-content\/uploads\/2022\/11\/Harmonogram-dostepnosci-Nauczycieli-ZS-w-Karlinie-od-wrzesnia-2022.pdf\" class=\"wp-block-file__button\" download>Pobierz<\/a><\/div>\n","protected":false},"excerpt":{"rendered":"<p>Poni\u017cej Zarz\u0105dzenie Dyrektora Zespo\u0142u Szk\u00f3\u0142 w Karlinie w sprawie organizacji godzin dostepno\u015bci w roku szkolnym 2022\/2023 przez nauczycieli Zespo\u0142u Szk\u00f3\u0142 w w Karlinie dla uczni\u00f3w, ich rodzic\u00f3w oraz innych nauczycieli.<\/p>\n","protected":false},"author":8,"featured_media":0,"comment_status":"closed","ping_status":"closed","sticky":false,"template":"","format":"standard","meta":{"footnotes":""},"categories":[3],"tags":[],"class_list":["post-19504","post","type-post","status-publish","format-standard","hentry","category-wydarzenia","item-wrap"],"_links":{"self":[{"href":"https:\/\/zskarlino.pl\/index.php?rest_route=\/wp\/v2\/posts\/19504","targetHints":{"allow":["GET"]}}],"collection":[{"href":"https:\/\/zskarlino.pl\/index.php?rest_route=\/wp\/v2\/posts"}],"about":[{"href":"https:\/\/zskarlino.pl\/index.php?rest_route=\/wp\/v2\/types\/post"}],"author":[{"embeddable":true,"href":"https:\/\/zskarlino.pl\/index.php?rest_route=\/wp\/v2\/users\/8"}],"replies":[{"embeddable":true,"href":"https:\/\/zskarlino.pl\/index.php?rest_route=%2Fwp%2Fv2%2Fcomments&post=19504"}],"version-history":[{"count":1,"href":"https:\/\/zskarlino.pl\/index.php?rest_route=\/wp\/v2\/posts\/19504\/revisions"}],"predecessor-version":[{"id":19506,"href":"https:\/\/zskarlino.pl\/index.php?rest_route=\/wp\/v2\/posts\/19504\/revisions\/19506"}],"wp:attachment":[{"href":"https:\/\/zskarlino.pl\/index.php?rest_route=%2Fwp%2Fv2%2Fmedia&parent=19504"}],"wp:term":[{"taxonomy":"category","embeddable":true,"href":"https:\/\/zskarlino.pl\/index.php?rest_route=%2Fwp%2Fv2%2Fcategories&post=19504"},{"taxonomy":"post_tag","embeddable":true,"href":"https:\/\/zskarlino.pl\/index.php?rest_route=%2Fwp%2Fv2%2Ftags&post=19504"}],"curies":[{"name":"wp","href":"https:\/\/api.w.org\/{rel}","templated":true}]}}