{"id":19454,"date":"2022-06-20T21:07:00","date_gmt":"2022-06-20T19:07:00","guid":{"rendered":"https:\/\/zskarlino.pl\/?p=19454"},"modified":"2023-05-08T09:44:51","modified_gmt":"2023-05-08T07:44:51","slug":"pomorze-zachodnie-wsparcie-psychologiczno-pedagogiczne","status":"publish","type":"post","link":"https:\/\/zskarlino.pl\/?p=19454","title":{"rendered":"\u201ePOMORZE ZACHODNIE \u2013 WSPARCIE PSYCHOLOGICZNO &#8211; PEDAGOGICZNE\u201d"},"content":{"rendered":"\n<p> Od pa\u017adziernika 2021 Zesp\u00f3\u0142 Szk\u00f3\u0142 w Karlinie realizuje zaj\u0119cia w ramach przyznanego grantu w celu zapewnienia wszechstronnej pomocy psychologiczno-pedagogicznej dla uczni\u00f3w potrzebuj\u0105cych wsparcia- zw\u0142aszcza tych zdolnych z zainteresowaniami i pasjami, dla kt\u00f3rych nie zawsze znajduj\u0105 si\u0119 odpowiednie \u015brodki w bud\u017cetach szko\u0142y.&nbsp;&nbsp;<\/p>\n\n\n\n<p>Teraz przyszed\u0142 czas na podsumowanie naszych dzia\u0142a\u0144. Wsparciem zosta\u0142o obj\u0119tych  59 uczni\u00f3w, kt\u00f3rzy w sumie uczestniczyli w 270 godzinach zaj\u0119\u0107. Liczymy, \u017ce m\u0142odzie\u017c b\u0119dzie niezwykle ciep\u0142o wspomina\u0107 zaj\u0119cia ze swoimi nauczycielami.<\/p>\n\n\n\n<p>\u201eProjekt wsp\u00f3\u0142finansowany przez Uni\u0119 Europejsk\u0105 z Europejskiego Funduszu Spo\u0142ecznego oraz bud\u017cetu pa\u0144stwa w ramach Regionalnego Programu Operacyjnego Wojew\u00f3dztwa Zachodniopomorskiego 2014 \u2013 2020\u201d).<\/p>\n\n\n\n<figure class=\"wp-block-image size-large\"><a href=\"https:\/\/zskarlino.pl\/wp-content\/uploads\/2023\/05\/image-4.png\" rel=\"lightbox[19454]\"><img loading=\"lazy\" decoding=\"async\" width=\"1024\" height=\"102\" src=\"https:\/\/zskarlino.pl\/wp-content\/uploads\/2023\/05\/image-4-1024x102.png\" alt=\"\" class=\"wp-image-19619\" srcset=\"https:\/\/zskarlino.pl\/wp-content\/uploads\/2023\/05\/image-4-1024x102.png 1024w, https:\/\/zskarlino.pl\/wp-content\/uploads\/2023\/05\/image-4-300x30.png 300w, https:\/\/zskarlino.pl\/wp-content\/uploads\/2023\/05\/image-4-768x77.png 768w, https:\/\/zskarlino.pl\/wp-content\/uploads\/2023\/05\/image-4-1536x154.png 1536w, https:\/\/zskarlino.pl\/wp-content\/uploads\/2023\/05\/image-4-2048x205.png 2048w, https:\/\/zskarlino.pl\/wp-content\/uploads\/2023\/05\/image-4-750x75.png 750w\" sizes=\"auto, (max-width: 1024px) 100vw, 1024px\" \/><\/a><\/figure>\n\n\n\n<figure class=\"wp-block-image size-full is-resized\"><a href=\"https:\/\/zskarlino.pl\/wp-content\/uploads\/2022\/10\/image.png\" rel=\"lightbox[19454]\"><img loading=\"lazy\" decoding=\"async\" src=\"https:\/\/zskarlino.pl\/wp-content\/uploads\/2022\/10\/image.png\" alt=\"\" class=\"wp-image-19455\" width=\"845\" height=\"373\" srcset=\"https:\/\/zskarlino.pl\/wp-content\/uploads\/2022\/10\/image.png 598w, https:\/\/zskarlino.pl\/wp-content\/uploads\/2022\/10\/image-300x132.png 300w\" sizes=\"auto, (max-width: 845px) 100vw, 845px\" \/><\/a><figcaption>Tabela: zestawienie rodzaju i ilo\u015bci zaplanowanych godzin oraz uczni\u00f3w do wsparcia&nbsp;w Zespole Szk\u00f3\u0142 w Karlinie<\/figcaption><\/figure>\n\n\n\n<p>Zaj\u0119cia realizowane by\u0142y z wykorzystaniem metod aktywizuj\u0105cych m\u0142odzie\u017c z indywidualnym podej\u015bciem do ucznia oraz z wykorzystaniem posiadanej bazy.&nbsp;<\/p>\n\n\n\n<figure class=\"wp-block-image size-full is-resized\"><a href=\"https:\/\/zskarlino.pl\/wp-content\/uploads\/2022\/10\/image-4.png\" rel=\"lightbox[19454]\"><img loading=\"lazy\" decoding=\"async\" src=\"https:\/\/zskarlino.pl\/wp-content\/uploads\/2022\/10\/image-4.png\" alt=\"\" class=\"wp-image-19459\" width=\"850\" height=\"532\" srcset=\"https:\/\/zskarlino.pl\/wp-content\/uploads\/2022\/10\/image-4.png 630w, https:\/\/zskarlino.pl\/wp-content\/uploads\/2022\/10\/image-4-300x188.png 300w\" sizes=\"auto, (max-width: 850px) 100vw, 850px\" \/><\/a><figcaption>zaj\u0119cia dydaktyczno-wyr\u00f3wnawcze<\/figcaption><\/figure>\n\n\n\n<figure class=\"wp-block-image size-full is-resized\"><a href=\"https:\/\/zskarlino.pl\/wp-content\/uploads\/2022\/10\/image-5.png\" rel=\"lightbox[19454]\"><img loading=\"lazy\" decoding=\"async\" src=\"https:\/\/zskarlino.pl\/wp-content\/uploads\/2022\/10\/image-5.png\" alt=\"\" class=\"wp-image-19460\" width=\"865\" height=\"353\" srcset=\"https:\/\/zskarlino.pl\/wp-content\/uploads\/2022\/10\/image-5.png 606w, https:\/\/zskarlino.pl\/wp-content\/uploads\/2022\/10\/image-5-300x122.png 300w\" sizes=\"auto, (max-width: 865px) 100vw, 865px\" \/><\/a><\/figure>\n\n\n\n<figure class=\"wp-block-image size-full is-resized\"><a href=\"https:\/\/zskarlino.pl\/wp-content\/uploads\/2022\/10\/image-6.png\" rel=\"lightbox[19454]\"><img loading=\"lazy\" decoding=\"async\" src=\"https:\/\/zskarlino.pl\/wp-content\/uploads\/2022\/10\/image-6.png\" alt=\"\" class=\"wp-image-19461\" width=\"837\" height=\"442\" srcset=\"https:\/\/zskarlino.pl\/wp-content\/uploads\/2022\/10\/image-6.png 613w, https:\/\/zskarlino.pl\/wp-content\/uploads\/2022\/10\/image-6-300x159.png 300w\" sizes=\"auto, (max-width: 837px) 100vw, 837px\" \/><\/a><figcaption>zaj\u0119cia rozwijaj\u0105ce zdolno\u015b\u0107 uczenia si\u0119<\/figcaption><\/figure>\n\n\n\n<figure class=\"wp-block-image size-full is-resized\"><a href=\"https:\/\/zskarlino.pl\/wp-content\/uploads\/2022\/10\/image-7.png\" rel=\"lightbox[19454]\"><img loading=\"lazy\" decoding=\"async\" src=\"https:\/\/zskarlino.pl\/wp-content\/uploads\/2022\/10\/image-7.png\" alt=\"\" class=\"wp-image-19462\" width=\"840\" height=\"431\" srcset=\"https:\/\/zskarlino.pl\/wp-content\/uploads\/2022\/10\/image-7.png 949w, https:\/\/zskarlino.pl\/wp-content\/uploads\/2022\/10\/image-7-300x154.png 300w, https:\/\/zskarlino.pl\/wp-content\/uploads\/2022\/10\/image-7-768x394.png 768w, https:\/\/zskarlino.pl\/wp-content\/uploads\/2022\/10\/image-7-750x385.png 750w\" sizes=\"auto, (max-width: 840px) 100vw, 840px\" \/><\/a><\/figure>\n\n\n\n<figure class=\"wp-block-image size-full\"><a href=\"https:\/\/zskarlino.pl\/wp-content\/uploads\/2022\/10\/image-8.png\" rel=\"lightbox[19454]\"><img loading=\"lazy\" decoding=\"async\" width=\"949\" height=\"488\" src=\"https:\/\/zskarlino.pl\/wp-content\/uploads\/2022\/10\/image-8.png\" alt=\"\" class=\"wp-image-19463\" srcset=\"https:\/\/zskarlino.pl\/wp-content\/uploads\/2022\/10\/image-8.png 949w, https:\/\/zskarlino.pl\/wp-content\/uploads\/2022\/10\/image-8-300x154.png 300w, https:\/\/zskarlino.pl\/wp-content\/uploads\/2022\/10\/image-8-768x395.png 768w, https:\/\/zskarlino.pl\/wp-content\/uploads\/2022\/10\/image-8-750x386.png 750w\" sizes=\"auto, (max-width: 949px) 100vw, 949px\" \/><\/a><\/figure>\n\n\n\n<p>Poni\u017cej zdj\u0119cia: zaj\u0119cia realizowane w ramach grantu \u201ePomorze Zachodnie: wsparcie psychologiczno-pedagogiczne\u201d \u2013 zaj\u0119cia rozwijaj\u0105ce zdolno\u015bci<\/p>\n\n\n\n<figure class=\"wp-block-image size-full is-resized\"><a href=\"https:\/\/zskarlino.pl\/wp-content\/uploads\/2022\/10\/image-9.png\" rel=\"lightbox[19454]\"><img loading=\"lazy\" decoding=\"async\" src=\"https:\/\/zskarlino.pl\/wp-content\/uploads\/2022\/10\/image-9.png\" alt=\"\" class=\"wp-image-19464\" width=\"833\" height=\"641\" srcset=\"https:\/\/zskarlino.pl\/wp-content\/uploads\/2022\/10\/image-9.png 658w, https:\/\/zskarlino.pl\/wp-content\/uploads\/2022\/10\/image-9-300x231.png 300w\" sizes=\"auto, (max-width: 833px) 100vw, 833px\" \/><\/a><\/figure>\n\n\n\n<p>Zaj\u0119cia z doradztwa zawodowego<\/p>\n\n\n\n<figure class=\"wp-block-gallery columns-3 is-cropped wp-block-gallery-1 is-layout-flex wp-block-gallery-is-layout-flex\"><ul class=\"blocks-gallery-grid\"><li class=\"blocks-gallery-item\"><figure><a href=\"https:\/\/zskarlino.pl\/wp-content\/uploads\/2022\/10\/20211207_101640-1-scaled.jpg\" rel=\"lightbox[19454]\"><img loading=\"lazy\" decoding=\"async\" width=\"768\" height=\"1024\" src=\"https:\/\/zskarlino.pl\/wp-content\/uploads\/2022\/10\/20211207_101640-1-768x1024.jpg\" alt=\"\" data-id=\"19465\" data-full-url=\"https:\/\/zskarlino.pl\/wp-content\/uploads\/2022\/10\/20211207_101640-1-scaled.jpg\" data-link=\"https:\/\/zskarlino.pl\/?attachment_id=19465\" class=\"wp-image-19465\" srcset=\"https:\/\/zskarlino.pl\/wp-content\/uploads\/2022\/10\/20211207_101640-1-768x1024.jpg 768w, https:\/\/zskarlino.pl\/wp-content\/uploads\/2022\/10\/20211207_101640-1-225x300.jpg 225w, https:\/\/zskarlino.pl\/wp-content\/uploads\/2022\/10\/20211207_101640-1-1152x1536.jpg 1152w, https:\/\/zskarlino.pl\/wp-content\/uploads\/2022\/10\/20211207_101640-1-1536x2048.jpg 1536w, https:\/\/zskarlino.pl\/wp-content\/uploads\/2022\/10\/20211207_101640-1-750x1000.jpg 750w, https:\/\/zskarlino.pl\/wp-content\/uploads\/2022\/10\/20211207_101640-1-scaled.jpg 1920w\" sizes=\"auto, (max-width: 768px) 100vw, 768px\" \/><\/a><\/figure><\/li><li class=\"blocks-gallery-item\"><figure><a href=\"https:\/\/zskarlino.pl\/wp-content\/uploads\/2022\/10\/20211207_101635-1-scaled.jpg\" rel=\"lightbox[19454]\"><img loading=\"lazy\" decoding=\"async\" width=\"768\" height=\"1024\" src=\"https:\/\/zskarlino.pl\/wp-content\/uploads\/2022\/10\/20211207_101635-1-768x1024.jpg\" alt=\"\" data-id=\"19467\" data-full-url=\"https:\/\/zskarlino.pl\/wp-content\/uploads\/2022\/10\/20211207_101635-1-scaled.jpg\" data-link=\"https:\/\/zskarlino.pl\/?attachment_id=19467\" class=\"wp-image-19467\" srcset=\"https:\/\/zskarlino.pl\/wp-content\/uploads\/2022\/10\/20211207_101635-1-768x1024.jpg 768w, https:\/\/zskarlino.pl\/wp-content\/uploads\/2022\/10\/20211207_101635-1-225x300.jpg 225w, https:\/\/zskarlino.pl\/wp-content\/uploads\/2022\/10\/20211207_101635-1-1152x1536.jpg 1152w, https:\/\/zskarlino.pl\/wp-content\/uploads\/2022\/10\/20211207_101635-1-1536x2048.jpg 1536w, https:\/\/zskarlino.pl\/wp-content\/uploads\/2022\/10\/20211207_101635-1-750x1000.jpg 750w, https:\/\/zskarlino.pl\/wp-content\/uploads\/2022\/10\/20211207_101635-1-scaled.jpg 1920w\" sizes=\"auto, (max-width: 768px) 100vw, 768px\" \/><\/a><\/figure><\/li><li class=\"blocks-gallery-item\"><figure><a href=\"https:\/\/zskarlino.pl\/wp-content\/uploads\/2022\/10\/20211207_101633-1-scaled.jpg\" rel=\"lightbox[19454]\"><img loading=\"lazy\" decoding=\"async\" width=\"768\" height=\"1024\" src=\"https:\/\/zskarlino.pl\/wp-content\/uploads\/2022\/10\/20211207_101633-1-768x1024.jpg\" alt=\"\" data-id=\"19468\" data-full-url=\"https:\/\/zskarlino.pl\/wp-content\/uploads\/2022\/10\/20211207_101633-1-scaled.jpg\" data-link=\"https:\/\/zskarlino.pl\/?attachment_id=19468\" class=\"wp-image-19468\" srcset=\"https:\/\/zskarlino.pl\/wp-content\/uploads\/2022\/10\/20211207_101633-1-768x1024.jpg 768w, https:\/\/zskarlino.pl\/wp-content\/uploads\/2022\/10\/20211207_101633-1-225x300.jpg 225w, https:\/\/zskarlino.pl\/wp-content\/uploads\/2022\/10\/20211207_101633-1-1152x1536.jpg 1152w, https:\/\/zskarlino.pl\/wp-content\/uploads\/2022\/10\/20211207_101633-1-1536x2048.jpg 1536w, https:\/\/zskarlino.pl\/wp-content\/uploads\/2022\/10\/20211207_101633-1-750x1000.jpg 750w, https:\/\/zskarlino.pl\/wp-content\/uploads\/2022\/10\/20211207_101633-1-scaled.jpg 1920w\" sizes=\"auto, (max-width: 768px) 100vw, 768px\" \/><\/a><\/figure><\/li><li class=\"blocks-gallery-item\"><figure><a href=\"https:\/\/zskarlino.pl\/wp-content\/uploads\/2022\/10\/20211207_101614-1-scaled.jpg\" rel=\"lightbox[19454]\"><img loading=\"lazy\" decoding=\"async\" width=\"768\" height=\"1024\" src=\"https:\/\/zskarlino.pl\/wp-content\/uploads\/2022\/10\/20211207_101614-1-768x1024.jpg\" alt=\"\" data-id=\"19469\" data-full-url=\"https:\/\/zskarlino.pl\/wp-content\/uploads\/2022\/10\/20211207_101614-1-scaled.jpg\" data-link=\"https:\/\/zskarlino.pl\/?attachment_id=19469\" class=\"wp-image-19469\" srcset=\"https:\/\/zskarlino.pl\/wp-content\/uploads\/2022\/10\/20211207_101614-1-768x1024.jpg 768w, https:\/\/zskarlino.pl\/wp-content\/uploads\/2022\/10\/20211207_101614-1-225x300.jpg 225w, https:\/\/zskarlino.pl\/wp-content\/uploads\/2022\/10\/20211207_101614-1-1152x1536.jpg 1152w, https:\/\/zskarlino.pl\/wp-content\/uploads\/2022\/10\/20211207_101614-1-1536x2048.jpg 1536w, https:\/\/zskarlino.pl\/wp-content\/uploads\/2022\/10\/20211207_101614-1-750x1000.jpg 750w, https:\/\/zskarlino.pl\/wp-content\/uploads\/2022\/10\/20211207_101614-1-scaled.jpg 1920w\" sizes=\"auto, (max-width: 768px) 100vw, 768px\" \/><\/a><\/figure><\/li><li class=\"blocks-gallery-item\"><figure><a href=\"https:\/\/zskarlino.pl\/wp-content\/uploads\/2022\/10\/20211207_101131-1-scaled.jpg\" rel=\"lightbox[19454]\"><img loading=\"lazy\" decoding=\"async\" width=\"768\" height=\"1024\" src=\"https:\/\/zskarlino.pl\/wp-content\/uploads\/2022\/10\/20211207_101131-1-768x1024.jpg\" alt=\"\" data-id=\"19470\" data-full-url=\"https:\/\/zskarlino.pl\/wp-content\/uploads\/2022\/10\/20211207_101131-1-scaled.jpg\" data-link=\"https:\/\/zskarlino.pl\/?attachment_id=19470\" class=\"wp-image-19470\" srcset=\"https:\/\/zskarlino.pl\/wp-content\/uploads\/2022\/10\/20211207_101131-1-768x1024.jpg 768w, https:\/\/zskarlino.pl\/wp-content\/uploads\/2022\/10\/20211207_101131-1-225x300.jpg 225w, https:\/\/zskarlino.pl\/wp-content\/uploads\/2022\/10\/20211207_101131-1-1152x1536.jpg 1152w, https:\/\/zskarlino.pl\/wp-content\/uploads\/2022\/10\/20211207_101131-1-1536x2048.jpg 1536w, https:\/\/zskarlino.pl\/wp-content\/uploads\/2022\/10\/20211207_101131-1-750x1000.jpg 750w, https:\/\/zskarlino.pl\/wp-content\/uploads\/2022\/10\/20211207_101131-1-scaled.jpg 1920w\" sizes=\"auto, (max-width: 768px) 100vw, 768px\" \/><\/a><\/figure><\/li><li class=\"blocks-gallery-item\"><figure><a href=\"https:\/\/zskarlino.pl\/wp-content\/uploads\/2022\/10\/20211207_101010-1-scaled.jpg\" rel=\"lightbox[19454]\"><img loading=\"lazy\" decoding=\"async\" width=\"768\" height=\"1024\" src=\"https:\/\/zskarlino.pl\/wp-content\/uploads\/2022\/10\/20211207_101010-1-768x1024.jpg\" alt=\"\" data-id=\"19471\" data-full-url=\"https:\/\/zskarlino.pl\/wp-content\/uploads\/2022\/10\/20211207_101010-1-scaled.jpg\" data-link=\"https:\/\/zskarlino.pl\/?attachment_id=19471\" class=\"wp-image-19471\" srcset=\"https:\/\/zskarlino.pl\/wp-content\/uploads\/2022\/10\/20211207_101010-1-768x1024.jpg 768w, https:\/\/zskarlino.pl\/wp-content\/uploads\/2022\/10\/20211207_101010-1-225x300.jpg 225w, https:\/\/zskarlino.pl\/wp-content\/uploads\/2022\/10\/20211207_101010-1-1152x1536.jpg 1152w, https:\/\/zskarlino.pl\/wp-content\/uploads\/2022\/10\/20211207_101010-1-1536x2048.jpg 1536w, https:\/\/zskarlino.pl\/wp-content\/uploads\/2022\/10\/20211207_101010-1-750x1000.jpg 750w, https:\/\/zskarlino.pl\/wp-content\/uploads\/2022\/10\/20211207_101010-1-scaled.jpg 1920w\" sizes=\"auto, (max-width: 768px) 100vw, 768px\" \/><\/a><\/figure><\/li><li class=\"blocks-gallery-item\"><figure><a href=\"https:\/\/zskarlino.pl\/wp-content\/uploads\/2022\/10\/20211207_101004-1-scaled.jpg\" rel=\"lightbox[19454]\"><img loading=\"lazy\" decoding=\"async\" width=\"768\" height=\"1024\" src=\"https:\/\/zskarlino.pl\/wp-content\/uploads\/2022\/10\/20211207_101004-1-768x1024.jpg\" alt=\"\" data-id=\"19473\" data-full-url=\"https:\/\/zskarlino.pl\/wp-content\/uploads\/2022\/10\/20211207_101004-1-scaled.jpg\" data-link=\"https:\/\/zskarlino.pl\/?attachment_id=19473\" class=\"wp-image-19473\" srcset=\"https:\/\/zskarlino.pl\/wp-content\/uploads\/2022\/10\/20211207_101004-1-768x1024.jpg 768w, https:\/\/zskarlino.pl\/wp-content\/uploads\/2022\/10\/20211207_101004-1-225x300.jpg 225w, https:\/\/zskarlino.pl\/wp-content\/uploads\/2022\/10\/20211207_101004-1-1152x1536.jpg 1152w, https:\/\/zskarlino.pl\/wp-content\/uploads\/2022\/10\/20211207_101004-1-1536x2048.jpg 1536w, https:\/\/zskarlino.pl\/wp-content\/uploads\/2022\/10\/20211207_101004-1-750x1000.jpg 750w, https:\/\/zskarlino.pl\/wp-content\/uploads\/2022\/10\/20211207_101004-1-scaled.jpg 1920w\" sizes=\"auto, (max-width: 768px) 100vw, 768px\" \/><\/a><\/figure><\/li><li class=\"blocks-gallery-item\"><figure><a href=\"blob:https:\/\/zskarlino.pl\/029c077d-f78f-4c14-ab49-2f31e18f23c1\"><img decoding=\"async\" src=\"blob:https:\/\/zskarlino.pl\/029c077d-f78f-4c14-ab49-2f31e18f23c1\" data-id=\"\"\/><\/a><\/figure><\/li><\/ul><\/figure>\n","protected":false},"excerpt":{"rendered":"<p>Od pa\u017adziernika 2021 Zesp\u00f3\u0142 Szk\u00f3\u0142 w Karlinie realizuje zaj\u0119cia w ramach przyznanego grantu w celu zapewnienia wszechstronnej pomocy psychologiczno-pedagogicznej dla uczni\u00f3w potrzebuj\u0105cych wsparcia- zw\u0142aszcza tych zdolnych z zainteresowaniami i pasjami, dla kt\u00f3rych nie zawsze znajduj\u0105 si\u0119 odpowiednie \u015brodki w bud\u017cetach szko\u0142y.&nbsp;&nbsp; Teraz przyszed\u0142 czas na podsumowanie naszych dzia\u0142a\u0144. Wsparciem zosta\u0142o obj\u0119tych 59 uczni\u00f3w, kt\u00f3rzy w &hellip; <\/p>\n<p><a class=\"more-link btn\" href=\"https:\/\/zskarlino.pl\/?p=19454\">Czytaj dalej<\/a><\/p>\n","protected":false},"author":8,"featured_media":0,"comment_status":"closed","ping_status":"closed","sticky":false,"template":"","format":"standard","meta":{"footnotes":""},"categories":[3],"tags":[],"class_list":["post-19454","post","type-post","status-publish","format-standard","hentry","category-wydarzenia","item-wrap"],"_links":{"self":[{"href":"https:\/\/zskarlino.pl\/index.php?rest_route=\/wp\/v2\/posts\/19454","targetHints":{"allow":["GET"]}}],"collection":[{"href":"https:\/\/zskarlino.pl\/index.php?rest_route=\/wp\/v2\/posts"}],"about":[{"href":"https:\/\/zskarlino.pl\/index.php?rest_route=\/wp\/v2\/types\/post"}],"author":[{"embeddable":true,"href":"https:\/\/zskarlino.pl\/index.php?rest_route=\/wp\/v2\/users\/8"}],"replies":[{"embeddable":true,"href":"https:\/\/zskarlino.pl\/index.php?rest_route=%2Fwp%2Fv2%2Fcomments&post=19454"}],"version-history":[{"count":3,"href":"https:\/\/zskarlino.pl\/index.php?rest_route=\/wp\/v2\/posts\/19454\/revisions"}],"predecessor-version":[{"id":19620,"href":"https:\/\/zskarlino.pl\/index.php?rest_route=\/wp\/v2\/posts\/19454\/revisions\/19620"}],"wp:attachment":[{"href":"https:\/\/zskarlino.pl\/index.php?rest_route=%2Fwp%2Fv2%2Fmedia&parent=19454"}],"wp:term":[{"taxonomy":"category","embeddable":true,"href":"https:\/\/zskarlino.pl\/index.php?rest_route=%2Fwp%2Fv2%2Fcategories&post=19454"},{"taxonomy":"post_tag","embeddable":true,"href":"https:\/\/zskarlino.pl\/index.php?rest_route=%2Fwp%2Fv2%2Ftags&post=19454"}],"curies":[{"name":"wp","href":"https:\/\/api.w.org\/{rel}","templated":true}]}}