{"id":19438,"date":"2022-09-23T13:47:00","date_gmt":"2022-09-23T11:47:00","guid":{"rendered":"https:\/\/zskarlino.pl\/?p=19438"},"modified":"2022-09-27T11:22:51","modified_gmt":"2022-09-27T09:22:51","slug":"realizacja-projektu-edukacyjnego-razem-w-zawodowa-przyszlosc-bis-wizyta-w-firmie-z-branzy-poligraficznej","status":"publish","type":"post","link":"https:\/\/zskarlino.pl\/?p=19438","title":{"rendered":"Realizacja projektu edukacyjnego: &#8222;Razem w Zawodow\u0105 Przysz\u0142o\u015b\u0107-BIS!&#8221; Wizyta w Firmie z bran\u017cy Poligraficznej"},"content":{"rendered":"\n<p>WYCIECZKA ZAWODOZNAWCZA DO FABRYKI OPAKOWA\u0143 W BONINIE<\/p>\n\n\n\n<p>Uczniowie klas czwartych Technikum w Karlinie mieli mo\u017cliwo\u015b\u0107 utrwalenia wiadomo\u015bci o druku offsetowym arkuszowym. Z bliska obejrzeli\u015bmy ca\u0142y proces powstania opakowania, od przygotowania stosu arkuszy do powstania gotowego wyrobu.<\/p>\n\n\n\n<p>Filip Lenkiewicz i Filip Wi\u0119c\u0142awski samodzielnie za pomoc\u0105 tzw. paleciaka pomagali w utworzeniu stosu arkuszy do druku, uczestniczyli w etapie mocowania obci\u0105gu gumowego, a Anastasiia mia\u0142a okazj\u0119 na\u0142o\u017cenia farby na wa\u0142ek. Z bliska mogli\u015bmy obejrze\u0107 procesy sztancowania i kaszerowania. Na pewno uczniom ju\u017c nie pomyl\u0105 si\u0119 te poj\u0119cia.<\/p>\n\n\n\n<p>Wra\u017cenie zrobi\u0142y na nas du\u017ce hale produkcyjne i przestrzenie magazynowe, w kt\u00f3rych znajdowa\u0142y si\u0119 maszyny i materia\u0142y. Park maszynowy w fabryce sk\u0142ada si\u0119 z urz\u0105dze\u0144 renomowanych firm ROLAND, BOBST i SLOTER. W fabryce mogli\u015bmy ogl\u0105da\u0107 maszyn\u0119 offsetow\u0105 sk\u0142adaj\u0105c\u0105 si\u0119 z sze\u015bciu agregat\u00f3w. Pan drukarz Mariusz Sadowski pokaza\u0142 nam jej elementy, mogli\u015bmy wskaza\u0107 wa\u0142ki farbowe i wodne. Dowiedzieli\u015bmy si\u0119, \u017ce aby spasowa\u0107 ze sob\u0105 wszelkie punktury formatowe do odrzutu na makulatur\u0119 przeznaczonych jest a\u017c 300 sztuk arkuszy.<\/p>\n\n\n\n<p>Bardzo dzi\u0119kujemy Pa\u0144stwu Alinie i W\u0142adys\u0142awowi Pyrka za pomoce dydaktyczne, kt\u00f3re otrzymali\u015bmy: wydruki arkuszy, blachy, wykrojniki i opakowania w formie gotowego wyrobu poligraficznego.<\/p>\n\n\n\n<figure class=\"wp-block-gallery columns-3 is-cropped wp-block-gallery-1 is-layout-flex wp-block-gallery-is-layout-flex\"><ul class=\"blocks-gallery-grid\"><li class=\"blocks-gallery-item\"><figure><a href=\"https:\/\/zskarlino.pl\/wp-content\/uploads\/2022\/09\/20220921_090331-rotated.jpg\" rel=\"lightbox[19438]\"><img loading=\"lazy\" decoding=\"async\" width=\"768\" height=\"1024\" src=\"https:\/\/zskarlino.pl\/wp-content\/uploads\/2022\/09\/20220921_090331-768x1024.jpg\" alt=\"\" data-id=\"19439\" data-full-url=\"https:\/\/zskarlino.pl\/wp-content\/uploads\/2022\/09\/20220921_090331-rotated.jpg\" data-link=\"https:\/\/zskarlino.pl\/?attachment_id=19439\" class=\"wp-image-19439\" srcset=\"https:\/\/zskarlino.pl\/wp-content\/uploads\/2022\/09\/20220921_090331-768x1024.jpg 768w, https:\/\/zskarlino.pl\/wp-content\/uploads\/2022\/09\/20220921_090331-225x300.jpg 225w, https:\/\/zskarlino.pl\/wp-content\/uploads\/2022\/09\/20220921_090331-1152x1536.jpg 1152w, https:\/\/zskarlino.pl\/wp-content\/uploads\/2022\/09\/20220921_090331-750x1000.jpg 750w, https:\/\/zskarlino.pl\/wp-content\/uploads\/2022\/09\/20220921_090331-rotated.jpg 1512w\" sizes=\"auto, (max-width: 768px) 100vw, 768px\" \/><\/a><\/figure><\/li><li class=\"blocks-gallery-item\"><figure><a href=\"https:\/\/zskarlino.pl\/wp-content\/uploads\/2022\/09\/20220921_101145-rotated.jpg\" rel=\"lightbox[19438]\"><img loading=\"lazy\" decoding=\"async\" width=\"768\" height=\"1024\" src=\"https:\/\/zskarlino.pl\/wp-content\/uploads\/2022\/09\/20220921_101145-768x1024.jpg\" alt=\"\" data-id=\"19440\" data-full-url=\"https:\/\/zskarlino.pl\/wp-content\/uploads\/2022\/09\/20220921_101145-rotated.jpg\" data-link=\"https:\/\/zskarlino.pl\/?attachment_id=19440\" class=\"wp-image-19440\" srcset=\"https:\/\/zskarlino.pl\/wp-content\/uploads\/2022\/09\/20220921_101145-768x1024.jpg 768w, https:\/\/zskarlino.pl\/wp-content\/uploads\/2022\/09\/20220921_101145-225x300.jpg 225w, https:\/\/zskarlino.pl\/wp-content\/uploads\/2022\/09\/20220921_101145-1152x1536.jpg 1152w, https:\/\/zskarlino.pl\/wp-content\/uploads\/2022\/09\/20220921_101145-750x1000.jpg 750w, https:\/\/zskarlino.pl\/wp-content\/uploads\/2022\/09\/20220921_101145-rotated.jpg 1512w\" sizes=\"auto, (max-width: 768px) 100vw, 768px\" \/><\/a><\/figure><\/li><li class=\"blocks-gallery-item\"><figure><a href=\"https:\/\/zskarlino.pl\/wp-content\/uploads\/2022\/09\/20220921_101343-rotated.jpg\" rel=\"lightbox[19438]\"><img loading=\"lazy\" decoding=\"async\" width=\"768\" height=\"1024\" src=\"https:\/\/zskarlino.pl\/wp-content\/uploads\/2022\/09\/20220921_101343-768x1024.jpg\" alt=\"\" data-id=\"19441\" data-full-url=\"https:\/\/zskarlino.pl\/wp-content\/uploads\/2022\/09\/20220921_101343-rotated.jpg\" data-link=\"https:\/\/zskarlino.pl\/?attachment_id=19441\" class=\"wp-image-19441\" srcset=\"https:\/\/zskarlino.pl\/wp-content\/uploads\/2022\/09\/20220921_101343-768x1024.jpg 768w, https:\/\/zskarlino.pl\/wp-content\/uploads\/2022\/09\/20220921_101343-225x300.jpg 225w, https:\/\/zskarlino.pl\/wp-content\/uploads\/2022\/09\/20220921_101343-1152x1536.jpg 1152w, https:\/\/zskarlino.pl\/wp-content\/uploads\/2022\/09\/20220921_101343-750x1000.jpg 750w, https:\/\/zskarlino.pl\/wp-content\/uploads\/2022\/09\/20220921_101343-rotated.jpg 1512w\" sizes=\"auto, (max-width: 768px) 100vw, 768px\" \/><\/a><\/figure><\/li><li class=\"blocks-gallery-item\"><figure><a href=\"https:\/\/zskarlino.pl\/wp-content\/uploads\/2022\/09\/20220921_112834-rotated.jpg\" rel=\"lightbox[19438]\"><img loading=\"lazy\" decoding=\"async\" width=\"768\" height=\"1024\" src=\"https:\/\/zskarlino.pl\/wp-content\/uploads\/2022\/09\/20220921_112834-768x1024.jpg\" alt=\"\" data-id=\"19442\" data-full-url=\"https:\/\/zskarlino.pl\/wp-content\/uploads\/2022\/09\/20220921_112834-rotated.jpg\" data-link=\"https:\/\/zskarlino.pl\/?attachment_id=19442\" class=\"wp-image-19442\" srcset=\"https:\/\/zskarlino.pl\/wp-content\/uploads\/2022\/09\/20220921_112834-768x1024.jpg 768w, https:\/\/zskarlino.pl\/wp-content\/uploads\/2022\/09\/20220921_112834-225x300.jpg 225w, https:\/\/zskarlino.pl\/wp-content\/uploads\/2022\/09\/20220921_112834-1152x1536.jpg 1152w, https:\/\/zskarlino.pl\/wp-content\/uploads\/2022\/09\/20220921_112834-750x1000.jpg 750w, https:\/\/zskarlino.pl\/wp-content\/uploads\/2022\/09\/20220921_112834-rotated.jpg 1512w\" sizes=\"auto, (max-width: 768px) 100vw, 768px\" \/><\/a><\/figure><\/li><li class=\"blocks-gallery-item\"><figure><a href=\"https:\/\/zskarlino.pl\/wp-content\/uploads\/2022\/09\/20220921_115831-rotated.jpg\" rel=\"lightbox[19438]\"><img loading=\"lazy\" decoding=\"async\" width=\"768\" height=\"1024\" src=\"https:\/\/zskarlino.pl\/wp-content\/uploads\/2022\/09\/20220921_115831-768x1024.jpg\" alt=\"\" data-id=\"19443\" data-full-url=\"https:\/\/zskarlino.pl\/wp-content\/uploads\/2022\/09\/20220921_115831-rotated.jpg\" data-link=\"https:\/\/zskarlino.pl\/?attachment_id=19443\" class=\"wp-image-19443\" srcset=\"https:\/\/zskarlino.pl\/wp-content\/uploads\/2022\/09\/20220921_115831-768x1024.jpg 768w, https:\/\/zskarlino.pl\/wp-content\/uploads\/2022\/09\/20220921_115831-225x300.jpg 225w, https:\/\/zskarlino.pl\/wp-content\/uploads\/2022\/09\/20220921_115831-1152x1536.jpg 1152w, https:\/\/zskarlino.pl\/wp-content\/uploads\/2022\/09\/20220921_115831-750x1000.jpg 750w, https:\/\/zskarlino.pl\/wp-content\/uploads\/2022\/09\/20220921_115831-rotated.jpg 1512w\" sizes=\"auto, (max-width: 768px) 100vw, 768px\" \/><\/a><\/figure><\/li><\/ul><figcaption class=\"blocks-gallery-caption\">Uczniowie podczas zwiedzania oraz zaj\u0119\u0107 w firmie z bran\u017cy<\/figcaption><\/figure>\n","protected":false},"excerpt":{"rendered":"<p>WYCIECZKA ZAWODOZNAWCZA DO FABRYKI OPAKOWA\u0143 W BONINIE Uczniowie klas czwartych Technikum w Karlinie mieli mo\u017cliwo\u015b\u0107 utrwalenia wiadomo\u015bci o druku offsetowym arkuszowym. Z bliska obejrzeli\u015bmy ca\u0142y proces powstania opakowania, od przygotowania stosu arkuszy do powstania gotowego wyrobu. Filip Lenkiewicz i Filip Wi\u0119c\u0142awski samodzielnie za pomoc\u0105 tzw. paleciaka pomagali w utworzeniu stosu arkuszy do druku, uczestniczyli w &hellip; <\/p>\n<p><a class=\"more-link btn\" href=\"https:\/\/zskarlino.pl\/?p=19438\">Czytaj dalej<\/a><\/p>\n","protected":false},"author":8,"featured_media":0,"comment_status":"closed","ping_status":"closed","sticky":false,"template":"","format":"standard","meta":{"footnotes":""},"categories":[3],"tags":[],"class_list":["post-19438","post","type-post","status-publish","format-standard","hentry","category-wydarzenia","item-wrap"],"_links":{"self":[{"href":"https:\/\/zskarlino.pl\/index.php?rest_route=\/wp\/v2\/posts\/19438","targetHints":{"allow":["GET"]}}],"collection":[{"href":"https:\/\/zskarlino.pl\/index.php?rest_route=\/wp\/v2\/posts"}],"about":[{"href":"https:\/\/zskarlino.pl\/index.php?rest_route=\/wp\/v2\/types\/post"}],"author":[{"embeddable":true,"href":"https:\/\/zskarlino.pl\/index.php?rest_route=\/wp\/v2\/users\/8"}],"replies":[{"embeddable":true,"href":"https:\/\/zskarlino.pl\/index.php?rest_route=%2Fwp%2Fv2%2Fcomments&post=19438"}],"version-history":[{"count":1,"href":"https:\/\/zskarlino.pl\/index.php?rest_route=\/wp\/v2\/posts\/19438\/revisions"}],"predecessor-version":[{"id":19444,"href":"https:\/\/zskarlino.pl\/index.php?rest_route=\/wp\/v2\/posts\/19438\/revisions\/19444"}],"wp:attachment":[{"href":"https:\/\/zskarlino.pl\/index.php?rest_route=%2Fwp%2Fv2%2Fmedia&parent=19438"}],"wp:term":[{"taxonomy":"category","embeddable":true,"href":"https:\/\/zskarlino.pl\/index.php?rest_route=%2Fwp%2Fv2%2Fcategories&post=19438"},{"taxonomy":"post_tag","embeddable":true,"href":"https:\/\/zskarlino.pl\/index.php?rest_route=%2Fwp%2Fv2%2Ftags&post=19438"}],"curies":[{"name":"wp","href":"https:\/\/api.w.org\/{rel}","templated":true}]}}