{"id":19424,"date":"2022-09-19T17:23:00","date_gmt":"2022-09-19T15:23:00","guid":{"rendered":"https:\/\/zskarlino.pl\/?p=19424"},"modified":"2022-09-20T17:40:32","modified_gmt":"2022-09-20T15:40:32","slug":"19424","status":"publish","type":"post","link":"https:\/\/zskarlino.pl\/?p=19424","title":{"rendered":"Dodatkowy nab\u00f3r do projektu grantowego &#8222;Granty PPGR &#8211; Wsparcie dzieci z rodzin pegeerowskich w rozwoju cyfrowym&#8221;"},"content":{"rendered":"\n<p>Wa\u017cna informacja z Zak\u0142adu O\u015bwiaty w Karlinie<\/p>\n\n\n\n<figure class=\"wp-block-image size-full\"><a href=\"https:\/\/zskarlino.pl\/wp-content\/uploads\/2022\/09\/image-5.png\" rel=\"lightbox[19424]\"><img loading=\"lazy\" decoding=\"async\" width=\"974\" height=\"498\" src=\"https:\/\/zskarlino.pl\/wp-content\/uploads\/2022\/09\/image-5.png\" alt=\"\" class=\"wp-image-19425\" srcset=\"https:\/\/zskarlino.pl\/wp-content\/uploads\/2022\/09\/image-5.png 974w, https:\/\/zskarlino.pl\/wp-content\/uploads\/2022\/09\/image-5-300x153.png 300w, https:\/\/zskarlino.pl\/wp-content\/uploads\/2022\/09\/image-5-768x393.png 768w, https:\/\/zskarlino.pl\/wp-content\/uploads\/2022\/09\/image-5-750x383.png 750w\" sizes=\"auto, (max-width: 974px) 100vw, 974px\" \/><\/a><\/figure>\n\n\n\n<p><\/p>\n\n\n\n<p>W wyniku oszcz\u0119dno\u015bci powsta\u0142ych w post\u0119powaniu przetargowym og\u0142aszam nab\u00f3r wniosk\u00f3w o przyznanie wsparcia\u00a0\u00a0 <strong>dla 22 uczni\u00f3w<\/strong>\u00a0\u00a0w ramach projektu \u201eGranty PPGR &#8211; Wsparcie dzieci z rodzin pegeerowskich\u00a0 w rozwoju cyfrowym\u201d, kt\u00f3rego celem jest wsparcie rodzin by\u0142ych pracownik\u00f3w PPGR\u00a0\u00a0 z dzie\u0107mi w zakresie dost\u0119pu do sprz\u0119tu komputerowego oraz dost\u0119pu do Internetu.\u00a0<\/p>\n\n\n\n<p>Z programu mog\u0105 skorzysta\u0107 dzieci i m\u0142odzie\u017c ucz\u0105ce si\u0119 w szko\u0142ach podstawowych (w tym klasy \u201e0\u201d w szko\u0142ach wiejskich realizuj\u0105ce obowi\u0105zek rocznego przygotowania szkolnego) i ponadpodstawowych, zamieszkuj\u0105ce na terenie Miasta i Gminy Karlino,<strong> kt\u00f3re spe\u0142ni\u0105 \u0142\u0105cznie 3 warunki wskazane w o\u015bwiadczeniu, tj.:<\/strong>&nbsp;<\/p>\n\n\n\n<ol class=\"wp-block-list\"><li>dziecko zamieszkuje miejscowo\u015b\u0107 lub gmin\u0119, w kt\u00f3rej funkcjonowa\u0142o niegdy\u015b zlikwidowane pa\u0144stwowe przedsi\u0119biorstwo gospodarki rolnej,&nbsp;<\/li><\/ol>\n\n\n\n<ol class=\"wp-block-list\" start=\"2\"><li>dziecko wskazane w o\u015bwiadczeniu jest cz\u0142onkiem rodziny (krewnym w linii prostej, tj. rodzicie, dziadkowie, pradziadkowie\/opiekunem prawnym) Pani\/Pana, kt\u00f3ry\u202f to pracowa\u0142 niegdy\u015b w zlikwidowanym pa\u0144stwowym przedsi\u0119biorstwie gospodarki rolnej i zamieszkiwa\u0142\u00a0\u00a0w miejscowo\u015bci lub gminie obj\u0119tej PPGR,\u00a0<\/li><\/ol>\n\n\n\n<ol class=\"wp-block-list\" start=\"3\"><li>dziecko wskazane w o\u015bwiadczeniu nie otrzyma\u0142o na w\u0142asno\u015b\u0107 lub w drodze u\u017cyczenia, w ostatnim roku oraz roku poprzedzaj\u0105cym rok z\u0142o\u017cenia przedmiotowego wniosku (tj. w roku 2020 i 2021), sprz\u0119tu komputerowego zakupionego ze \u015brodk\u00f3w publicznych lub \u015brodk\u00f3w organizacji pozarz\u0105dowych lub zwrotu koszt\u00f3w,&nbsp; lub dofinansowania zakupu tych rzeczy.&nbsp;<\/li><\/ol>\n\n\n\n<p><strong>Wymagane dokumenty:<\/strong>&nbsp;<\/p>\n\n\n\n<ol class=\"wp-block-list\"><li>O\u015bwiadczenie dla rodzica\/opiekuna prawnego.&nbsp;<\/li><\/ol>\n\n\n\n<ol class=\"wp-block-list\" start=\"2\"><li>O\u015bwiadczenie dla pe\u0142noletniego ucznia.&nbsp;<\/li><\/ol>\n\n\n\n<ol class=\"wp-block-list\" start=\"3\"><li>Zgoda na przetwarzanie danych osobowych.&nbsp;<\/li><\/ol>\n\n\n\n<ol class=\"wp-block-list\" start=\"4\"><li>Formularz uzupe\u0142niaj\u0105cy&nbsp;<\/li><\/ol>\n\n\n\n<ol class=\"wp-block-list\" start=\"5\"><li>Dokumentacja&nbsp; potwierdzaj\u0105ca fakt zatrudnienia cz\u0142onka rodziny w linii prostej(rodzice, dziadkowie, pradziadkowie, opiekunowie prawni) w gminie obj\u0119tej PPGR (kserokopia \u015bwiadectwa pracy, ksi\u0105\u017ceczki\/legitymacji ubezpieczeniowej z piecz\u0105tkami zak\u0142adu pracy, za\u015bwiadczenie ZUS, za\u015bwiadczenie KOWR itp.)&nbsp;<\/li><\/ol>\n\n\n\n<ol class=\"wp-block-list\" start=\"6\"><li>Dokumentacja potwierdzaj\u0105ca pokrewie\u0144stwo ucznia z osob\u0105 wskazan\u0105 we wniosku jako krewny w linii prostej (odpisy akt\u00f3w stanu cywilnego).&nbsp;<\/li><\/ol>\n\n\n\n<ol class=\"wp-block-list\" start=\"7\"><li>Potwierdzenie zamieszkania w miejscowo\u015bci obj\u0119tej PPGR cz\u0142onka rodziny, kt\u00f3ry by\u0142 zatrudniony niegdy\u015b w zlikwidowanym pa\u0144stwowym przedsi\u0119biorstwie gospodarki rolnej.&nbsp;<\/li><\/ol>\n\n\n\n<p><strong>Dokumenty nale\u017cy z\u0142o\u017cy\u0107 do 30 wrze\u015bnia 2022r do godz. 13:00&nbsp;&nbsp;<\/strong> w wersji papierowej do Zak\u0142adu O\u015bwiaty w Karlinie, ul. Szymanowskiego 17.&nbsp;&nbsp;&nbsp;&nbsp;&nbsp;&nbsp;&nbsp;&nbsp;&nbsp;&nbsp;&nbsp;&nbsp;&nbsp;&nbsp;&nbsp;&nbsp;&nbsp;<\/p>\n\n\n\n<p>Informacje o programie mo\u017cna uzyska\u0107 pod nr telefonu: 94\u202f311 77 80&nbsp;<\/p>\n\n\n\n<p><strong>UWAGA! Decyduje kolejno\u015b\u0107 zg\u0142osze\u0144.<\/strong>\u00a0<\/p>\n\n\n\n<div data-wp-interactive=\"core\/file\" class=\"wp-block-file\"><object data-wp-bind--hidden=\"!state.hasPdfPreview\" hidden class=\"wp-block-file__embed\" data=\"https:\/\/zskarlino.pl\/wp-content\/uploads\/2022\/09\/Zalacznik-nr-1-Oswiadczenie_rodzica-opiekuna-prawnego.pdf\" type=\"application\/pdf\" style=\"width:100%;height:600px\" aria-label=\"Osadzone z Osadzone z Za\u0142\u0105cznikk-nr-1-Oswiadczenie_rodzica-opiekuna-prawnego..\"><\/object><a href=\"https:\/\/zskarlino.pl\/wp-content\/uploads\/2022\/09\/Zalacznik-nr-1-Oswiadczenie_rodzica-opiekuna-prawnego.pdf\">Za\u0142\u0105cznikk-nr-1-Oswiadczenie_rodzica-opiekuna-prawnego<\/a><a href=\"https:\/\/zskarlino.pl\/wp-content\/uploads\/2022\/09\/Zalacznik-nr-1-Oswiadczenie_rodzica-opiekuna-prawnego.pdf\" class=\"wp-block-file__button\" download>Pobierz<\/a><\/div>\n\n\n\n<div data-wp-interactive=\"core\/file\" class=\"wp-block-file\"><object data-wp-bind--hidden=\"!state.hasPdfPreview\" hidden class=\"wp-block-file__embed\" data=\"https:\/\/zskarlino.pl\/wp-content\/uploads\/2022\/09\/Zalacznik-nr-2-Oswiadczenie-osoby-skladajacej-oswiadczenie-we-wlasnym-imieniu_-1.pdf\" type=\"application\/pdf\" style=\"width:100%;height:600px\" aria-label=\"Osadzone z Osadzone z Zalacznik-nr-2-Oswiadczenie-osoby-skladajacej-oswiadczenie-we-wlasnym-imieniu_-1..\"><\/object><a href=\"https:\/\/zskarlino.pl\/wp-content\/uploads\/2022\/09\/Zalacznik-nr-2-Oswiadczenie-osoby-skladajacej-oswiadczenie-we-wlasnym-imieniu_-1.pdf\">Zalacznik-nr-2-Oswiadczenie-osoby-skladajacej-oswiadczenie-we-wlasnym-imieniu_-1<\/a><a href=\"https:\/\/zskarlino.pl\/wp-content\/uploads\/2022\/09\/Zalacznik-nr-2-Oswiadczenie-osoby-skladajacej-oswiadczenie-we-wlasnym-imieniu_-1.pdf\" class=\"wp-block-file__button\" download>Pobierz<\/a><\/div>\n\n\n\n<div data-wp-interactive=\"core\/file\" class=\"wp-block-file\"><object data-wp-bind--hidden=\"!state.hasPdfPreview\" hidden class=\"wp-block-file__embed\" data=\"https:\/\/zskarlino.pl\/wp-content\/uploads\/2022\/09\/Zalacznik-nr-3-Zgoda-na-przetwarzanie-danych-grant.pdf\" type=\"application\/pdf\" style=\"width:100%;height:600px\" aria-label=\"Osadzone z Osadzone z Zalacznik-nr-3-Zgoda-na-przetwarzanie-danych-grant..\"><\/object><a href=\"https:\/\/zskarlino.pl\/wp-content\/uploads\/2022\/09\/Zalacznik-nr-3-Zgoda-na-przetwarzanie-danych-grant.pdf\">Zalacznik-nr-3-Zgoda-na-przetwarzanie-danych-grant<\/a><a href=\"https:\/\/zskarlino.pl\/wp-content\/uploads\/2022\/09\/Zalacznik-nr-3-Zgoda-na-przetwarzanie-danych-grant.pdf\" class=\"wp-block-file__button\" download>Pobierz<\/a><\/div>\n\n\n\n<div data-wp-interactive=\"core\/file\" class=\"wp-block-file\"><object data-wp-bind--hidden=\"!state.hasPdfPreview\" hidden class=\"wp-block-file__embed\" data=\"https:\/\/zskarlino.pl\/wp-content\/uploads\/2022\/09\/Zalacznik-nr-4-Formularz-uzupelniajacy-.pdf\" type=\"application\/pdf\" style=\"width:100%;height:600px\" aria-label=\"Osadzone z Osadzone z Zalacznik-nr-4-Formularz-uzupelniajacy-..\"><\/object><a href=\"https:\/\/zskarlino.pl\/wp-content\/uploads\/2022\/09\/Zalacznik-nr-4-Formularz-uzupelniajacy-.pdf\">Zalacznik-nr-4-Formularz-uzupelniajacy-<\/a><a href=\"https:\/\/zskarlino.pl\/wp-content\/uploads\/2022\/09\/Zalacznik-nr-4-Formularz-uzupelniajacy-.pdf\" class=\"wp-block-file__button\" download>Pobierz<\/a><\/div>\n","protected":false},"excerpt":{"rendered":"<p>Wa\u017cna informacja z Zak\u0142adu O\u015bwiaty w Karlinie W wyniku oszcz\u0119dno\u015bci powsta\u0142ych w post\u0119powaniu przetargowym og\u0142aszam nab\u00f3r wniosk\u00f3w o przyznanie wsparcia\u00a0\u00a0 dla 22 uczni\u00f3w\u00a0\u00a0w ramach projektu \u201eGranty PPGR &#8211; Wsparcie dzieci z rodzin pegeerowskich\u00a0 w rozwoju cyfrowym\u201d, kt\u00f3rego celem jest wsparcie rodzin by\u0142ych pracownik\u00f3w PPGR\u00a0\u00a0 z dzie\u0107mi w zakresie dost\u0119pu do sprz\u0119tu komputerowego oraz dost\u0119pu do &hellip; <\/p>\n<p><a class=\"more-link btn\" href=\"https:\/\/zskarlino.pl\/?p=19424\">Czytaj dalej<\/a><\/p>\n","protected":false},"author":8,"featured_media":0,"comment_status":"closed","ping_status":"closed","sticky":false,"template":"","format":"standard","meta":{"footnotes":""},"categories":[3],"tags":[],"class_list":["post-19424","post","type-post","status-publish","format-standard","hentry","category-wydarzenia","item-wrap"],"_links":{"self":[{"href":"https:\/\/zskarlino.pl\/index.php?rest_route=\/wp\/v2\/posts\/19424","targetHints":{"allow":["GET"]}}],"collection":[{"href":"https:\/\/zskarlino.pl\/index.php?rest_route=\/wp\/v2\/posts"}],"about":[{"href":"https:\/\/zskarlino.pl\/index.php?rest_route=\/wp\/v2\/types\/post"}],"author":[{"embeddable":true,"href":"https:\/\/zskarlino.pl\/index.php?rest_route=\/wp\/v2\/users\/8"}],"replies":[{"embeddable":true,"href":"https:\/\/zskarlino.pl\/index.php?rest_route=%2Fwp%2Fv2%2Fcomments&post=19424"}],"version-history":[{"count":3,"href":"https:\/\/zskarlino.pl\/index.php?rest_route=\/wp\/v2\/posts\/19424\/revisions"}],"predecessor-version":[{"id":19434,"href":"https:\/\/zskarlino.pl\/index.php?rest_route=\/wp\/v2\/posts\/19424\/revisions\/19434"}],"wp:attachment":[{"href":"https:\/\/zskarlino.pl\/index.php?rest_route=%2Fwp%2Fv2%2Fmedia&parent=19424"}],"wp:term":[{"taxonomy":"category","embeddable":true,"href":"https:\/\/zskarlino.pl\/index.php?rest_route=%2Fwp%2Fv2%2Fcategories&post=19424"},{"taxonomy":"post_tag","embeddable":true,"href":"https:\/\/zskarlino.pl\/index.php?rest_route=%2Fwp%2Fv2%2Ftags&post=19424"}],"curies":[{"name":"wp","href":"https:\/\/api.w.org\/{rel}","templated":true}]}}