{"id":19412,"date":"2022-09-08T10:31:51","date_gmt":"2022-09-08T08:31:51","guid":{"rendered":"https:\/\/zskarlino.pl\/?p=19412"},"modified":"2022-09-15T11:38:45","modified_gmt":"2022-09-15T09:38:45","slug":"liceum-ogolnoksztalcace-dla-doroslych","status":"publish","type":"post","link":"https:\/\/zskarlino.pl\/?p=19412","title":{"rendered":"Liceum Og\u00f3lnokszta\u0142c\u0105ce dla Doros\u0142ych (LOD)"},"content":{"rendered":"\n<p class=\"has-text-align-center\">Pierwsze zaj\u0119cia w Liceum Og\u00f3lnokszta\u0142c\u0105cym dla Doros\u0142ych odb\u0119d\u0105 si\u0119<br> <strong>16 wrze\u015bnia 2022<\/strong> r. o godz. <strong>16.00<\/strong><\/p>\n\n\n\n<div data-wp-interactive=\"core\/file\" class=\"wp-block-file\"><object data-wp-bind--hidden=\"!state.hasPdfPreview\" hidden class=\"wp-block-file__embed\" data=\"https:\/\/zskarlino.pl\/wp-content\/uploads\/2022\/09\/Plan-LOD-od-01.09.2022.pdf\" type=\"application\/pdf\" style=\"width:100%;height:600px\" aria-label=\"Osadzone z Osadzone z Plan na sem III ..\"><\/object><a href=\"https:\/\/zskarlino.pl\/wp-content\/uploads\/2022\/09\/Plan-LOD-od-01.09.2022.pdf\">Plan na sem III <\/a><a href=\"https:\/\/zskarlino.pl\/wp-content\/uploads\/2022\/09\/Plan-LOD-od-01.09.2022.pdf\" class=\"wp-block-file__button\" download>Pobierz<\/a><\/div>\n","protected":false},"excerpt":{"rendered":"<p>Pierwsze zaj\u0119cia w Liceum Og\u00f3lnokszta\u0142c\u0105cym dla Doros\u0142ych odb\u0119d\u0105 si\u0119 16 wrze\u015bnia 2022 r. o godz. 16.00<\/p>\n","protected":false},"author":3,"featured_media":0,"comment_status":"closed","ping_status":"closed","sticky":false,"template":"","format":"standard","meta":{"footnotes":""},"categories":[3],"tags":[],"class_list":["post-19412","post","type-post","status-publish","format-standard","hentry","category-wydarzenia","item-wrap"],"_links":{"self":[{"href":"https:\/\/zskarlino.pl\/index.php?rest_route=\/wp\/v2\/posts\/19412","targetHints":{"allow":["GET"]}}],"collection":[{"href":"https:\/\/zskarlino.pl\/index.php?rest_route=\/wp\/v2\/posts"}],"about":[{"href":"https:\/\/zskarlino.pl\/index.php?rest_route=\/wp\/v2\/types\/post"}],"author":[{"embeddable":true,"href":"https:\/\/zskarlino.pl\/index.php?rest_route=\/wp\/v2\/users\/3"}],"replies":[{"embeddable":true,"href":"https:\/\/zskarlino.pl\/index.php?rest_route=%2Fwp%2Fv2%2Fcomments&post=19412"}],"version-history":[{"count":5,"href":"https:\/\/zskarlino.pl\/index.php?rest_route=\/wp\/v2\/posts\/19412\/revisions"}],"predecessor-version":[{"id":19422,"href":"https:\/\/zskarlino.pl\/index.php?rest_route=\/wp\/v2\/posts\/19412\/revisions\/19422"}],"wp:attachment":[{"href":"https:\/\/zskarlino.pl\/index.php?rest_route=%2Fwp%2Fv2%2Fmedia&parent=19412"}],"wp:term":[{"taxonomy":"category","embeddable":true,"href":"https:\/\/zskarlino.pl\/index.php?rest_route=%2Fwp%2Fv2%2Fcategories&post=19412"},{"taxonomy":"post_tag","embeddable":true,"href":"https:\/\/zskarlino.pl\/index.php?rest_route=%2Fwp%2Fv2%2Ftags&post=19412"}],"curies":[{"name":"wp","href":"https:\/\/api.w.org\/{rel}","templated":true}]}}