{"id":19389,"date":"2022-09-02T17:42:03","date_gmt":"2022-09-02T15:42:03","guid":{"rendered":"https:\/\/zskarlino.pl\/?p=19389"},"modified":"2022-09-02T20:29:31","modified_gmt":"2022-09-02T18:29:31","slug":"spotkanie-z-rodzicami-2","status":"publish","type":"post","link":"https:\/\/zskarlino.pl\/?p=19389","title":{"rendered":"Spotkanie z rodzicami"},"content":{"rendered":"\n<p>Serdecznie zapraszamy w najbli\u017cszy wtorek 6 wrze\u015bnia na spotkania z rodzicami wg poni\u017cszego harmonogramu:<\/p>\n\n\n\n<p><\/p>\n\n\n\n<p><strong>16.00 &#8211; Spotkanie w auli Karli\u0144skiego O\u015brodka Kultury dla rodzic\u00f3w uczni\u00f3w zamieszkuj\u0105cych internat (wraz z&nbsp;m\u0142odzie\u017c\u0105)<\/strong> &#8211; wej\u015bcie przez Internat Zespo\u0142u Szk\u00f3\u0142 w Karlinie\u200b <\/p>\n\n\n\n<p><strong>16.30 &#8211;&nbsp;Zebranie&nbsp;og\u00f3lne dla rodzic\u00f3w uczni\u00f3w klas pierwszych (w auli Karli\u0144skiego O\u015brodka Kultury)&nbsp;<\/strong><\/p>\n\n\n\n<p><strong>\u200b17.00 &#8211; Spotkania z wychowawcami klas <\/strong><\/p>\n\n\n\n<figure class=\"wp-block-image size-large\"><a href=\"https:\/\/zskarlino.pl\/wp-content\/uploads\/2022\/09\/Zebranie-z-rodzicami-06wrzesnia.jpg\" rel=\"lightbox[19389]\"><img loading=\"lazy\" decoding=\"async\" width=\"1024\" height=\"576\" src=\"https:\/\/zskarlino.pl\/wp-content\/uploads\/2022\/09\/Zebranie-z-rodzicami-06wrzesnia-1024x576.jpg\" alt=\"\" class=\"wp-image-19392\" srcset=\"https:\/\/zskarlino.pl\/wp-content\/uploads\/2022\/09\/Zebranie-z-rodzicami-06wrzesnia-1024x576.jpg 1024w, https:\/\/zskarlino.pl\/wp-content\/uploads\/2022\/09\/Zebranie-z-rodzicami-06wrzesnia-300x169.jpg 300w, https:\/\/zskarlino.pl\/wp-content\/uploads\/2022\/09\/Zebranie-z-rodzicami-06wrzesnia-768x432.jpg 768w, https:\/\/zskarlino.pl\/wp-content\/uploads\/2022\/09\/Zebranie-z-rodzicami-06wrzesnia-750x422.jpg 750w, https:\/\/zskarlino.pl\/wp-content\/uploads\/2022\/09\/Zebranie-z-rodzicami-06wrzesnia.jpg 1280w\" sizes=\"auto, (max-width: 1024px) 100vw, 1024px\" \/><\/a><\/figure>\n","protected":false},"excerpt":{"rendered":"<p>Serdecznie zapraszamy w najbli\u017cszy wtorek 6 wrze\u015bnia na spotkania z rodzicami wg poni\u017cszego harmonogramu: 16.00 &#8211; Spotkanie w auli Karli\u0144skiego O\u015brodka Kultury dla rodzic\u00f3w uczni\u00f3w zamieszkuj\u0105cych internat (wraz z&nbsp;m\u0142odzie\u017c\u0105) &#8211; wej\u015bcie przez Internat Zespo\u0142u Szk\u00f3\u0142 w Karlinie\u200b 16.30 &#8211;&nbsp;Zebranie&nbsp;og\u00f3lne dla rodzic\u00f3w uczni\u00f3w klas pierwszych (w auli Karli\u0144skiego O\u015brodka Kultury)&nbsp; \u200b17.00 &#8211; Spotkania z wychowawcami klas<\/p>\n","protected":false},"author":8,"featured_media":0,"comment_status":"closed","ping_status":"closed","sticky":false,"template":"","format":"standard","meta":{"footnotes":""},"categories":[3],"tags":[],"class_list":["post-19389","post","type-post","status-publish","format-standard","hentry","category-wydarzenia","item-wrap"],"_links":{"self":[{"href":"https:\/\/zskarlino.pl\/index.php?rest_route=\/wp\/v2\/posts\/19389","targetHints":{"allow":["GET"]}}],"collection":[{"href":"https:\/\/zskarlino.pl\/index.php?rest_route=\/wp\/v2\/posts"}],"about":[{"href":"https:\/\/zskarlino.pl\/index.php?rest_route=\/wp\/v2\/types\/post"}],"author":[{"embeddable":true,"href":"https:\/\/zskarlino.pl\/index.php?rest_route=\/wp\/v2\/users\/8"}],"replies":[{"embeddable":true,"href":"https:\/\/zskarlino.pl\/index.php?rest_route=%2Fwp%2Fv2%2Fcomments&post=19389"}],"version-history":[{"count":2,"href":"https:\/\/zskarlino.pl\/index.php?rest_route=\/wp\/v2\/posts\/19389\/revisions"}],"predecessor-version":[{"id":19393,"href":"https:\/\/zskarlino.pl\/index.php?rest_route=\/wp\/v2\/posts\/19389\/revisions\/19393"}],"wp:attachment":[{"href":"https:\/\/zskarlino.pl\/index.php?rest_route=%2Fwp%2Fv2%2Fmedia&parent=19389"}],"wp:term":[{"taxonomy":"category","embeddable":true,"href":"https:\/\/zskarlino.pl\/index.php?rest_route=%2Fwp%2Fv2%2Fcategories&post=19389"},{"taxonomy":"post_tag","embeddable":true,"href":"https:\/\/zskarlino.pl\/index.php?rest_route=%2Fwp%2Fv2%2Ftags&post=19389"}],"curies":[{"name":"wp","href":"https:\/\/api.w.org\/{rel}","templated":true}]}}