{"id":1933,"date":"2014-10-10T20:31:54","date_gmt":"2014-10-10T18:31:54","guid":{"rendered":"http:\/\/zskarlino.pl\/?p=1933"},"modified":"2014-11-24T06:56:31","modified_gmt":"2014-11-24T05:56:31","slug":"na-wesolo-w-zespole-szkol-czyli-nasz-kabaret","status":"publish","type":"post","link":"https:\/\/zskarlino.pl\/?p=1933","title":{"rendered":"Na weso\u0142o w Zespole Szk\u00f3\u0142, czyli nasz Kabaret"},"content":{"rendered":"<div class='fotorama--wp' data-ids='1973,1974,1975'data-link='file'data-itemtag='dl'data-icontag='dt'data-captiontag='dd'data-columns='0'data-size='large'data-width='750'data-auto='false'data-max-width='100%'data-ratio='1.7772511848341'>\n\t\t<style type=\"text\/css\">\n\t\t\t#gallery-1 {\n\t\t\t\tmargin: auto;\n\t\t\t}\n\t\t\t#gallery-1 .gallery-item {\n\t\t\t\tfloat: left;\n\t\t\t\tmargin-top: 10px;\n\t\t\t\ttext-align: center;\n\t\t\t\twidth: 100%;\n\t\t\t}\n\t\t\t#gallery-1 img {\n\t\t\t\tborder: 2px solid #cfcfcf;\n\t\t\t}\n\t\t\t#gallery-1 .gallery-caption {\n\t\t\t\tmargin-left: 0;\n\t\t\t}\n\t\t\t\/* see gallery_shortcode() in wp-includes\/media.php *\/\n\t\t<\/style>\n\t\t<div id='gallery-1' class='gallery galleryid-1933 gallery-columns-0 gallery-size-thumbnail'><dl class='gallery-item'>\n\t\t\t<dt class='gallery-icon landscape'>\n\t\t\t\t<a href='https:\/\/zskarlino.pl\/wp-content\/uploads\/2014\/10\/DSC_0897-1024x576.jpg' data-full='https:\/\/zskarlino.pl\/wp-content\/uploads\/2014\/10\/DSC_0897-e1415477692436.jpg' rel=\"lightbox[1933]\"><img loading=\"lazy\" decoding=\"async\" width=\"150\" height=\"150\" src=\"https:\/\/zskarlino.pl\/wp-content\/uploads\/2014\/10\/DSC_0897-150x150.jpg\" class=\"attachment-thumbnail size-thumbnail\" alt=\"\" aria-describedby=\"gallery-1-1973\" \/><\/a>\n\t\t\t<\/dt>\n\t\t\t\t<dd class='wp-caption-text gallery-caption' id='gallery-1-1973'>\n\t\t\t\tWyst\u0119p Konrada Kleczkowskiego\n\t\t\t\t<\/dd><\/dl>\n\t\t<\/div>\n<\/div>\n<p>W pi\u0105tek, 10 pa\u017adziernika, spo\u0142eczno\u015b\u0107 ZS \u015bwi\u0119towa\u0142a nadchodz\u0105cy Dzie\u0144 Edukacji Narodowej. M\u0142odzie\u017c gimnazjalna, pod przewodnictwem p. Gra\u017cyny Chwieduk, przygotowa\u0142a akademi\u0119 po\u015bwi\u0119con\u0105 tematyce uczni\u00f3w i nauczycieli. Po jej zako\u0144czeniu mia\u0142 miejsce debiut kabaretu, w sk\u0142adzie: Krzysztof Siudowski i Konrad Kleczkowski z klasy II LO. Sw\u00f3j wyst\u0119p w formie stand-up\u00f3w, przygotowany pod opiek\u0105 p. Adriany Kaszuby, uczniowie po\u015bwi\u0119cili, oczywi\u015bcie, \u017cyciu szkolnemu. Konradowi i Krzysztofowi uda\u0142o si\u0119 rozbawi\u0107 szkoln\u0105 publiczno\u015b\u0107! Ich artystyczny debiut zosta\u0142 doceniony zar\u00f3wno przez uczni\u00f3w, jak i nauczycieli, czego dowodem by\u0142y g\u0142o\u015bne brawa, gratulacje i wielkie, aczkolwiek bardzo mi\u0142e, zdziwienie wyra\u017cane w komentarzach typu: \u201ekiedy oni to zrobili?\u201d. Wa\u017cne jest to, \u017ce zaprezentowane monologi s\u0105 autorstwa Konrada i Krzysztofa i \u201eoszlifowane\u201d przez p. Kaszub\u0119. Nasi komicy nie poszli na \u0142atwizn\u0119 przerabiaj\u0105c czyje\u015b stand-upy. Autentyczno\u015b\u0107 wyst\u0119puj\u0105cych i ich charyzma wp\u0142yn\u0119\u0142y na ten jak\u017ce wa\u017cny dla nich sukces!<br \/>\nWarto wspomnie\u0107, \u017ce pomys\u0142 na kabaret zrodzi\u0142 si\u0119 w czasie ich lu\u017anej rozmowy z p. Adrian\u0105 Kaszub\u0105 podczas meczu siatk\u00f3wki nauczycieli z uczniami w maju minionego roku szkolnego. To wa\u017cne, \u017ce inicjatywa wysz\u0142a od uczni\u00f3w!<br \/>\nNasz kabaret, na razie dwuosobowy, otwarty jest na wsp\u00f3\u0142prac\u0119 z naprawd\u0119 zainteresowanymi uczniami i nauczycielami, kt\u00f3rzy chc\u0105 tworzy\u0107 sztuk\u0119 komediow\u0105, zaprezentowa\u0107 swoje talenty komediowe, pokaza\u0107 \u201eswoje 5 minut w komedii\u201d .<\/p>\n<p style=\"text-align: right;\">Adriana Kaszuba<br \/>\nKrzysztof Siudowski<br \/>\nKonrad Kleczkowski<\/p>\n","protected":false},"excerpt":{"rendered":"<p>W pi\u0105tek, 10 pa\u017adziernika, spo\u0142eczno\u015b\u0107 ZS \u015bwi\u0119towa\u0142a nadchodz\u0105cy Dzie\u0144 Edukacji Narodowej. M\u0142odzie\u017c gimnazjalna, pod przewodnictwem p. Gra\u017cyny Chwieduk, przygotowa\u0142a akademi\u0119 po\u015bwi\u0119con\u0105 tematyce uczni\u00f3w i nauczycieli. Po jej zako\u0144czeniu mia\u0142 miejsce debiut kabaretu, w sk\u0142adzie: Krzysztof Siudowski i Konrad Kleczkowski z klasy II LO. Sw\u00f3j wyst\u0119p w formie stand-up\u00f3w, przygotowany pod opiek\u0105 p. Adriany Kaszuby, uczniowie &hellip; <\/p>\n<p><a class=\"more-link btn\" href=\"https:\/\/zskarlino.pl\/?p=1933\">Czytaj dalej<\/a><\/p>\n","protected":false},"author":4,"featured_media":0,"comment_status":"closed","ping_status":"closed","sticky":false,"template":"","format":"standard","meta":{"footnotes":""},"categories":[3],"tags":[],"class_list":["post-1933","post","type-post","status-publish","format-standard","hentry","category-wydarzenia","item-wrap"],"_links":{"self":[{"href":"https:\/\/zskarlino.pl\/index.php?rest_route=\/wp\/v2\/posts\/1933","targetHints":{"allow":["GET"]}}],"collection":[{"href":"https:\/\/zskarlino.pl\/index.php?rest_route=\/wp\/v2\/posts"}],"about":[{"href":"https:\/\/zskarlino.pl\/index.php?rest_route=\/wp\/v2\/types\/post"}],"author":[{"embeddable":true,"href":"https:\/\/zskarlino.pl\/index.php?rest_route=\/wp\/v2\/users\/4"}],"replies":[{"embeddable":true,"href":"https:\/\/zskarlino.pl\/index.php?rest_route=%2Fwp%2Fv2%2Fcomments&post=1933"}],"version-history":[{"count":7,"href":"https:\/\/zskarlino.pl\/index.php?rest_route=\/wp\/v2\/posts\/1933\/revisions"}],"predecessor-version":[{"id":3828,"href":"https:\/\/zskarlino.pl\/index.php?rest_route=\/wp\/v2\/posts\/1933\/revisions\/3828"}],"wp:attachment":[{"href":"https:\/\/zskarlino.pl\/index.php?rest_route=%2Fwp%2Fv2%2Fmedia&parent=1933"}],"wp:term":[{"taxonomy":"category","embeddable":true,"href":"https:\/\/zskarlino.pl\/index.php?rest_route=%2Fwp%2Fv2%2Fcategories&post=1933"},{"taxonomy":"post_tag","embeddable":true,"href":"https:\/\/zskarlino.pl\/index.php?rest_route=%2Fwp%2Fv2%2Ftags&post=1933"}],"curies":[{"name":"wp","href":"https:\/\/api.w.org\/{rel}","templated":true}]}}