{"id":19261,"date":"2022-05-29T20:00:00","date_gmt":"2022-05-29T18:00:00","guid":{"rendered":"https:\/\/zskarlino.pl\/?p=19261"},"modified":"2022-05-29T20:26:06","modified_gmt":"2022-05-29T18:26:06","slug":"zawieszenie-zajec-w-dniu-30-maja-2022-roku","status":"publish","type":"post","link":"https:\/\/zskarlino.pl\/?p=19261","title":{"rendered":"Zawieszenie zaj\u0119\u0107 w dniu 30 maja 2022 roku"},"content":{"rendered":"\n<p>Zgodnie z Zarz\u0105dzeniem nr 9\/2021\/2022 Dyrektora Zespo\u0142u Szk\u00f3\u0142 w Karlinie z dnia 29 maja 2022, wszystkie zaj\u0119cia szkolne zostaj\u0105 czasowo zawieszone w dniu 30 maja 2022 roku ze wzgl\u0119du na zagro\u017cenie dla bezpiecze\u0144stwa uczni\u00f3w. Cz\u0119\u015b\u0107 pomieszcze\u0144 szkolnych oraz internatu zosta\u0142a zalana w wyniku ulewnych opad\u00f3w deszczu, wymaga osuszenia oraz sprawdzenia, czy instalacja elektryczna nie zosta\u0142a uszkodzona. <br>Wychowawcy klas poinformowali uczni\u00f3w oraz ich rodzic\u00f3w o zawieszeniu zaj\u0119\u0107 oraz o braku mo\u017cliwo\u015bci zakwaterowania w niedziel\u0119 w internacie. We wtorek 31 maja zaj\u0119cia powinny zosta\u0107 wznowione. <br>W za\u0142\u0105czeniu Zarz\u0105dzenie Dyrektora Zespo\u0142u Szk\u00f3\u0142.<\/p>\n\n\n\n<div data-wp-interactive=\"core\/file\" class=\"wp-block-file\"><object data-wp-bind--hidden=\"!state.hasPdfPreview\" hidden class=\"wp-block-file__embed\" data=\"https:\/\/zskarlino.pl\/wp-content\/uploads\/2022\/05\/Zarzadzenie-9-2021-2022.pdf\" type=\"application\/pdf\" style=\"width:100%;height:600px\" aria-label=\"Osadzone z Osadzone z Zarzadzenie-9-2021-2022..\"><\/object><a href=\"https:\/\/zskarlino.pl\/wp-content\/uploads\/2022\/05\/Zarzadzenie-9-2021-2022.pdf\">Zarzadzenie-9-2021-2022<\/a><a href=\"https:\/\/zskarlino.pl\/wp-content\/uploads\/2022\/05\/Zarzadzenie-9-2021-2022.pdf\" class=\"wp-block-file__button\" download>Pobierz<\/a><\/div>\n\n\n\n<p> <\/p>\n","protected":false},"excerpt":{"rendered":"<p>Zgodnie z Zarz\u0105dzeniem nr 9\/2021\/2022 Dyrektora Zespo\u0142u Szk\u00f3\u0142 w Karlinie z dnia 29 maja 2022, wszystkie zaj\u0119cia szkolne zostaj\u0105 czasowo zawieszone w dniu 30 maja 2022 roku ze wzgl\u0119du na zagro\u017cenie dla bezpiecze\u0144stwa uczni\u00f3w. Cz\u0119\u015b\u0107 pomieszcze\u0144 szkolnych oraz internatu zosta\u0142a zalana w wyniku ulewnych opad\u00f3w deszczu, wymaga osuszenia oraz sprawdzenia, czy instalacja elektryczna nie zosta\u0142a &hellip; <\/p>\n<p><a class=\"more-link btn\" href=\"https:\/\/zskarlino.pl\/?p=19261\">Czytaj dalej<\/a><\/p>\n","protected":false},"author":8,"featured_media":17805,"comment_status":"closed","ping_status":"closed","sticky":false,"template":"","format":"standard","meta":{"footnotes":""},"categories":[3],"tags":[],"class_list":["post-19261","post","type-post","status-publish","format-standard","has-post-thumbnail","hentry","category-wydarzenia","item-wrap"],"_links":{"self":[{"href":"https:\/\/zskarlino.pl\/index.php?rest_route=\/wp\/v2\/posts\/19261","targetHints":{"allow":["GET"]}}],"collection":[{"href":"https:\/\/zskarlino.pl\/index.php?rest_route=\/wp\/v2\/posts"}],"about":[{"href":"https:\/\/zskarlino.pl\/index.php?rest_route=\/wp\/v2\/types\/post"}],"author":[{"embeddable":true,"href":"https:\/\/zskarlino.pl\/index.php?rest_route=\/wp\/v2\/users\/8"}],"replies":[{"embeddable":true,"href":"https:\/\/zskarlino.pl\/index.php?rest_route=%2Fwp%2Fv2%2Fcomments&post=19261"}],"version-history":[{"count":1,"href":"https:\/\/zskarlino.pl\/index.php?rest_route=\/wp\/v2\/posts\/19261\/revisions"}],"predecessor-version":[{"id":19263,"href":"https:\/\/zskarlino.pl\/index.php?rest_route=\/wp\/v2\/posts\/19261\/revisions\/19263"}],"wp:featuredmedia":[{"embeddable":true,"href":"https:\/\/zskarlino.pl\/index.php?rest_route=\/wp\/v2\/media\/17805"}],"wp:attachment":[{"href":"https:\/\/zskarlino.pl\/index.php?rest_route=%2Fwp%2Fv2%2Fmedia&parent=19261"}],"wp:term":[{"taxonomy":"category","embeddable":true,"href":"https:\/\/zskarlino.pl\/index.php?rest_route=%2Fwp%2Fv2%2Fcategories&post=19261"},{"taxonomy":"post_tag","embeddable":true,"href":"https:\/\/zskarlino.pl\/index.php?rest_route=%2Fwp%2Fv2%2Ftags&post=19261"}],"curies":[{"name":"wp","href":"https:\/\/api.w.org\/{rel}","templated":true}]}}