{"id":19254,"date":"2022-05-11T08:00:00","date_gmt":"2022-05-11T06:00:00","guid":{"rendered":"https:\/\/zskarlino.pl\/?p=19254"},"modified":"2022-05-10T11:05:01","modified_gmt":"2022-05-10T09:05:01","slug":"zapraszamy-na-spotkania-z-rodzicami-2","status":"publish","type":"post","link":"https:\/\/zskarlino.pl\/?p=19254","title":{"rendered":"Zapraszamy na Spotkania z Rodzicami"},"content":{"rendered":"\n<p>Serdecznie zapraszamy na ostatnie w bie\u017c\u0105cym roku szkolnym spotkania wychowawc\u00f3w z rodzicami. <br>Ju\u017c w najbli\u017cszy wtorek 17 maja zapraszamy do Zespo\u0142u w Karlinie, zgodnie z za\u0142\u0105czonym poni\u017cej harmonogramem. Podczas   spotka\u0144 z wychowawcami uzyskaj\u0105 Pa\u0144stwo informacje na temat bie\u017c\u0105cych osi\u0105gnie\u0107 Waszych dzieci oraz przewidywanych ocenach rocznych i ko\u0144cowych, a tak\u017ce planowanych sta\u017cach i praktykach zawodowych w ramach Projektu edukacyjnego &#8222;Razem w Zawodow\u0105 Przysz\u0142o\u015b\u0107-BIS!&#8221;<\/p>\n\n\n\n<figure class=\"wp-block-image size-large\"><a href=\"https:\/\/zskarlino.pl\/wp-content\/uploads\/2022\/05\/Slide3.jpg\" rel=\"lightbox[19254]\"><img loading=\"lazy\" decoding=\"async\" width=\"1024\" height=\"576\" src=\"https:\/\/zskarlino.pl\/wp-content\/uploads\/2022\/05\/Slide3-1024x576.jpg\" alt=\"\" class=\"wp-image-19255\" srcset=\"https:\/\/zskarlino.pl\/wp-content\/uploads\/2022\/05\/Slide3-1024x576.jpg 1024w, https:\/\/zskarlino.pl\/wp-content\/uploads\/2022\/05\/Slide3-300x169.jpg 300w, https:\/\/zskarlino.pl\/wp-content\/uploads\/2022\/05\/Slide3-768x432.jpg 768w, https:\/\/zskarlino.pl\/wp-content\/uploads\/2022\/05\/Slide3-750x422.jpg 750w, https:\/\/zskarlino.pl\/wp-content\/uploads\/2022\/05\/Slide3.jpg 1280w\" sizes=\"auto, (max-width: 1024px) 100vw, 1024px\" \/><\/a><\/figure>\n","protected":false},"excerpt":{"rendered":"<p>Serdecznie zapraszamy na ostatnie w bie\u017c\u0105cym roku szkolnym spotkania wychowawc\u00f3w z rodzicami. Ju\u017c w najbli\u017cszy wtorek 17 maja zapraszamy do Zespo\u0142u w Karlinie, zgodnie z za\u0142\u0105czonym poni\u017cej harmonogramem. Podczas spotka\u0144 z wychowawcami uzyskaj\u0105 Pa\u0144stwo informacje na temat bie\u017c\u0105cych osi\u0105gnie\u0107 Waszych dzieci oraz przewidywanych ocenach rocznych i ko\u0144cowych, a tak\u017ce planowanych sta\u017cach i praktykach zawodowych w &hellip; <\/p>\n<p><a class=\"more-link btn\" href=\"https:\/\/zskarlino.pl\/?p=19254\">Czytaj dalej<\/a><\/p>\n","protected":false},"author":8,"featured_media":0,"comment_status":"closed","ping_status":"closed","sticky":false,"template":"","format":"standard","meta":{"footnotes":""},"categories":[3],"tags":[],"class_list":["post-19254","post","type-post","status-publish","format-standard","hentry","category-wydarzenia","item-wrap"],"_links":{"self":[{"href":"https:\/\/zskarlino.pl\/index.php?rest_route=\/wp\/v2\/posts\/19254","targetHints":{"allow":["GET"]}}],"collection":[{"href":"https:\/\/zskarlino.pl\/index.php?rest_route=\/wp\/v2\/posts"}],"about":[{"href":"https:\/\/zskarlino.pl\/index.php?rest_route=\/wp\/v2\/types\/post"}],"author":[{"embeddable":true,"href":"https:\/\/zskarlino.pl\/index.php?rest_route=\/wp\/v2\/users\/8"}],"replies":[{"embeddable":true,"href":"https:\/\/zskarlino.pl\/index.php?rest_route=%2Fwp%2Fv2%2Fcomments&post=19254"}],"version-history":[{"count":1,"href":"https:\/\/zskarlino.pl\/index.php?rest_route=\/wp\/v2\/posts\/19254\/revisions"}],"predecessor-version":[{"id":19256,"href":"https:\/\/zskarlino.pl\/index.php?rest_route=\/wp\/v2\/posts\/19254\/revisions\/19256"}],"wp:attachment":[{"href":"https:\/\/zskarlino.pl\/index.php?rest_route=%2Fwp%2Fv2%2Fmedia&parent=19254"}],"wp:term":[{"taxonomy":"category","embeddable":true,"href":"https:\/\/zskarlino.pl\/index.php?rest_route=%2Fwp%2Fv2%2Fcategories&post=19254"},{"taxonomy":"post_tag","embeddable":true,"href":"https:\/\/zskarlino.pl\/index.php?rest_route=%2Fwp%2Fv2%2Ftags&post=19254"}],"curies":[{"name":"wp","href":"https:\/\/api.w.org\/{rel}","templated":true}]}}