{"id":19246,"date":"2021-05-30T16:26:00","date_gmt":"2021-05-30T14:26:00","guid":{"rendered":"https:\/\/zskarlino.pl\/?p=19246"},"modified":"2022-05-03T16:35:11","modified_gmt":"2022-05-03T14:35:11","slug":"wirtualna-mobilnosc-w-ramach-erasmus","status":"publish","type":"post","link":"https:\/\/zskarlino.pl\/?p=19246","title":{"rendered":"Wirtualna Mobilno\u015b\u0107 w ramach Erasmus+"},"content":{"rendered":"\n<p>W dniach 24-28 maja 2021 odby\u0142a si\u0119 pierwsza w historii Zespo\u0142u Szk\u00f3\u0142 w Karlinie wirtualna mobilno\u015b\u0107 w ramach projektu \u201eTwo Faces of Technology. Isolation and Opportunities.&#8221; w ramach programu Erasmus+. <\/p>\n\n\n\n<p>Przez tydzie\u0144 uczniowie wraz z nauczycielami uczestniczyli w wydarzeniach online zorganizowanych przez czeskich partner\u00f3w z Pilzna. Uczestniczyli\u015bmy w wyk\u0142adzie na temat wykorzystania technologii w aktywno\u015bci sportowej, odby\u0142 si\u0119 trening online z aplikacjami sportowymi oraz warsztaty z zakresu projektowania i konstruowania robot\u00f3w. Uczestnicy wirtualnie zwiedzili Pilzno, Prag\u0119, Bohemian University oraz partnersk\u0105 szko\u0142\u0119. <br>Efektem naszych prac by\u0142y prezentacje przygotowane przez wszystkich partner\u00f3w.<\/p>\n\n\n\n<figure class=\"wp-block-gallery columns-3 is-cropped wp-block-gallery-1 is-layout-flex wp-block-gallery-is-layout-flex\"><ul class=\"blocks-gallery-grid\"><li class=\"blocks-gallery-item\"><figure><a href=\"https:\/\/zskarlino.pl\/wp-content\/uploads\/2022\/05\/IMG_1610-scaled.jpg\" rel=\"lightbox[19246]\"><img loading=\"lazy\" decoding=\"async\" width=\"1024\" height=\"768\" src=\"https:\/\/zskarlino.pl\/wp-content\/uploads\/2022\/05\/IMG_1610-1024x768.jpg\" alt=\"\" data-id=\"19249\" data-full-url=\"https:\/\/zskarlino.pl\/wp-content\/uploads\/2022\/05\/IMG_1610-scaled.jpg\" data-link=\"https:\/\/zskarlino.pl\/?attachment_id=19249\" class=\"wp-image-19249\" srcset=\"https:\/\/zskarlino.pl\/wp-content\/uploads\/2022\/05\/IMG_1610-1024x768.jpg 1024w, https:\/\/zskarlino.pl\/wp-content\/uploads\/2022\/05\/IMG_1610-300x225.jpg 300w, https:\/\/zskarlino.pl\/wp-content\/uploads\/2022\/05\/IMG_1610-768x576.jpg 768w, https:\/\/zskarlino.pl\/wp-content\/uploads\/2022\/05\/IMG_1610-1536x1152.jpg 1536w, https:\/\/zskarlino.pl\/wp-content\/uploads\/2022\/05\/IMG_1610-2048x1536.jpg 2048w, https:\/\/zskarlino.pl\/wp-content\/uploads\/2022\/05\/IMG_1610-750x563.jpg 750w\" sizes=\"auto, (max-width: 1024px) 100vw, 1024px\" \/><\/a><\/figure><\/li><li class=\"blocks-gallery-item\"><figure><a href=\"https:\/\/zskarlino.pl\/wp-content\/uploads\/2022\/05\/Zrzut-ekranu-21.png\" rel=\"lightbox[19246]\"><img loading=\"lazy\" decoding=\"async\" width=\"1024\" height=\"576\" src=\"https:\/\/zskarlino.pl\/wp-content\/uploads\/2022\/05\/Zrzut-ekranu-21-1024x576.png\" alt=\"\" data-id=\"19248\" data-full-url=\"https:\/\/zskarlino.pl\/wp-content\/uploads\/2022\/05\/Zrzut-ekranu-21.png\" data-link=\"https:\/\/zskarlino.pl\/?attachment_id=19248\" class=\"wp-image-19248\" srcset=\"https:\/\/zskarlino.pl\/wp-content\/uploads\/2022\/05\/Zrzut-ekranu-21-1024x576.png 1024w, https:\/\/zskarlino.pl\/wp-content\/uploads\/2022\/05\/Zrzut-ekranu-21-300x169.png 300w, https:\/\/zskarlino.pl\/wp-content\/uploads\/2022\/05\/Zrzut-ekranu-21-768x432.png 768w, https:\/\/zskarlino.pl\/wp-content\/uploads\/2022\/05\/Zrzut-ekranu-21-750x422.png 750w, https:\/\/zskarlino.pl\/wp-content\/uploads\/2022\/05\/Zrzut-ekranu-21.png 1366w\" sizes=\"auto, (max-width: 1024px) 100vw, 1024px\" \/><\/a><\/figure><\/li><li class=\"blocks-gallery-item\"><figure><a href=\"https:\/\/zskarlino.pl\/wp-content\/uploads\/2022\/05\/IMG_1590.jpg\" rel=\"lightbox[19246]\"><img loading=\"lazy\" decoding=\"async\" width=\"427\" height=\"320\" src=\"https:\/\/zskarlino.pl\/wp-content\/uploads\/2022\/05\/IMG_1590.jpg\" alt=\"\" data-id=\"19247\" data-full-url=\"https:\/\/zskarlino.pl\/wp-content\/uploads\/2022\/05\/IMG_1590.jpg\" data-link=\"https:\/\/zskarlino.pl\/?attachment_id=19247\" class=\"wp-image-19247\" srcset=\"https:\/\/zskarlino.pl\/wp-content\/uploads\/2022\/05\/IMG_1590.jpg 427w, https:\/\/zskarlino.pl\/wp-content\/uploads\/2022\/05\/IMG_1590-300x225.jpg 300w\" sizes=\"auto, (max-width: 427px) 100vw, 427px\" \/><\/a><\/figure><\/li><li class=\"blocks-gallery-item\"><figure><a href=\"https:\/\/zskarlino.pl\/wp-content\/uploads\/2022\/05\/Zrzut-ekranu-1.png\" rel=\"lightbox[19246]\"><img loading=\"lazy\" decoding=\"async\" width=\"1024\" height=\"576\" src=\"https:\/\/zskarlino.pl\/wp-content\/uploads\/2022\/05\/Zrzut-ekranu-1-1024x576.png\" alt=\"\" data-id=\"19252\" data-full-url=\"https:\/\/zskarlino.pl\/wp-content\/uploads\/2022\/05\/Zrzut-ekranu-1.png\" data-link=\"https:\/\/zskarlino.pl\/?attachment_id=19252\" class=\"wp-image-19252\" srcset=\"https:\/\/zskarlino.pl\/wp-content\/uploads\/2022\/05\/Zrzut-ekranu-1-1024x576.png 1024w, https:\/\/zskarlino.pl\/wp-content\/uploads\/2022\/05\/Zrzut-ekranu-1-300x169.png 300w, https:\/\/zskarlino.pl\/wp-content\/uploads\/2022\/05\/Zrzut-ekranu-1-768x432.png 768w, https:\/\/zskarlino.pl\/wp-content\/uploads\/2022\/05\/Zrzut-ekranu-1-750x422.png 750w, https:\/\/zskarlino.pl\/wp-content\/uploads\/2022\/05\/Zrzut-ekranu-1.png 1366w\" sizes=\"auto, (max-width: 1024px) 100vw, 1024px\" \/><\/a><\/figure><\/li><\/ul><figcaption class=\"blocks-gallery-caption\"> <\/figcaption><\/figure>\n\n\n\n<p><\/p>\n","protected":false},"excerpt":{"rendered":"<p>W dniach 24-28 maja 2021 odby\u0142a si\u0119 pierwsza w historii Zespo\u0142u Szk\u00f3\u0142 w Karlinie wirtualna mobilno\u015b\u0107 w ramach projektu \u201eTwo Faces of Technology. Isolation and Opportunities.&#8221; w ramach programu Erasmus+. Przez tydzie\u0144 uczniowie wraz z nauczycielami uczestniczyli w wydarzeniach online zorganizowanych przez czeskich partner\u00f3w z Pilzna. Uczestniczyli\u015bmy w wyk\u0142adzie na temat wykorzystania technologii w aktywno\u015bci &hellip; <\/p>\n<p><a class=\"more-link btn\" href=\"https:\/\/zskarlino.pl\/?p=19246\">Czytaj dalej<\/a><\/p>\n","protected":false},"author":8,"featured_media":0,"comment_status":"closed","ping_status":"closed","sticky":false,"template":"","format":"standard","meta":{"footnotes":""},"categories":[3],"tags":[],"class_list":["post-19246","post","type-post","status-publish","format-standard","hentry","category-wydarzenia","item-wrap"],"_links":{"self":[{"href":"https:\/\/zskarlino.pl\/index.php?rest_route=\/wp\/v2\/posts\/19246","targetHints":{"allow":["GET"]}}],"collection":[{"href":"https:\/\/zskarlino.pl\/index.php?rest_route=\/wp\/v2\/posts"}],"about":[{"href":"https:\/\/zskarlino.pl\/index.php?rest_route=\/wp\/v2\/types\/post"}],"author":[{"embeddable":true,"href":"https:\/\/zskarlino.pl\/index.php?rest_route=\/wp\/v2\/users\/8"}],"replies":[{"embeddable":true,"href":"https:\/\/zskarlino.pl\/index.php?rest_route=%2Fwp%2Fv2%2Fcomments&post=19246"}],"version-history":[{"count":1,"href":"https:\/\/zskarlino.pl\/index.php?rest_route=\/wp\/v2\/posts\/19246\/revisions"}],"predecessor-version":[{"id":19253,"href":"https:\/\/zskarlino.pl\/index.php?rest_route=\/wp\/v2\/posts\/19246\/revisions\/19253"}],"wp:attachment":[{"href":"https:\/\/zskarlino.pl\/index.php?rest_route=%2Fwp%2Fv2%2Fmedia&parent=19246"}],"wp:term":[{"taxonomy":"category","embeddable":true,"href":"https:\/\/zskarlino.pl\/index.php?rest_route=%2Fwp%2Fv2%2Fcategories&post=19246"},{"taxonomy":"post_tag","embeddable":true,"href":"https:\/\/zskarlino.pl\/index.php?rest_route=%2Fwp%2Fv2%2Ftags&post=19246"}],"curies":[{"name":"wp","href":"https:\/\/api.w.org\/{rel}","templated":true}]}}