{"id":19210,"date":"2021-10-01T20:56:00","date_gmt":"2021-10-01T18:56:00","guid":{"rendered":"https:\/\/zskarlino.pl\/?p=19210"},"modified":"2022-04-18T23:53:21","modified_gmt":"2022-04-18T21:53:21","slug":"razem-w-zawodowa-przyszlosc-bis-2021-22","status":"publish","type":"post","link":"https:\/\/zskarlino.pl\/?p=19210","title":{"rendered":"Razem w Zawodow\u0105 Przysz\u0142o\u015b\u0107 BIS! &#8211; 2021\/22"},"content":{"rendered":"\n<figure class=\"wp-block-image size-full is-resized\"><a href=\"https:\/\/zskarlino.pl\/wp-content\/uploads\/2022\/04\/image.png\" rel=\"lightbox[19210]\"><img loading=\"lazy\" decoding=\"async\" src=\"https:\/\/zskarlino.pl\/wp-content\/uploads\/2022\/04\/image.png\" alt=\"\" class=\"wp-image-19211\" width=\"527\" height=\"625\" srcset=\"https:\/\/zskarlino.pl\/wp-content\/uploads\/2022\/04\/image.png 433w, https:\/\/zskarlino.pl\/wp-content\/uploads\/2022\/04\/image-253x300.png 253w\" sizes=\"auto, (max-width: 527px) 100vw, 527px\" \/><\/a><\/figure>\n\n\n\n<p>Kolejny rok realizacji projektu edukacyjnego &#8222;Razem w Zawodow\u0105 Przysz\u0142o\u015b\u0107-BIS! <\/p>\n\n\n\n<p>Z uwagi na przed\u0142u\u017caj\u0105cy si\u0119 stan zawieszenia cz\u0119\u015bci dzia\u0142a\u0144 szkolnych &#8211; w okresie wakacyjnych odby\u0142a si\u0119 jedynie cz\u0119\u015b\u0107 sta\u017cy uczniowskich dla uczni\u00f3w technikum. Dzi\u0119ki bliskiej wsp\u00f3\u0142pracy z najwi\u0119kszym lokalnym pracodawc\u0105, pomimo pandemicznych obostrze\u0144, uczniowie odbywali je w <strong>\u201eHOMANIT POLSKA Sp\u00f3\u0142ka z o.o. i Sp\u00f3\u0142ka\u201d Sp\u00f3\u0142ka Komandytowa<\/strong>.  <\/p>\n\n\n\n<figure class=\"wp-block-gallery columns-3 is-cropped wp-block-gallery-1 is-layout-flex wp-block-gallery-is-layout-flex\"><ul class=\"blocks-gallery-grid\"><li class=\"blocks-gallery-item\"><figure><a href=\"https:\/\/zskarlino.pl\/wp-content\/uploads\/2022\/04\/IMG_2315.jpg\" rel=\"lightbox[19210]\"><img loading=\"lazy\" decoding=\"async\" width=\"640\" height=\"480\" src=\"https:\/\/zskarlino.pl\/wp-content\/uploads\/2022\/04\/IMG_2315.jpg\" alt=\"\" data-id=\"19214\" data-full-url=\"https:\/\/zskarlino.pl\/wp-content\/uploads\/2022\/04\/IMG_2315.jpg\" data-link=\"https:\/\/zskarlino.pl\/?attachment_id=19214\" class=\"wp-image-19214\" srcset=\"https:\/\/zskarlino.pl\/wp-content\/uploads\/2022\/04\/IMG_2315.jpg 640w, https:\/\/zskarlino.pl\/wp-content\/uploads\/2022\/04\/IMG_2315-300x225.jpg 300w\" sizes=\"auto, (max-width: 640px) 100vw, 640px\" \/><\/a><\/figure><\/li><li class=\"blocks-gallery-item\"><figure><a href=\"https:\/\/zskarlino.pl\/wp-content\/uploads\/2022\/04\/IMG_2314.jpg\" rel=\"lightbox[19210]\"><img loading=\"lazy\" decoding=\"async\" width=\"640\" height=\"480\" src=\"https:\/\/zskarlino.pl\/wp-content\/uploads\/2022\/04\/IMG_2314.jpg\" alt=\"\" data-id=\"19215\" data-full-url=\"https:\/\/zskarlino.pl\/wp-content\/uploads\/2022\/04\/IMG_2314.jpg\" data-link=\"https:\/\/zskarlino.pl\/?attachment_id=19215\" class=\"wp-image-19215\" srcset=\"https:\/\/zskarlino.pl\/wp-content\/uploads\/2022\/04\/IMG_2314.jpg 640w, https:\/\/zskarlino.pl\/wp-content\/uploads\/2022\/04\/IMG_2314-300x225.jpg 300w\" sizes=\"auto, (max-width: 640px) 100vw, 640px\" \/><\/a><\/figure><\/li><li class=\"blocks-gallery-item\"><figure><a href=\"https:\/\/zskarlino.pl\/wp-content\/uploads\/2022\/04\/IMG_2313.jpg\" rel=\"lightbox[19210]\"><img loading=\"lazy\" decoding=\"async\" width=\"640\" height=\"480\" src=\"https:\/\/zskarlino.pl\/wp-content\/uploads\/2022\/04\/IMG_2313.jpg\" alt=\"\" data-id=\"19216\" data-full-url=\"https:\/\/zskarlino.pl\/wp-content\/uploads\/2022\/04\/IMG_2313.jpg\" data-link=\"https:\/\/zskarlino.pl\/?attachment_id=19216\" class=\"wp-image-19216\" srcset=\"https:\/\/zskarlino.pl\/wp-content\/uploads\/2022\/04\/IMG_2313.jpg 640w, https:\/\/zskarlino.pl\/wp-content\/uploads\/2022\/04\/IMG_2313-300x225.jpg 300w\" sizes=\"auto, (max-width: 640px) 100vw, 640px\" \/><\/a><\/figure><\/li><\/ul><\/figure>\n\n\n\n<p><\/p>\n\n\n\n<p>W obecnym roku szkolnym przewidziane s\u0105 do realizacji:<br>&#8211; sta\u017ce\/praktyki zawodowe lipiec\/sierpie\u0144 2022<br>&#8211; Szkolenie wykorzystania\u00a0Pakietu\u00a0Edukacyjnego\u00a0CAD-edukacja opartego\u00a0o\u00a0oprogramowanie Solid\u00a0Edge\u201d &#8211; 3 grupy &#8211; rekrutacja p. Marta Ma\u0142szy\u0144ska-\u015amierciew<br>&#8211; szkolenie z obs\u0142ugi w\u00f3zk\u00f3w jezdniowych &#8211; 10 os\u00f3b rekrutacja stycze\u0144 2022 (w porozumieniu z pracodawcami Homanit i Kospel) &#8211; zg\u0142oszenia dyrektor<br>&#8211; j\u0119zyk bran\u017cowy &#8211; 6 grup- zg\u0142oszenia do nauczycieli j\u0119zyk\u00f3w obcych<br>&#8211; indywidulane konsultacje z doradc\u0105 zawodowym &#8211; p. Magdalena Mali\u0144ska i p. Maryla Sochacka<br>&#8211; pikniki naukowe oraz zaj\u0119cia laboratoryjne w porozumieniu z Politechnik\u0105 Koszali\u0144sk\u0105! <\/p>\n\n\n\n<figure class=\"wp-block-image size-large\"><a href=\"http:\/\/zskarlino.pl\/wp-content\/uploads\/2022\/04\/BIS_harmonogram-X-2021.jpg\" rel=\"lightbox[19210]\"><img loading=\"lazy\" decoding=\"async\" width=\"1024\" height=\"576\" src=\"http:\/\/zskarlino.pl\/wp-content\/uploads\/2022\/04\/BIS_harmonogram-X-2021-1024x576.jpg\" alt=\"\" class=\"wp-image-19202\" srcset=\"https:\/\/zskarlino.pl\/wp-content\/uploads\/2022\/04\/BIS_harmonogram-X-2021-1024x576.jpg 1024w, https:\/\/zskarlino.pl\/wp-content\/uploads\/2022\/04\/BIS_harmonogram-X-2021-300x169.jpg 300w, https:\/\/zskarlino.pl\/wp-content\/uploads\/2022\/04\/BIS_harmonogram-X-2021-768x432.jpg 768w, https:\/\/zskarlino.pl\/wp-content\/uploads\/2022\/04\/BIS_harmonogram-X-2021-750x422.jpg 750w, https:\/\/zskarlino.pl\/wp-content\/uploads\/2022\/04\/BIS_harmonogram-X-2021.jpg 1280w\" sizes=\"auto, (max-width: 1024px) 100vw, 1024px\" \/><\/a><\/figure>\n\n\n\n<p><br><\/p>\n","protected":false},"excerpt":{"rendered":"<p>Kolejny rok realizacji projektu edukacyjnego &#8222;Razem w Zawodow\u0105 Przysz\u0142o\u015b\u0107-BIS! Z uwagi na przed\u0142u\u017caj\u0105cy si\u0119 stan zawieszenia cz\u0119\u015bci dzia\u0142a\u0144 szkolnych &#8211; w okresie wakacyjnych odby\u0142a si\u0119 jedynie cz\u0119\u015b\u0107 sta\u017cy uczniowskich dla uczni\u00f3w technikum. Dzi\u0119ki bliskiej wsp\u00f3\u0142pracy z najwi\u0119kszym lokalnym pracodawc\u0105, pomimo pandemicznych obostrze\u0144, uczniowie odbywali je w \u201eHOMANIT POLSKA Sp\u00f3\u0142ka z o.o. i Sp\u00f3\u0142ka\u201d Sp\u00f3\u0142ka Komandytowa. &hellip; <\/p>\n<p><a class=\"more-link btn\" href=\"https:\/\/zskarlino.pl\/?p=19210\">Czytaj dalej<\/a><\/p>\n","protected":false},"author":8,"featured_media":0,"comment_status":"closed","ping_status":"closed","sticky":false,"template":"","format":"standard","meta":{"footnotes":""},"categories":[3],"tags":[],"class_list":["post-19210","post","type-post","status-publish","format-standard","hentry","category-wydarzenia","item-wrap"],"_links":{"self":[{"href":"https:\/\/zskarlino.pl\/index.php?rest_route=\/wp\/v2\/posts\/19210","targetHints":{"allow":["GET"]}}],"collection":[{"href":"https:\/\/zskarlino.pl\/index.php?rest_route=\/wp\/v2\/posts"}],"about":[{"href":"https:\/\/zskarlino.pl\/index.php?rest_route=\/wp\/v2\/types\/post"}],"author":[{"embeddable":true,"href":"https:\/\/zskarlino.pl\/index.php?rest_route=\/wp\/v2\/users\/8"}],"replies":[{"embeddable":true,"href":"https:\/\/zskarlino.pl\/index.php?rest_route=%2Fwp%2Fv2%2Fcomments&post=19210"}],"version-history":[{"count":4,"href":"https:\/\/zskarlino.pl\/index.php?rest_route=\/wp\/v2\/posts\/19210\/revisions"}],"predecessor-version":[{"id":19220,"href":"https:\/\/zskarlino.pl\/index.php?rest_route=\/wp\/v2\/posts\/19210\/revisions\/19220"}],"wp:attachment":[{"href":"https:\/\/zskarlino.pl\/index.php?rest_route=%2Fwp%2Fv2%2Fmedia&parent=19210"}],"wp:term":[{"taxonomy":"category","embeddable":true,"href":"https:\/\/zskarlino.pl\/index.php?rest_route=%2Fwp%2Fv2%2Fcategories&post=19210"},{"taxonomy":"post_tag","embeddable":true,"href":"https:\/\/zskarlino.pl\/index.php?rest_route=%2Fwp%2Fv2%2Ftags&post=19210"}],"curies":[{"name":"wp","href":"https:\/\/api.w.org\/{rel}","templated":true}]}}