{"id":19141,"date":"2022-03-31T11:08:19","date_gmt":"2022-03-31T09:08:19","guid":{"rendered":"https:\/\/zskarlino.pl\/?p=19141"},"modified":"2022-04-04T20:32:00","modified_gmt":"2022-04-04T18:32:00","slug":"internat-wazne-informacje","status":"publish","type":"post","link":"https:\/\/zskarlino.pl\/?p=19141","title":{"rendered":"Internat &#8211; wa\u017cne informacje!"},"content":{"rendered":"\n<h4 class=\"wp-block-heading\"><span class=\"has-inline-color has-vivid-red-color\"><strong>Od 01 kwietnia 2022 r. stawka za ca\u0142odzienne wy\u017cywienie wynosi 19,00 z\u0142<\/strong><\/span><\/h4>\n\n\n\n<div class=\"wp-block-buttons is-layout-flex wp-block-buttons-is-layout-flex\">\n<div class=\"wp-block-button has-custom-width wp-block-button__width-50 is-style-fill\"><a class=\"wp-block-button__link has-black-color has-text-color has-background\" href=\"https:\/\/zskarlino.pl\/wp-content\/uploads\/2022\/03\/Oplaty-za-obiady.pdf\" style=\"background-color:#a9bfd2\">Pismo &#8211; op\u0142ata za wy\u017cywienie od 01.04.2022 r.<\/a><\/div>\n<\/div>\n\n\n\n<p class=\"has-black-color has-text-color\">    <strong>Numer&nbsp;konta, na kt\u00f3ry nale\u017cy uregulowa\u0107 odp\u0142atno\u015b\u0107 za&nbsp;wy\u017cywienie:<\/strong><\/p>\n\n\n\n<p>    <strong>Szko\u0142a Podstawowa w Karlinie<br> <\/strong>   <strong>ul.&nbsp;Traugutta 2<br>    78-230 Karlino<\/strong><\/p>\n\n\n\n<h4 class=\"wp-block-heading\">    <strong>Numer konta: 52 1020 2821 0000 1002 0119 4034<\/strong><\/h4>\n\n\n\n<p>     W tytule przelewu nale\u017cy wpisa\u0107:<br>     <strong><em>\u201eimi\u0119 i nazwisko wychowanka; wy\u017cywienie \u2013 internat za miesi\u0105c: \u2026\u201d<\/em><\/strong><\/p>\n\n\n\n<p>     <strong>Termin p\u0142atno\u015bci:&nbsp;<span class=\"has-inline-color has-vivid-red-color\">do 5 dnia ka\u017cdego miesi\u0105ca.&nbsp;<\/span><\/strong><\/p>\n\n\n\n<h5 class=\"wp-block-heading\">       W przypadku nieobecno\u015bci wychowanka w internacie rezygnacj\u0119 z wy\u017cywienia nale\u017cy zg\u0142osi\u0107 przynajmniej dzie\u0144 wcze\u015bniej do godz.          8.30 do Pani Maryli Sochackiej 535 988 437 (od poniedzia\u0142ku do pi\u0105tku)<\/h5>\n\n\n\n<h5 class=\"wp-block-heading\">       <em><strong>Nie&nbsp;ma mo\u017cliwo\u015bci wypisania&nbsp;wychowanka z&nbsp;wy\u017cywienia w&nbsp;dniu jego nieobecno\u015bci.&nbsp;<\/strong><\/em><\/h5>\n\n\n\n<h4 class=\"wp-block-heading\"><span class=\"has-inline-color has-vivid-red-color\"><strong>Zakwaterowanie w internacie w niedziel\u0119 od 18.00 do 22.00 <\/strong><\/span><\/h4>\n\n\n\n<p><\/p>\n","protected":false},"excerpt":{"rendered":"<p>Od 01 kwietnia 2022 r. stawka za ca\u0142odzienne wy\u017cywienie wynosi 19,00 z\u0142 Numer&nbsp;konta, na kt\u00f3ry nale\u017cy uregulowa\u0107 odp\u0142atno\u015b\u0107 za&nbsp;wy\u017cywienie: Szko\u0142a Podstawowa w Karlinie ul.&nbsp;Traugutta 2 78-230 Karlino Numer konta: 52 1020 2821 0000 1002 0119 4034 W tytule przelewu nale\u017cy wpisa\u0107: \u201eimi\u0119 i nazwisko wychowanka; wy\u017cywienie \u2013 internat za miesi\u0105c: \u2026\u201d Termin p\u0142atno\u015bci:&nbsp;do 5 dnia &hellip; <\/p>\n<p><a class=\"more-link btn\" href=\"https:\/\/zskarlino.pl\/?p=19141\">Czytaj dalej<\/a><\/p>\n","protected":false},"author":3,"featured_media":0,"comment_status":"closed","ping_status":"closed","sticky":false,"template":"","format":"standard","meta":{"footnotes":""},"categories":[3],"tags":[],"class_list":["post-19141","post","type-post","status-publish","format-standard","hentry","category-wydarzenia","item-wrap"],"_links":{"self":[{"href":"https:\/\/zskarlino.pl\/index.php?rest_route=\/wp\/v2\/posts\/19141","targetHints":{"allow":["GET"]}}],"collection":[{"href":"https:\/\/zskarlino.pl\/index.php?rest_route=\/wp\/v2\/posts"}],"about":[{"href":"https:\/\/zskarlino.pl\/index.php?rest_route=\/wp\/v2\/types\/post"}],"author":[{"embeddable":true,"href":"https:\/\/zskarlino.pl\/index.php?rest_route=\/wp\/v2\/users\/3"}],"replies":[{"embeddable":true,"href":"https:\/\/zskarlino.pl\/index.php?rest_route=%2Fwp%2Fv2%2Fcomments&post=19141"}],"version-history":[{"count":12,"href":"https:\/\/zskarlino.pl\/index.php?rest_route=\/wp\/v2\/posts\/19141\/revisions"}],"predecessor-version":[{"id":19186,"href":"https:\/\/zskarlino.pl\/index.php?rest_route=\/wp\/v2\/posts\/19141\/revisions\/19186"}],"wp:attachment":[{"href":"https:\/\/zskarlino.pl\/index.php?rest_route=%2Fwp%2Fv2%2Fmedia&parent=19141"}],"wp:term":[{"taxonomy":"category","embeddable":true,"href":"https:\/\/zskarlino.pl\/index.php?rest_route=%2Fwp%2Fv2%2Fcategories&post=19141"},{"taxonomy":"post_tag","embeddable":true,"href":"https:\/\/zskarlino.pl\/index.php?rest_route=%2Fwp%2Fv2%2Ftags&post=19141"}],"curies":[{"name":"wp","href":"https:\/\/api.w.org\/{rel}","templated":true}]}}