{"id":19126,"date":"2022-03-25T17:17:00","date_gmt":"2022-03-25T16:17:00","guid":{"rendered":"https:\/\/zskarlino.pl\/?p=19126"},"modified":"2023-05-08T09:45:29","modified_gmt":"2023-05-08T07:45:29","slug":"projekt-grantowy-pn-pomorze-zachodnie-wsparcie-psychologiczno-pedagogiczne","status":"publish","type":"post","link":"https:\/\/zskarlino.pl\/?p=19126","title":{"rendered":"Projekt grantowy pn. Pomorze Zachodnie &#8211; Wsparcie                          Psychologiczno &#8211; Pedagogiczne"},"content":{"rendered":"\n<p><strong>Gmina Karlino realizuje projekt grantowy pn. POMORZE ZACHODNIE \u2013 WSPARCIE PSYCHOLOGICZNO &#8211; PEDAGOGICZNE&nbsp; wsp\u00f3\u0142finansowany przez Uni\u0119 Europejsk\u0105 w ramach Europejskiego Funduszu Spo\u0142ecznego Dzia\u0142anie 7.7 Wdro\u017cenie program\u00f3w wczesnego wykrywania wad rozwojowych i rehabilitacji dzieci z niepe\u0142nosprawno\u015bciami oraz zagro\u017conych niepe\u0142nosprawno\u015bci\u0105 oraz przedsi\u0119wzi\u0119\u0107 zwi\u0105zanych z walk\u0105 i zapobieganiem COVID-19 Regionalny Program Operacyjny Wojew\u00f3dztwa Zachodniopomorskiego 2014-2020, typ projektu 2f grantowego dla jednostek samorz\u0105du terytorialnego i ich jednostek organizacyjnych na finansowanie pomocy psychologiczno-pedagogicznej dla uczni\u00f3w \u2013 z uwagi na zwi\u0119kszone zapotrzebowanie w tym zakresie wynikaj\u0105ce z pandemii COVID-19, na postawie umowy nr WWS\/30\/2022 z dnia 04.03.2022 r. o powierzenie grantu.<\/strong><\/p>\n\n\n\n<p>Beneficjentem Projektu\/Grantodawc\u0105 jest Wojew\u00f3dztwo Zachodniopomorskie. <br><\/p>\n\n\n\n<p>Celem g\u0142\u00f3wnym Projektu jest minimalizacja negatywnych skutk\u00f3w zwi\u0105zanych z wyst\u0119powaniem pandemii Covid-19 poprzez dora\u017anie wsparcie psychologiczno-pedagogiczne.<\/p>\n\n\n\n<p>Wsparciem psychologiczno-pedagogicznym zosta\u0142o obj\u0119tych&nbsp; 254 uczni\u00f3w ze szk\u00f3\u0142 podstawowych i ponadpodstawowych z terenu Gminy Karlino tj.: <br>&#8211; Szko\u0142a Podstawowa im. Bohater\u00f3w 6 Pomorskiej Dywizji Piechoty w Karlinie,<br>&#8211; Szko\u0142a Podstawowa w Daszewie,<br>&#8211; Szko\u0142a Podstawowa w Kar\u015bcinie,<br>&#8211; Szko\u0142a Podstawowa im. Macieja Rataja w Karwinie,<br>&#8211; Zesp\u00f3\u0142 Szk\u00f3\u0142 w Karlinie.<\/p>\n\n\n\n<p>Dzi\u0119ki przyznanemu wsparciu w szko\u0142ach realizowane s\u0105 nast\u0119puj\u0105ce zaj\u0119cia dodatkowe:<br>1)zaj\u0119cia dydaktyczno-wyr\u00f3wnawcze z j\u0119zyka polskiego, matematyki i j\u0119zyka angielskiego,<br>2) zaj\u0119cia rozwijaj\u0105ce uzdolnienia,<br>3) zaj\u0119cia rozwijaj\u0105ce umiej\u0119tno\u015b\u0107 uczenia si\u0119,<br>4) zaj\u0119cia zwi\u0105zane z wyborem kierunku kszta\u0142cenia i zawodu,<br>5) zaj\u0119cia specjalistyczne korekcyjno-kompensacyjne i logopedyczne.<br><br>Termin realizacji grantu: od dnia 01.10.2021 r. do dnia 24.06.2022 r.<\/p>\n\n\n\n<p><strong>Warto\u015b\u0107 przyznanego grantu: 98&nbsp;212,80 z\u0142<br>w tym dofinansowanie z UE: 92&nbsp;811,10 z\u0142<br>Warto\u015b\u0107 wk\u0142adu w\u0142asnego Gminy Karlino: 5401,70 z\u0142<\/strong><\/p>\n\n\n\n<figure class=\"wp-block-image size-full\"><a href=\"https:\/\/zskarlino.pl\/wp-content\/uploads\/2022\/03\/image.png\" rel=\"lightbox[19126]\"><img loading=\"lazy\" decoding=\"async\" width=\"949\" height=\"91\" src=\"https:\/\/zskarlino.pl\/wp-content\/uploads\/2022\/03\/image.png\" alt=\"\" class=\"wp-image-19127\" srcset=\"https:\/\/zskarlino.pl\/wp-content\/uploads\/2022\/03\/image.png 949w, https:\/\/zskarlino.pl\/wp-content\/uploads\/2022\/03\/image-300x29.png 300w, https:\/\/zskarlino.pl\/wp-content\/uploads\/2022\/03\/image-768x74.png 768w, https:\/\/zskarlino.pl\/wp-content\/uploads\/2022\/03\/image-750x72.png 750w\" sizes=\"auto, (max-width: 949px) 100vw, 949px\" \/><\/a><figcaption>Grafika przedstawia logotypy projektu edukacyjnego wraz z nazwali grantodawc\u00f3w: Fundusze Europejskie Program Regionalny- niebieski nieregularny czworok\u0105t z gwiazdami w kolorach \u017c\u00f3\u0142tym, bia\u0142ym i czerwonym, Reczpospolita Polska  Flaga bia\u0142o-czerwona, Pomorze Zachodnie znak &#8222;V&#8221; u\u0142o\u017cony z zielono-\u017c\u00f3\u0142to-niebieskich element\u00f3w, Unia Europejska Europejski Fundusz Spo\u0142eczny z flag\u0105 unijn\u0105 &#8211; niebieski prostok\u0105t z \u017c\u00f3\u0142tymi gwiazdami u\u0142o\u017conymi w kole<\/figcaption><\/figure>\n\n\n\n<p><\/p>\n","protected":false},"excerpt":{"rendered":"<p>Gmina Karlino realizuje projekt grantowy pn. POMORZE ZACHODNIE \u2013 WSPARCIE PSYCHOLOGICZNO &#8211; PEDAGOGICZNE&nbsp; wsp\u00f3\u0142finansowany przez Uni\u0119 Europejsk\u0105 w ramach Europejskiego Funduszu Spo\u0142ecznego Dzia\u0142anie 7.7 Wdro\u017cenie program\u00f3w wczesnego wykrywania wad rozwojowych i rehabilitacji dzieci z niepe\u0142nosprawno\u015bciami oraz zagro\u017conych niepe\u0142nosprawno\u015bci\u0105 oraz przedsi\u0119wzi\u0119\u0107 zwi\u0105zanych z walk\u0105 i zapobieganiem COVID-19 Regionalny Program Operacyjny Wojew\u00f3dztwa Zachodniopomorskiego 2014-2020, typ projektu 2f &hellip; <\/p>\n<p><a class=\"more-link btn\" href=\"https:\/\/zskarlino.pl\/?p=19126\">Czytaj dalej<\/a><\/p>\n","protected":false},"author":8,"featured_media":0,"comment_status":"closed","ping_status":"closed","sticky":false,"template":"","format":"standard","meta":{"footnotes":""},"categories":[3],"tags":[],"class_list":["post-19126","post","type-post","status-publish","format-standard","hentry","category-wydarzenia","item-wrap"],"_links":{"self":[{"href":"https:\/\/zskarlino.pl\/index.php?rest_route=\/wp\/v2\/posts\/19126","targetHints":{"allow":["GET"]}}],"collection":[{"href":"https:\/\/zskarlino.pl\/index.php?rest_route=\/wp\/v2\/posts"}],"about":[{"href":"https:\/\/zskarlino.pl\/index.php?rest_route=\/wp\/v2\/types\/post"}],"author":[{"embeddable":true,"href":"https:\/\/zskarlino.pl\/index.php?rest_route=\/wp\/v2\/users\/8"}],"replies":[{"embeddable":true,"href":"https:\/\/zskarlino.pl\/index.php?rest_route=%2Fwp%2Fv2%2Fcomments&post=19126"}],"version-history":[{"count":2,"href":"https:\/\/zskarlino.pl\/index.php?rest_route=\/wp\/v2\/posts\/19126\/revisions"}],"predecessor-version":[{"id":19621,"href":"https:\/\/zskarlino.pl\/index.php?rest_route=\/wp\/v2\/posts\/19126\/revisions\/19621"}],"wp:attachment":[{"href":"https:\/\/zskarlino.pl\/index.php?rest_route=%2Fwp%2Fv2%2Fmedia&parent=19126"}],"wp:term":[{"taxonomy":"category","embeddable":true,"href":"https:\/\/zskarlino.pl\/index.php?rest_route=%2Fwp%2Fv2%2Fcategories&post=19126"},{"taxonomy":"post_tag","embeddable":true,"href":"https:\/\/zskarlino.pl\/index.php?rest_route=%2Fwp%2Fv2%2Ftags&post=19126"}],"curies":[{"name":"wp","href":"https:\/\/api.w.org\/{rel}","templated":true}]}}