{"id":19103,"date":"2022-03-15T13:57:29","date_gmt":"2022-03-15T12:57:29","guid":{"rendered":"https:\/\/zskarlino.pl\/?p=19103"},"modified":"2022-03-15T13:59:20","modified_gmt":"2022-03-15T12:59:20","slug":"15-marca-swiatowy-dzien-konsumenta","status":"publish","type":"post","link":"https:\/\/zskarlino.pl\/?p=19103","title":{"rendered":"15 marca \u2013 \u015awiatowy Dzie\u0144 Konsumenta"},"content":{"rendered":"\n<p>Pierwszy \u015awiatowy Dzie\u0144 Konsumenta, znany r\u00f3wnie\u017c jako \u015awiatowy Dzie\u0144 Praw Konsumenta \u2013 odby\u0142 si\u0119 w 1983 r. w rocznic\u0119 przem\u00f3wienia Johna F. Kennedy\u2019ego, wyg\u0142oszonego w 1962 r. w Kongresie Stan\u00f3w Zjednoczonych. Prezydent USA sformu\u0142owa\u0142 w\u00f3wczas cztery podstawowe prawa konsument\u00f3w, tj.: do informacji, do wyboru, do bezpiecze\u0144stwa, do reprezentacji. W Polsce \u015awiatowy Dzie\u0144 Konsumenta obchodzony jest oficjalnie od roku 2000. Do obchod\u00f3w w\u0142\u0105cza si\u0119 Urz\u0105d Ochrony Konkurencji i Konsument\u00f3w i organizacje pozarz\u0105dowe.<\/p>\n\n\n\n<p>Jest to dobra okazja do u\u015bwiadomienia sobie o tym, jakie my &#8211; konsumenci mamy prawa i kto nam mo\u017ce pom\u00f3c w ich egzekwowaniu.<\/p>\n\n\n\n<p>15 marca br wszyscy uczniowie w ramach przedmiotu Podstawy przedsi\u0119biorczo\u015bci b\u0119d\u0105 mieli okazj\u0119 przypomnie\u0107 sobie o podstawowych prawach konsumenta oraz o sposobie zg\u0142oszenia ewentualnych reklamacji.<\/p>\n\n\n\n<figure class=\"wp-block-gallery columns-3 is-cropped wp-block-gallery-1 is-layout-flex wp-block-gallery-is-layout-flex\"><ul class=\"blocks-gallery-grid\"><li class=\"blocks-gallery-item\"><figure><a href=\"https:\/\/zskarlino.pl\/wp-content\/uploads\/2022\/03\/thumbnail_IMG_0465.jpg\" rel=\"lightbox[19103]\"><img loading=\"lazy\" decoding=\"async\" width=\"768\" height=\"1024\" src=\"https:\/\/zskarlino.pl\/wp-content\/uploads\/2022\/03\/thumbnail_IMG_0465-768x1024.jpg\" alt=\"\" data-id=\"19104\" data-full-url=\"https:\/\/zskarlino.pl\/wp-content\/uploads\/2022\/03\/thumbnail_IMG_0465.jpg\" data-link=\"https:\/\/zskarlino.pl\/?attachment_id=19104\" class=\"wp-image-19104\" srcset=\"https:\/\/zskarlino.pl\/wp-content\/uploads\/2022\/03\/thumbnail_IMG_0465-768x1024.jpg 768w, https:\/\/zskarlino.pl\/wp-content\/uploads\/2022\/03\/thumbnail_IMG_0465-225x300.jpg 225w, https:\/\/zskarlino.pl\/wp-content\/uploads\/2022\/03\/thumbnail_IMG_0465-750x1000.jpg 750w, https:\/\/zskarlino.pl\/wp-content\/uploads\/2022\/03\/thumbnail_IMG_0465.jpg 960w\" sizes=\"auto, (max-width: 768px) 100vw, 768px\" \/><\/a><\/figure><\/li><li class=\"blocks-gallery-item\"><figure><a href=\"https:\/\/zskarlino.pl\/wp-content\/uploads\/2022\/03\/thumbnail_IMG_0464.jpg\" rel=\"lightbox[19103]\"><img loading=\"lazy\" decoding=\"async\" width=\"768\" height=\"1024\" src=\"https:\/\/zskarlino.pl\/wp-content\/uploads\/2022\/03\/thumbnail_IMG_0464-768x1024.jpg\" alt=\"\" data-id=\"19105\" data-full-url=\"https:\/\/zskarlino.pl\/wp-content\/uploads\/2022\/03\/thumbnail_IMG_0464.jpg\" data-link=\"https:\/\/zskarlino.pl\/?attachment_id=19105\" class=\"wp-image-19105\" srcset=\"https:\/\/zskarlino.pl\/wp-content\/uploads\/2022\/03\/thumbnail_IMG_0464-768x1024.jpg 768w, https:\/\/zskarlino.pl\/wp-content\/uploads\/2022\/03\/thumbnail_IMG_0464-225x300.jpg 225w, https:\/\/zskarlino.pl\/wp-content\/uploads\/2022\/03\/thumbnail_IMG_0464-750x1000.jpg 750w, https:\/\/zskarlino.pl\/wp-content\/uploads\/2022\/03\/thumbnail_IMG_0464.jpg 960w\" sizes=\"auto, (max-width: 768px) 100vw, 768px\" \/><\/a><\/figure><\/li><li class=\"blocks-gallery-item\"><figure><a href=\"https:\/\/zskarlino.pl\/wp-content\/uploads\/2022\/03\/thumbnail_IMG_0463.jpg\" rel=\"lightbox[19103]\"><img loading=\"lazy\" decoding=\"async\" width=\"768\" height=\"1024\" src=\"https:\/\/zskarlino.pl\/wp-content\/uploads\/2022\/03\/thumbnail_IMG_0463-768x1024.jpg\" alt=\"\" data-id=\"19106\" data-full-url=\"https:\/\/zskarlino.pl\/wp-content\/uploads\/2022\/03\/thumbnail_IMG_0463.jpg\" data-link=\"https:\/\/zskarlino.pl\/?attachment_id=19106\" class=\"wp-image-19106\" srcset=\"https:\/\/zskarlino.pl\/wp-content\/uploads\/2022\/03\/thumbnail_IMG_0463-768x1024.jpg 768w, https:\/\/zskarlino.pl\/wp-content\/uploads\/2022\/03\/thumbnail_IMG_0463-225x300.jpg 225w, https:\/\/zskarlino.pl\/wp-content\/uploads\/2022\/03\/thumbnail_IMG_0463-750x1000.jpg 750w, https:\/\/zskarlino.pl\/wp-content\/uploads\/2022\/03\/thumbnail_IMG_0463.jpg 960w\" sizes=\"auto, (max-width: 768px) 100vw, 768px\" \/><\/a><\/figure><\/li><li class=\"blocks-gallery-item\"><figure><a href=\"https:\/\/zskarlino.pl\/wp-content\/uploads\/2022\/03\/thumbnail_IMG_0462.jpg\" rel=\"lightbox[19103]\"><img loading=\"lazy\" decoding=\"async\" width=\"768\" height=\"1024\" src=\"https:\/\/zskarlino.pl\/wp-content\/uploads\/2022\/03\/thumbnail_IMG_0462-768x1024.jpg\" alt=\"\" data-id=\"19107\" data-full-url=\"https:\/\/zskarlino.pl\/wp-content\/uploads\/2022\/03\/thumbnail_IMG_0462.jpg\" data-link=\"https:\/\/zskarlino.pl\/?attachment_id=19107\" class=\"wp-image-19107\" srcset=\"https:\/\/zskarlino.pl\/wp-content\/uploads\/2022\/03\/thumbnail_IMG_0462-768x1024.jpg 768w, https:\/\/zskarlino.pl\/wp-content\/uploads\/2022\/03\/thumbnail_IMG_0462-225x300.jpg 225w, https:\/\/zskarlino.pl\/wp-content\/uploads\/2022\/03\/thumbnail_IMG_0462-750x1000.jpg 750w, https:\/\/zskarlino.pl\/wp-content\/uploads\/2022\/03\/thumbnail_IMG_0462.jpg 960w\" sizes=\"auto, (max-width: 768px) 100vw, 768px\" \/><\/a><\/figure><\/li><li class=\"blocks-gallery-item\"><figure><a href=\"https:\/\/zskarlino.pl\/wp-content\/uploads\/2022\/03\/thumbnail_IMG_0460.jpg\" rel=\"lightbox[19103]\"><img loading=\"lazy\" decoding=\"async\" width=\"768\" height=\"1024\" src=\"https:\/\/zskarlino.pl\/wp-content\/uploads\/2022\/03\/thumbnail_IMG_0460-768x1024.jpg\" alt=\"\" data-id=\"19109\" data-full-url=\"https:\/\/zskarlino.pl\/wp-content\/uploads\/2022\/03\/thumbnail_IMG_0460.jpg\" data-link=\"https:\/\/zskarlino.pl\/?attachment_id=19109\" class=\"wp-image-19109\" srcset=\"https:\/\/zskarlino.pl\/wp-content\/uploads\/2022\/03\/thumbnail_IMG_0460-768x1024.jpg 768w, https:\/\/zskarlino.pl\/wp-content\/uploads\/2022\/03\/thumbnail_IMG_0460-225x300.jpg 225w, https:\/\/zskarlino.pl\/wp-content\/uploads\/2022\/03\/thumbnail_IMG_0460-750x1000.jpg 750w, https:\/\/zskarlino.pl\/wp-content\/uploads\/2022\/03\/thumbnail_IMG_0460.jpg 960w\" sizes=\"auto, (max-width: 768px) 100vw, 768px\" \/><\/a><\/figure><\/li><li class=\"blocks-gallery-item\"><figure><a href=\"https:\/\/zskarlino.pl\/wp-content\/uploads\/2022\/03\/thumbnail_IMG_0459.jpg\" rel=\"lightbox[19103]\"><img loading=\"lazy\" decoding=\"async\" width=\"768\" height=\"1024\" src=\"https:\/\/zskarlino.pl\/wp-content\/uploads\/2022\/03\/thumbnail_IMG_0459-768x1024.jpg\" alt=\"\" data-id=\"19110\" data-full-url=\"https:\/\/zskarlino.pl\/wp-content\/uploads\/2022\/03\/thumbnail_IMG_0459.jpg\" data-link=\"https:\/\/zskarlino.pl\/?attachment_id=19110\" class=\"wp-image-19110\" srcset=\"https:\/\/zskarlino.pl\/wp-content\/uploads\/2022\/03\/thumbnail_IMG_0459-768x1024.jpg 768w, https:\/\/zskarlino.pl\/wp-content\/uploads\/2022\/03\/thumbnail_IMG_0459-225x300.jpg 225w, https:\/\/zskarlino.pl\/wp-content\/uploads\/2022\/03\/thumbnail_IMG_0459-750x1000.jpg 750w, https:\/\/zskarlino.pl\/wp-content\/uploads\/2022\/03\/thumbnail_IMG_0459.jpg 960w\" sizes=\"auto, (max-width: 768px) 100vw, 768px\" \/><\/a><\/figure><\/li><\/ul><figcaption class=\"blocks-gallery-caption\"><sup>Galeria przedstawia uczni\u00f3w ZSKarlino bior\u0105cych udzia\u0142 w &#8222;\u015awiatowym Dniu Konsumenta&#8221;<\/sup><\/figcaption><\/figure>\n\n\n\n<p><\/p>\n","protected":false},"excerpt":{"rendered":"<p>Pierwszy \u015awiatowy Dzie\u0144 Konsumenta, znany r\u00f3wnie\u017c jako \u015awiatowy Dzie\u0144 Praw Konsumenta \u2013 odby\u0142 si\u0119 w 1983 r. w rocznic\u0119 przem\u00f3wienia Johna F. Kennedy\u2019ego, wyg\u0142oszonego w 1962 r. w Kongresie Stan\u00f3w Zjednoczonych. Prezydent USA sformu\u0142owa\u0142 w\u00f3wczas cztery podstawowe prawa konsument\u00f3w, tj.: do informacji, do wyboru, do bezpiecze\u0144stwa, do reprezentacji. W Polsce \u015awiatowy Dzie\u0144 Konsumenta obchodzony jest &hellip; <\/p>\n<p><a class=\"more-link btn\" href=\"https:\/\/zskarlino.pl\/?p=19103\">Czytaj dalej<\/a><\/p>\n","protected":false},"author":4,"featured_media":0,"comment_status":"closed","ping_status":"closed","sticky":false,"template":"","format":"standard","meta":{"footnotes":""},"categories":[3],"tags":[],"class_list":["post-19103","post","type-post","status-publish","format-standard","hentry","category-wydarzenia","item-wrap"],"_links":{"self":[{"href":"https:\/\/zskarlino.pl\/index.php?rest_route=\/wp\/v2\/posts\/19103","targetHints":{"allow":["GET"]}}],"collection":[{"href":"https:\/\/zskarlino.pl\/index.php?rest_route=\/wp\/v2\/posts"}],"about":[{"href":"https:\/\/zskarlino.pl\/index.php?rest_route=\/wp\/v2\/types\/post"}],"author":[{"embeddable":true,"href":"https:\/\/zskarlino.pl\/index.php?rest_route=\/wp\/v2\/users\/4"}],"replies":[{"embeddable":true,"href":"https:\/\/zskarlino.pl\/index.php?rest_route=%2Fwp%2Fv2%2Fcomments&post=19103"}],"version-history":[{"count":2,"href":"https:\/\/zskarlino.pl\/index.php?rest_route=\/wp\/v2\/posts\/19103\/revisions"}],"predecessor-version":[{"id":19112,"href":"https:\/\/zskarlino.pl\/index.php?rest_route=\/wp\/v2\/posts\/19103\/revisions\/19112"}],"wp:attachment":[{"href":"https:\/\/zskarlino.pl\/index.php?rest_route=%2Fwp%2Fv2%2Fmedia&parent=19103"}],"wp:term":[{"taxonomy":"category","embeddable":true,"href":"https:\/\/zskarlino.pl\/index.php?rest_route=%2Fwp%2Fv2%2Fcategories&post=19103"},{"taxonomy":"post_tag","embeddable":true,"href":"https:\/\/zskarlino.pl\/index.php?rest_route=%2Fwp%2Fv2%2Ftags&post=19103"}],"curies":[{"name":"wp","href":"https:\/\/api.w.org\/{rel}","templated":true}]}}