{"id":19020,"date":"2022-02-26T14:30:00","date_gmt":"2022-02-26T13:30:00","guid":{"rendered":"http:\/\/zskarlino.pl\/?p=19020"},"modified":"2022-02-26T15:59:16","modified_gmt":"2022-02-26T14:59:16","slug":"solidarni-z-ukraina","status":"publish","type":"post","link":"https:\/\/zskarlino.pl\/?p=19020","title":{"rendered":"#Solidarni z Ukrain\u0105"},"content":{"rendered":"\n<p>Drodzy PRZYJACIELE Zespo\u0142u Szk\u00f3\u0142 w Karlinie!<\/p>\n\n\n\n<p>W tym trudnym czasie dla naszych ukrai\u0144skich &nbsp;s\u0105siad\u00f3w, a tym samym naszych ukrai\u0144skich uczni\u00f3w, doceniamy p\u0142yn\u0105ce do nas z wszystkich stron sygna\u0142y ch\u0119ci pomocy i przejawy sympatii! Nigdy nie mieli\u015bmy w\u0105tpliwo\u015bci o wielkich sercach spo\u0142eczno\u015bci naszego regionu, a zw\u0142aszcza naszej ma\u0142ej ojczyzny-Karlina.<\/p>\n\n\n\n<p>Nasi ukrai\u0144scy uczniowie s\u0105 wzruszeni wszystkimi przejawami solidarno\u015bci z nimi i doceniaj\u0105 ogrom dobra, kt\u00f3re ich tutaj spotyka.<\/p>\n\n\n\n<p>Wraz z W\u0142odarzami Karlina monitorujemy na bie\u017c\u0105co najwa\u017cniejsze potrzeby naszych uczni\u00f3w-te materialne i emocjonalne. Nawet je\u017celi teraz s\u0105 one zaspokojone, bo jeszcze maj\u0105 oni \u015brodki finansowe, a od nas otrzymuj\u0105 wsparcie emocjonalne i opiek\u0119 psychologiczn\u0105, to musimy mie\u0107 \u015bwiadomo\u015b\u0107, \u017ce w miar\u0119 przed\u0142u\u017cania si\u0119, czy te\u017c eskalacji konfliktu \u2013 sytuacja mo\u017ce si\u0119 drastycznie zmieni\u0107. I wtedy b\u0119dziemy prosi\u0107 Pa\u0144stwa o wsparcie w ka\u017cdej postaci. Cieszymy si\u0119, \u017ce ju\u017c teraz takie sygna\u0142y do nas dochodz\u0105 i za wszystkie OGROMNIE DZI\u0118KUJEMY!<\/p>\n\n\n\n<p>W Gminie Karlino powsta\u0142 zesp\u00f3\u0142 koordynuj\u0105cy konieczne formy pomocy dla potrzebuj\u0105cych z Ukrainy. W przypadku ch\u0119ci dzielenia si\u0119 dobrem zach\u0119camy do bezpo\u015bredniego kontaktu pod nr tel. 690\u00a0990 254 lub mailowo mgops@karlino.pl, a Pa\u0144stwa pomoc na pewno trafi r\u00f3wnie\u017c do naszych uczni\u00f3w.<\/p>\n\n\n\n<p>WA\u017bNE!<\/p>\n\n\n\n<p>Nasi uczniowie to m\u0142ode, odwa\u017cne i zaanga\u017cowane osoby, kt\u00f3re potrafi\u0105 doceni\u0107 to, co osi\u0105gaj\u0105 w\u0142asn\u0105 prac\u0105, dlatego je\u017celi kto\u015b z Pa\u0144stwa chcia\u0142by teraz wesprze\u0107 ich w postaci propozycji dora\u017anej pracy \u2013 w weekendy lub popo\u0142udniami to zach\u0119camy do kontaktu z nami tel. 535 986\u00a0126 (w godzinach pracy szko\u0142y) lub mailowo: zskarlino@zskarlino.pl <\/p>\n\n\n\n<p>Wszyscy liczymy na szybkie zako\u0144czenie konfliktu i wierzymy, \u017ce pok\u00f3j wkr\u00f3tce zapanuje na Ukrainie.<\/p>\n\n\n\n<p>SOLIDARNI Z UKRAIN\u0104<img loading=\"lazy\" decoding=\"async\" height=\"16\" width=\"16\" alt=\"\ud83d\udc99\" src=\"https:\/\/static.xx.fbcdn.net\/images\/emoji.php\/v9\/t6c\/1\/16\/1f499.png\"><img loading=\"lazy\" decoding=\"async\" height=\"16\" width=\"16\" alt=\"\ud83d\udc9b\" src=\"https:\/\/static.xx.fbcdn.net\/images\/emoji.php\/v9\/t15\/1\/16\/1f49b.png\">Infolinia- bezp\u0142atne wsparcie psychologiczne w j\u0119zyku ukrai\u0144skim, rosyjskim, polskim.<\/p>\n\n\n\n<figure class=\"wp-block-gallery columns-3 is-cropped wp-block-gallery-1 is-layout-flex wp-block-gallery-is-layout-flex\"><ul class=\"blocks-gallery-grid\"><li class=\"blocks-gallery-item\"><figure><a href=\"http:\/\/zskarlino.pl\/wp-content\/uploads\/2022\/02\/grafika-3.png\" rel=\"lightbox[19020]\"><img loading=\"lazy\" decoding=\"async\" width=\"920\" height=\"920\" src=\"http:\/\/zskarlino.pl\/wp-content\/uploads\/2022\/02\/grafika-3.png\" alt=\"\" data-id=\"19025\" data-full-url=\"http:\/\/zskarlino.pl\/wp-content\/uploads\/2022\/02\/grafika-3.png\" data-link=\"http:\/\/zskarlino.pl\/?attachment_id=19025\" class=\"wp-image-19025\" srcset=\"https:\/\/zskarlino.pl\/wp-content\/uploads\/2022\/02\/grafika-3.png 920w, https:\/\/zskarlino.pl\/wp-content\/uploads\/2022\/02\/grafika-3-300x300.png 300w, https:\/\/zskarlino.pl\/wp-content\/uploads\/2022\/02\/grafika-3-150x150.png 150w, https:\/\/zskarlino.pl\/wp-content\/uploads\/2022\/02\/grafika-3-768x768.png 768w, https:\/\/zskarlino.pl\/wp-content\/uploads\/2022\/02\/grafika-3-750x750.png 750w\" sizes=\"auto, (max-width: 920px) 100vw, 920px\" \/><\/a><\/figure><\/li><li class=\"blocks-gallery-item\"><figure><a href=\"http:\/\/zskarlino.pl\/wp-content\/uploads\/2022\/02\/grafika-2.png\" rel=\"lightbox[19020]\"><img loading=\"lazy\" decoding=\"async\" width=\"435\" height=\"435\" src=\"http:\/\/zskarlino.pl\/wp-content\/uploads\/2022\/02\/grafika-2.png\" alt=\"\" data-id=\"19026\" data-full-url=\"http:\/\/zskarlino.pl\/wp-content\/uploads\/2022\/02\/grafika-2.png\" data-link=\"http:\/\/zskarlino.pl\/?attachment_id=19026\" class=\"wp-image-19026\" srcset=\"https:\/\/zskarlino.pl\/wp-content\/uploads\/2022\/02\/grafika-2.png 435w, https:\/\/zskarlino.pl\/wp-content\/uploads\/2022\/02\/grafika-2-300x300.png 300w, https:\/\/zskarlino.pl\/wp-content\/uploads\/2022\/02\/grafika-2-150x150.png 150w\" sizes=\"auto, (max-width: 435px) 100vw, 435px\" \/><\/a><\/figure><\/li><li class=\"blocks-gallery-item\"><figure><a href=\"http:\/\/zskarlino.pl\/wp-content\/uploads\/2022\/02\/grafika-1.png\" rel=\"lightbox[19020]\"><img loading=\"lazy\" decoding=\"async\" width=\"591\" height=\"591\" src=\"http:\/\/zskarlino.pl\/wp-content\/uploads\/2022\/02\/grafika-1.png\" alt=\"\" data-id=\"19027\" data-full-url=\"http:\/\/zskarlino.pl\/wp-content\/uploads\/2022\/02\/grafika-1.png\" data-link=\"http:\/\/zskarlino.pl\/?attachment_id=19027\" class=\"wp-image-19027\" srcset=\"https:\/\/zskarlino.pl\/wp-content\/uploads\/2022\/02\/grafika-1.png 591w, https:\/\/zskarlino.pl\/wp-content\/uploads\/2022\/02\/grafika-1-300x300.png 300w, https:\/\/zskarlino.pl\/wp-content\/uploads\/2022\/02\/grafika-1-150x150.png 150w\" sizes=\"auto, (max-width: 591px) 100vw, 591px\" \/><\/a><\/figure><\/li><\/ul><\/figure>\n\n\n\n<figure class=\"wp-block-image size-large\"><a href=\"http:\/\/zskarlino.pl\/wp-content\/uploads\/2022\/02\/Slajjd3_popr.png\" rel=\"lightbox[19020]\"><img loading=\"lazy\" decoding=\"async\" width=\"1024\" height=\"576\" src=\"http:\/\/zskarlino.pl\/wp-content\/uploads\/2022\/02\/Slajjd3_popr-1024x576.png\" alt=\"\" class=\"wp-image-19022\" srcset=\"https:\/\/zskarlino.pl\/wp-content\/uploads\/2022\/02\/Slajjd3_popr-1024x576.png 1024w, https:\/\/zskarlino.pl\/wp-content\/uploads\/2022\/02\/Slajjd3_popr-300x169.png 300w, https:\/\/zskarlino.pl\/wp-content\/uploads\/2022\/02\/Slajjd3_popr-768x432.png 768w, https:\/\/zskarlino.pl\/wp-content\/uploads\/2022\/02\/Slajjd3_popr-750x422.png 750w, https:\/\/zskarlino.pl\/wp-content\/uploads\/2022\/02\/Slajjd3_popr.png 1312w\" sizes=\"auto, (max-width: 1024px) 100vw, 1024px\" \/><\/a><figcaption>Grafika przedstawia has\u0142o napisane drukowan\u0105 bia\u0142\u0105 czcionk\u0105 &#8222;#SOLIDARNI Z UKRAIN\u0104&#8221; wraz z grafik\u0105 przedstawiaj\u0105c\u0105 splecione d\u0142onie w barwach flagi ukrai\u0144skiej &#8211; granatowo-\u017c\u00f3\u0142tych na tle zdj\u0119cia budynku Zespo\u0142u Szk\u00f3\u0142 w Karlinie <\/figcaption><\/figure>\n","protected":false},"excerpt":{"rendered":"<p>Drodzy PRZYJACIELE Zespo\u0142u Szk\u00f3\u0142 w Karlinie! W tym trudnym czasie dla naszych ukrai\u0144skich &nbsp;s\u0105siad\u00f3w, a tym samym naszych ukrai\u0144skich uczni\u00f3w, doceniamy p\u0142yn\u0105ce do nas z wszystkich stron sygna\u0142y ch\u0119ci pomocy i przejawy sympatii! Nigdy nie mieli\u015bmy w\u0105tpliwo\u015bci o wielkich sercach spo\u0142eczno\u015bci naszego regionu, a zw\u0142aszcza naszej ma\u0142ej ojczyzny-Karlina. Nasi ukrai\u0144scy uczniowie s\u0105 wzruszeni wszystkimi przejawami &hellip; <\/p>\n<p><a class=\"more-link btn\" href=\"https:\/\/zskarlino.pl\/?p=19020\">Czytaj dalej<\/a><\/p>\n","protected":false},"author":8,"featured_media":19022,"comment_status":"closed","ping_status":"closed","sticky":false,"template":"","format":"standard","meta":{"footnotes":""},"categories":[3],"tags":[],"class_list":["post-19020","post","type-post","status-publish","format-standard","has-post-thumbnail","hentry","category-wydarzenia","item-wrap"],"_links":{"self":[{"href":"https:\/\/zskarlino.pl\/index.php?rest_route=\/wp\/v2\/posts\/19020","targetHints":{"allow":["GET"]}}],"collection":[{"href":"https:\/\/zskarlino.pl\/index.php?rest_route=\/wp\/v2\/posts"}],"about":[{"href":"https:\/\/zskarlino.pl\/index.php?rest_route=\/wp\/v2\/types\/post"}],"author":[{"embeddable":true,"href":"https:\/\/zskarlino.pl\/index.php?rest_route=\/wp\/v2\/users\/8"}],"replies":[{"embeddable":true,"href":"https:\/\/zskarlino.pl\/index.php?rest_route=%2Fwp%2Fv2%2Fcomments&post=19020"}],"version-history":[{"count":2,"href":"https:\/\/zskarlino.pl\/index.php?rest_route=\/wp\/v2\/posts\/19020\/revisions"}],"predecessor-version":[{"id":19028,"href":"https:\/\/zskarlino.pl\/index.php?rest_route=\/wp\/v2\/posts\/19020\/revisions\/19028"}],"wp:featuredmedia":[{"embeddable":true,"href":"https:\/\/zskarlino.pl\/index.php?rest_route=\/wp\/v2\/media\/19022"}],"wp:attachment":[{"href":"https:\/\/zskarlino.pl\/index.php?rest_route=%2Fwp%2Fv2%2Fmedia&parent=19020"}],"wp:term":[{"taxonomy":"category","embeddable":true,"href":"https:\/\/zskarlino.pl\/index.php?rest_route=%2Fwp%2Fv2%2Fcategories&post=19020"},{"taxonomy":"post_tag","embeddable":true,"href":"https:\/\/zskarlino.pl\/index.php?rest_route=%2Fwp%2Fv2%2Ftags&post=19020"}],"curies":[{"name":"wp","href":"https:\/\/api.w.org\/{rel}","templated":true}]}}