{"id":19007,"date":"2022-02-21T09:12:00","date_gmt":"2022-02-21T08:12:00","guid":{"rendered":"http:\/\/zskarlino.pl\/?p=19007"},"modified":"2022-02-21T19:04:28","modified_gmt":"2022-02-21T18:04:28","slug":"kolejne-spotkanie-partnerskie-w-ramach-programu-erasmus","status":"publish","type":"post","link":"https:\/\/zskarlino.pl\/?p=19007","title":{"rendered":"Kolejne spotkanie partnerskie w ramach programu Erasmus+"},"content":{"rendered":"\n<p>W dniach 16-18.02 &#8211; nasi uczniowie wzi\u0119li udzia\u0142 w kolejnym ju\u017c mi\u0119dzynarodowym spotkaniu, odbywaj\u0105cym si\u0119 w ramach realizacji projektu Erasmus +, zatytu\u0142owanym &#8222;Two Faces of Technology. Isolation and Opportunities&#8221;.\u00a0<br>Tym razem, nasze spotkanie odby\u0142o si\u0119 w Czechach, gdzie mieli\u015bmy okazj\u0119 zapozna\u0107 si\u0119 z technologicznymi nowo\u015bciami edukacyjnymi u\u017cywanymi na co dzie\u0144 w szkole w Pil\u017anie, zastosowa\u0107 te nowo\u015bci w aplikacjach u\u017cywanych w trakcie zaj\u0119\u0107 w fitness club oraz podczas zwiedzania dw\u00f3ch wielkich i pi\u0119knych miast Pilzna oraz Pragi.\u00a0By\u0142o to nasze kolejne spotkanie w Pilznie, bo wcze\u015bniej w maju 2021 roku uczestniczyli\u015bmy w spotkaniach online.\u00a0\u00a0<\/p>\n\n\n\n<p>Nasz\u0105 mobilno\u015b\u0107 uatrakcyjni\u0142y wizyty w dw\u00f3ch wa\u017cnych technologicznie dla naszych po\u0142udniowych s\u0105siad\u00f3w miejscach. Ogromne wra\u017cenie zrobi\u0142a na nas wizyta w Techmania Science Centre i jego Planetarium, gdzie przez do\u015bwiadczenia przechodzili\u015bmy przez r\u00f3\u017cne dzia\u0142y nauki. Natomiast dodatkow\u0105, nietypow\u0105 podr\u00f3\u017c\u0105 przez ostatnie stulecia, by\u0142a wizyta w browarze, gdzie mogli\u015bmy zaobserwowa\u0107 w jakim spos\u00f3b przemiany technologiczne wp\u0142ywa\u0142y na procesy produkcyjne bardzo charakterystycznego dla tamtego regionu napoju.\u00a0 <br>Ca\u0142emu spotkaniu towarzyszy\u0142o poznawanie czeskiej kultury, \u010deskich knedli\u010dk\u00f3w oraz przemi\u0142a atmosfera.\u00a0<\/p>\n\n\n\n<p>Dzi\u0119kujemy naszym czeskim Gospodarzom, a zw\u0142aszcza Ninie Scerbovej i Annie Arnetowej za wspania\u0142\u0105 go\u015bcin\u0119!\u00a0<\/p>\n\n\n\n<p>Wi\u0119cej zdj\u0119\u0107 z naszej wyprawy na naszym szkolnym FB!<\/p>\n\n\n\n<figure class=\"wp-block-gallery columns-2 is-cropped wp-block-gallery-1 is-layout-flex wp-block-gallery-is-layout-flex\"><ul class=\"blocks-gallery-grid\"><li class=\"blocks-gallery-item\"><figure><a href=\"http:\/\/zskarlino.pl\/wp-content\/uploads\/2022\/02\/PHOTO-2022-02-18-09-40-16.jpg\" rel=\"lightbox[19007]\"><img loading=\"lazy\" decoding=\"async\" width=\"1024\" height=\"534\" src=\"http:\/\/zskarlino.pl\/wp-content\/uploads\/2022\/02\/PHOTO-2022-02-18-09-40-16-1024x534.jpg\" alt=\"\" data-id=\"19008\" data-full-url=\"http:\/\/zskarlino.pl\/wp-content\/uploads\/2022\/02\/PHOTO-2022-02-18-09-40-16.jpg\" data-link=\"http:\/\/zskarlino.pl\/?attachment_id=19008\" class=\"wp-image-19008\" srcset=\"https:\/\/zskarlino.pl\/wp-content\/uploads\/2022\/02\/PHOTO-2022-02-18-09-40-16-1024x534.jpg 1024w, https:\/\/zskarlino.pl\/wp-content\/uploads\/2022\/02\/PHOTO-2022-02-18-09-40-16-300x156.jpg 300w, https:\/\/zskarlino.pl\/wp-content\/uploads\/2022\/02\/PHOTO-2022-02-18-09-40-16-768x401.jpg 768w, https:\/\/zskarlino.pl\/wp-content\/uploads\/2022\/02\/PHOTO-2022-02-18-09-40-16-1536x801.jpg 1536w, https:\/\/zskarlino.pl\/wp-content\/uploads\/2022\/02\/PHOTO-2022-02-18-09-40-16-750x391.jpg 750w, https:\/\/zskarlino.pl\/wp-content\/uploads\/2022\/02\/PHOTO-2022-02-18-09-40-16.jpg 2048w\" sizes=\"auto, (max-width: 1024px) 100vw, 1024px\" \/><\/a><figcaption class=\"blocks-gallery-item__caption\"><em>Zdj\u0119cie przedstawia grup\u0119 projektow\u0105 przed partnersk\u0105 szko\u0142\u0105 z Pilzna.<\/em><\/figcaption><\/figure><\/li><li class=\"blocks-gallery-item\"><figure><a href=\"http:\/\/zskarlino.pl\/wp-content\/uploads\/2022\/02\/efb70912-427d-4f98-a263-14ede38ec0b2-1-1.jpg\" rel=\"lightbox[19007]\"><img loading=\"lazy\" decoding=\"async\" width=\"1024\" height=\"369\" src=\"http:\/\/zskarlino.pl\/wp-content\/uploads\/2022\/02\/efb70912-427d-4f98-a263-14ede38ec0b2-1-1-1024x369.jpg\" alt=\"\" data-id=\"19009\" data-full-url=\"http:\/\/zskarlino.pl\/wp-content\/uploads\/2022\/02\/efb70912-427d-4f98-a263-14ede38ec0b2-1-1.jpg\" data-link=\"http:\/\/zskarlino.pl\/?attachment_id=19009\" class=\"wp-image-19009\" srcset=\"https:\/\/zskarlino.pl\/wp-content\/uploads\/2022\/02\/efb70912-427d-4f98-a263-14ede38ec0b2-1-1-1024x369.jpg 1024w, https:\/\/zskarlino.pl\/wp-content\/uploads\/2022\/02\/efb70912-427d-4f98-a263-14ede38ec0b2-1-1-300x108.jpg 300w, https:\/\/zskarlino.pl\/wp-content\/uploads\/2022\/02\/efb70912-427d-4f98-a263-14ede38ec0b2-1-1-768x276.jpg 768w, https:\/\/zskarlino.pl\/wp-content\/uploads\/2022\/02\/efb70912-427d-4f98-a263-14ede38ec0b2-1-1-1536x553.jpg 1536w, https:\/\/zskarlino.pl\/wp-content\/uploads\/2022\/02\/efb70912-427d-4f98-a263-14ede38ec0b2-1-1-750x270.jpg 750w, https:\/\/zskarlino.pl\/wp-content\/uploads\/2022\/02\/efb70912-427d-4f98-a263-14ede38ec0b2-1-1.jpg 1600w\" sizes=\"auto, (max-width: 1024px) 100vw, 1024px\" \/><\/a><figcaption class=\"blocks-gallery-item__caption\"><em>Zdj\u0119cie przedstawia grup\u0119 projektow\u0105 na tle panoramy Pilzna<\/em> <\/figcaption><\/figure><\/li><\/ul><\/figure>\n\n\n\n<p class=\"has-text-align-right\">Renata Piszak-Walczykowska<br>Justyna Syga<\/p>\n","protected":false},"excerpt":{"rendered":"<p>W dniach 16-18.02 &#8211; nasi uczniowie wzi\u0119li udzia\u0142 w kolejnym ju\u017c mi\u0119dzynarodowym spotkaniu, odbywaj\u0105cym si\u0119 w ramach realizacji projektu Erasmus +, zatytu\u0142owanym &#8222;Two Faces of Technology. Isolation and Opportunities&#8221;.\u00a0Tym razem, nasze spotkanie odby\u0142o si\u0119 w Czechach, gdzie mieli\u015bmy okazj\u0119 zapozna\u0107 si\u0119 z technologicznymi nowo\u015bciami edukacyjnymi u\u017cywanymi na co dzie\u0144 w szkole w Pil\u017anie, zastosowa\u0107 te &hellip; <\/p>\n<p><a class=\"more-link btn\" href=\"https:\/\/zskarlino.pl\/?p=19007\">Czytaj dalej<\/a><\/p>\n","protected":false},"author":8,"featured_media":19009,"comment_status":"closed","ping_status":"closed","sticky":false,"template":"","format":"standard","meta":{"footnotes":""},"categories":[3],"tags":[],"class_list":["post-19007","post","type-post","status-publish","format-standard","has-post-thumbnail","hentry","category-wydarzenia","item-wrap"],"_links":{"self":[{"href":"https:\/\/zskarlino.pl\/index.php?rest_route=\/wp\/v2\/posts\/19007","targetHints":{"allow":["GET"]}}],"collection":[{"href":"https:\/\/zskarlino.pl\/index.php?rest_route=\/wp\/v2\/posts"}],"about":[{"href":"https:\/\/zskarlino.pl\/index.php?rest_route=\/wp\/v2\/types\/post"}],"author":[{"embeddable":true,"href":"https:\/\/zskarlino.pl\/index.php?rest_route=\/wp\/v2\/users\/8"}],"replies":[{"embeddable":true,"href":"https:\/\/zskarlino.pl\/index.php?rest_route=%2Fwp%2Fv2%2Fcomments&post=19007"}],"version-history":[{"count":1,"href":"https:\/\/zskarlino.pl\/index.php?rest_route=\/wp\/v2\/posts\/19007\/revisions"}],"predecessor-version":[{"id":19010,"href":"https:\/\/zskarlino.pl\/index.php?rest_route=\/wp\/v2\/posts\/19007\/revisions\/19010"}],"wp:featuredmedia":[{"embeddable":true,"href":"https:\/\/zskarlino.pl\/index.php?rest_route=\/wp\/v2\/media\/19009"}],"wp:attachment":[{"href":"https:\/\/zskarlino.pl\/index.php?rest_route=%2Fwp%2Fv2%2Fmedia&parent=19007"}],"wp:term":[{"taxonomy":"category","embeddable":true,"href":"https:\/\/zskarlino.pl\/index.php?rest_route=%2Fwp%2Fv2%2Fcategories&post=19007"},{"taxonomy":"post_tag","embeddable":true,"href":"https:\/\/zskarlino.pl\/index.php?rest_route=%2Fwp%2Fv2%2Ftags&post=19007"}],"curies":[{"name":"wp","href":"https:\/\/api.w.org\/{rel}","templated":true}]}}