{"id":18980,"date":"2022-02-11T13:41:01","date_gmt":"2022-02-11T12:41:01","guid":{"rendered":"http:\/\/zskarlino.pl\/?p=18980"},"modified":"2022-02-15T14:21:44","modified_gmt":"2022-02-15T13:21:44","slug":"zmiany-w-planie-lekcji-na-okres-14-18-02-2022-r","status":"publish","type":"post","link":"https:\/\/zskarlino.pl\/?p=18980","title":{"rendered":"Zmiany w planie lekcji na okres 14-18.02.2022 r."},"content":{"rendered":"\n<div class=\"wp-block-group\"><div class=\"wp-block-group__inner-container is-layout-flow wp-block-group-is-layout-flow\">\n<div class=\"wp-block-file\"><a href=\"http:\/\/zskarlino.pl\/wp-content\/uploads\/2022\/02\/Plan-na-okres-14-18.02.2022.pdf\"><strong><span style=\"color:#052735\" class=\"has-inline-color\">Plan lekcji na okres 14-18.02.2022<\/span><\/strong><\/a><a href=\"http:\/\/zskarlino.pl\/wp-content\/uploads\/2022\/02\/Plan-na-okres-14-18.02.2022.pdf\" class=\"wp-block-file__button\" download>Pobierz<\/a><\/div>\n\n\n\n<figure class=\"wp-block-gallery columns-2 is-cropped wp-block-gallery-1 is-layout-flex wp-block-gallery-is-layout-flex\"><ul class=\"blocks-gallery-grid\"><li class=\"blocks-gallery-item\"><figure><a href=\"http:\/\/zskarlino.pl\/wp-content\/uploads\/2022\/02\/1-1024x731.png\" rel=\"lightbox[18980]\"><img loading=\"lazy\" decoding=\"async\" width=\"1207\" height=\"862\" src=\"http:\/\/zskarlino.pl\/wp-content\/uploads\/2022\/02\/1-1024x731.png\" alt=\"\" data-id=\"18999\" data-link=\"http:\/\/zskarlino.pl\/?attachment_id=18999\" class=\"wp-image-18999\" srcset=\"https:\/\/zskarlino.pl\/wp-content\/uploads\/2022\/02\/1-1024x731.png 1024w, https:\/\/zskarlino.pl\/wp-content\/uploads\/2022\/02\/1-300x214.png 300w, https:\/\/zskarlino.pl\/wp-content\/uploads\/2022\/02\/1-768x548.png 768w, https:\/\/zskarlino.pl\/wp-content\/uploads\/2022\/02\/1-750x536.png 750w, https:\/\/zskarlino.pl\/wp-content\/uploads\/2022\/02\/1.png 1207w\" sizes=\"auto, (max-width: 1207px) 100vw, 1207px\" \/><\/a><\/figure><\/li><li class=\"blocks-gallery-item\"><figure><a href=\"http:\/\/zskarlino.pl\/wp-content\/uploads\/2022\/02\/2.png\" rel=\"lightbox[18980]\"><img loading=\"lazy\" decoding=\"async\" width=\"1024\" height=\"744\" src=\"http:\/\/zskarlino.pl\/wp-content\/uploads\/2022\/02\/2-1024x744.png\" alt=\"\" data-id=\"19000\" data-full-url=\"http:\/\/zskarlino.pl\/wp-content\/uploads\/2022\/02\/2.png\" data-link=\"http:\/\/zskarlino.pl\/?attachment_id=19000\" class=\"wp-image-19000\" srcset=\"https:\/\/zskarlino.pl\/wp-content\/uploads\/2022\/02\/2-1024x744.png 1024w, https:\/\/zskarlino.pl\/wp-content\/uploads\/2022\/02\/2-300x218.png 300w, https:\/\/zskarlino.pl\/wp-content\/uploads\/2022\/02\/2-768x558.png 768w, https:\/\/zskarlino.pl\/wp-content\/uploads\/2022\/02\/2-750x545.png 750w, https:\/\/zskarlino.pl\/wp-content\/uploads\/2022\/02\/2.png 1177w\" sizes=\"auto, (max-width: 1024px) 100vw, 1024px\" \/><\/a><\/figure><\/li><\/ul><\/figure>\n<\/div><\/div>\n\n\n\n<p>Pozosta\u0142e klasy maj\u0105 zaj\u0119cia zdalnie na platformie TEAMS &#8211; zgodnie z obowi\u0105zuj\u0105cym planem lekcji  <br>na II semestr  <\/p>\n\n\n\n<p>Praktyczna nauka zawodu w BSI odbywa si\u0119 zgodnie z ustaleniami z pracodawcami \u2013 uczniowie m\u0142odociani zobowi\u0105zani s\u0105 \u015bwiadczy\u0107 prac\u0119, o ile u pracodawc\u00f3w nie wyst\u0119puj\u0105 sytuacje zagra\u017caj\u0105ce ich zdrowiu.\u00a0<\/p>\n\n\n\n<p>Od <strong>21 lutego 2022 r<\/strong>. wszyscy uczniowie wracaj\u0105 do nauki stacjonarnej w szkole. <\/p>\n\n\n\n<p><strong>W przypadku w\u0105tpliwo\u015bci zach\u0119camy do kontaktu z Pani\u0105 wicedyrektor &#8211; tel. 535 988 437<\/strong><\/p>\n","protected":false},"excerpt":{"rendered":"<p>Pozosta\u0142e klasy maj\u0105 zaj\u0119cia zdalnie na platformie TEAMS &#8211; zgodnie z obowi\u0105zuj\u0105cym planem lekcji na II semestr Praktyczna nauka zawodu w BSI odbywa si\u0119 zgodnie z ustaleniami z pracodawcami \u2013 uczniowie m\u0142odociani zobowi\u0105zani s\u0105 \u015bwiadczy\u0107 prac\u0119, o ile u pracodawc\u00f3w nie wyst\u0119puj\u0105 sytuacje zagra\u017caj\u0105ce ich zdrowiu.\u00a0 Od 21 lutego 2022 r. wszyscy uczniowie wracaj\u0105 do &hellip; <\/p>\n<p><a class=\"more-link btn\" href=\"https:\/\/zskarlino.pl\/?p=18980\">Czytaj dalej<\/a><\/p>\n","protected":false},"author":3,"featured_media":18901,"comment_status":"closed","ping_status":"closed","sticky":false,"template":"","format":"standard","meta":{"footnotes":""},"categories":[3],"tags":[],"class_list":["post-18980","post","type-post","status-publish","format-standard","has-post-thumbnail","hentry","category-wydarzenia","item-wrap"],"_links":{"self":[{"href":"https:\/\/zskarlino.pl\/index.php?rest_route=\/wp\/v2\/posts\/18980","targetHints":{"allow":["GET"]}}],"collection":[{"href":"https:\/\/zskarlino.pl\/index.php?rest_route=\/wp\/v2\/posts"}],"about":[{"href":"https:\/\/zskarlino.pl\/index.php?rest_route=\/wp\/v2\/types\/post"}],"author":[{"embeddable":true,"href":"https:\/\/zskarlino.pl\/index.php?rest_route=\/wp\/v2\/users\/3"}],"replies":[{"embeddable":true,"href":"https:\/\/zskarlino.pl\/index.php?rest_route=%2Fwp%2Fv2%2Fcomments&post=18980"}],"version-history":[{"count":11,"href":"https:\/\/zskarlino.pl\/index.php?rest_route=\/wp\/v2\/posts\/18980\/revisions"}],"predecessor-version":[{"id":19004,"href":"https:\/\/zskarlino.pl\/index.php?rest_route=\/wp\/v2\/posts\/18980\/revisions\/19004"}],"wp:featuredmedia":[{"embeddable":true,"href":"https:\/\/zskarlino.pl\/index.php?rest_route=\/wp\/v2\/media\/18901"}],"wp:attachment":[{"href":"https:\/\/zskarlino.pl\/index.php?rest_route=%2Fwp%2Fv2%2Fmedia&parent=18980"}],"wp:term":[{"taxonomy":"category","embeddable":true,"href":"https:\/\/zskarlino.pl\/index.php?rest_route=%2Fwp%2Fv2%2Fcategories&post=18980"},{"taxonomy":"post_tag","embeddable":true,"href":"https:\/\/zskarlino.pl\/index.php?rest_route=%2Fwp%2Fv2%2Ftags&post=18980"}],"curies":[{"name":"wp","href":"https:\/\/api.w.org\/{rel}","templated":true}]}}