{"id":18943,"date":"2022-01-26T17:13:11","date_gmt":"2022-01-26T16:13:11","guid":{"rendered":"http:\/\/zskarlino.pl\/?p=18943"},"modified":"2022-01-26T17:30:21","modified_gmt":"2022-01-26T16:30:21","slug":"informacja-dyrektora-zespolu-szkol-w-karlinie-dotyczaca-organizacji-pracy-w-dniach-27-28-stycznia-2022-roku","status":"publish","type":"post","link":"https:\/\/zskarlino.pl\/?p=18943","title":{"rendered":"Informacja Dyrektora Zespo\u0142u Szk\u00f3\u0142 w Karlinie dotycz\u0105ca organizacji pracy w dniach 27-28 stycznia 2022 roku"},"content":{"rendered":"\n<p>Drodzy Uczniowie, Rodzice i Pracodawcy,\u00a0<\/p>\n\n\n\n<p>Zgodnie z Rozporz\u0105dzeniem MEiN z dnia 26.01.2022 roku nast\u0119puje cz\u0119\u015bciowe ograniczenie funkcjonowania szko\u0142y. Nauczanie zdalne dotyczy przedmiot\u00f3w og\u00f3lnokszta\u0142c\u0105cych oraz teoretycznych zawodowych w BSI i Technikum. &nbsp;<\/p>\n\n\n\n<p>Praktyczna nauka zawodu w BSI odbywa si\u0119 zgodnie z ustaleniami z pracodawcami \u2013 uczniowie m\u0142odociani zobowi\u0105zani s\u0105 \u015bwiadczy\u0107 prac\u0119, o ile u pracodawc\u00f3w nie wyst\u0119puj\u0105 sytuacje zagra\u017caj\u0105ce ich zdrowiu.&nbsp;<\/p>\n\n\n\n<p>Do\u0142o\u017cymy stara\u0144, aby cz\u0119\u015b\u0107 przedmiot\u00f3w zawodowych w technikum (tych z kszta\u0142cenia praktycznego) uczniowie mogli realizowa\u0107\u00a0stacjonarnie w szkole, zgodnie z wytycznymi z ww. rozporz\u0105dzenia. \u00a0Oczywi\u015bcie w zaj\u0119ciach w szkole mog\u0105 uczestniczy\u0107 jedynie osoby zdrowe, bez objaw\u00f3w chorobowych oraz z zachowaniem \u015bcis\u0142ego re\u017cimu sanitarnego.<\/p>\n\n\n\n<p>W najbli\u017cszy czwartek i pi\u0105tek 27-28.01.2022 r. zaj\u0119cia b\u0119d\u0105 odbywa\u0107 zgodnie z tymczasowym planem, kt\u00f3ry przekazuj\u0119 poni\u017cej.&nbsp;<\/p>\n\n\n\n<p>Od 31.01.2022 do 13.02.2022 roku, zgodnie z harmonogramem, mamy przerw\u0119 zimow\u0105 &#8211; ferie.\u00a0<\/p>\n\n\n\n<p>O organizacji pracy po feriach poinformujemy po 10.02.2022 roku.\u00a0 <br>W przypadku w\u0105tpliwo\u015bci zach\u0119cam do kontaktu z Dyrektorem.<\/p>\n\n\n\n<figure class=\"wp-block-image size-large\"><a href=\"http:\/\/zskarlino.pl\/wp-content\/uploads\/2022\/01\/image-2.png\" rel=\"lightbox[18943]\"><img loading=\"lazy\" decoding=\"async\" width=\"1024\" height=\"561\" src=\"http:\/\/zskarlino.pl\/wp-content\/uploads\/2022\/01\/image-2-1024x561.png\" alt=\"\" class=\"wp-image-18946\" srcset=\"https:\/\/zskarlino.pl\/wp-content\/uploads\/2022\/01\/image-2-1024x561.png 1024w, https:\/\/zskarlino.pl\/wp-content\/uploads\/2022\/01\/image-2-300x164.png 300w, https:\/\/zskarlino.pl\/wp-content\/uploads\/2022\/01\/image-2-768x421.png 768w, https:\/\/zskarlino.pl\/wp-content\/uploads\/2022\/01\/image-2-750x411.png 750w, https:\/\/zskarlino.pl\/wp-content\/uploads\/2022\/01\/image-2.png 1243w\" sizes=\"auto, (max-width: 1024px) 100vw, 1024px\" \/><\/a><figcaption> Grafika przedstawia tabel\u0119 na bia\u0142ym tle z informacjami na temat form pracy w dniach 27-28.01.2022 roku.  <\/figcaption><\/figure>\n\n\n\n<p>Informacje na temat mo\u017cliwych rozwi\u0105za\u0144 znajduj\u0105 si\u0119 na stronie ministerstwa: <\/p>\n\n\n\n<p><a href=\"https:\/\/www.gov.pl\/web\/edukacja-i-nauka\/nauka-zdalna-do-konca-ferii-zimowych--gotowe-przepisy\" target=\"_blank\" rel=\"noopener\">https:\/\/www.gov.pl\/web\/edukacja-i-nauka\/nauka-zdalna-do-konca-ferii-zimowych&#8211;gotowe-przepisy<\/a><\/p>\n","protected":false},"excerpt":{"rendered":"<p>Drodzy Uczniowie, Rodzice i Pracodawcy,\u00a0 Zgodnie z Rozporz\u0105dzeniem MEiN z dnia 26.01.2022 roku nast\u0119puje cz\u0119\u015bciowe ograniczenie funkcjonowania szko\u0142y. Nauczanie zdalne dotyczy przedmiot\u00f3w og\u00f3lnokszta\u0142c\u0105cych oraz teoretycznych zawodowych w BSI i Technikum. &nbsp; Praktyczna nauka zawodu w BSI odbywa si\u0119 zgodnie z ustaleniami z pracodawcami \u2013 uczniowie m\u0142odociani zobowi\u0105zani s\u0105 \u015bwiadczy\u0107 prac\u0119, o ile u pracodawc\u00f3w nie &hellip; <\/p>\n<p><a class=\"more-link btn\" href=\"https:\/\/zskarlino.pl\/?p=18943\">Czytaj dalej<\/a><\/p>\n","protected":false},"author":8,"featured_media":0,"comment_status":"closed","ping_status":"closed","sticky":false,"template":"","format":"standard","meta":{"footnotes":""},"categories":[3],"tags":[],"class_list":["post-18943","post","type-post","status-publish","format-standard","hentry","category-wydarzenia","item-wrap"],"_links":{"self":[{"href":"https:\/\/zskarlino.pl\/index.php?rest_route=\/wp\/v2\/posts\/18943","targetHints":{"allow":["GET"]}}],"collection":[{"href":"https:\/\/zskarlino.pl\/index.php?rest_route=\/wp\/v2\/posts"}],"about":[{"href":"https:\/\/zskarlino.pl\/index.php?rest_route=\/wp\/v2\/types\/post"}],"author":[{"embeddable":true,"href":"https:\/\/zskarlino.pl\/index.php?rest_route=\/wp\/v2\/users\/8"}],"replies":[{"embeddable":true,"href":"https:\/\/zskarlino.pl\/index.php?rest_route=%2Fwp%2Fv2%2Fcomments&post=18943"}],"version-history":[{"count":5,"href":"https:\/\/zskarlino.pl\/index.php?rest_route=\/wp\/v2\/posts\/18943\/revisions"}],"predecessor-version":[{"id":18952,"href":"https:\/\/zskarlino.pl\/index.php?rest_route=\/wp\/v2\/posts\/18943\/revisions\/18952"}],"wp:attachment":[{"href":"https:\/\/zskarlino.pl\/index.php?rest_route=%2Fwp%2Fv2%2Fmedia&parent=18943"}],"wp:term":[{"taxonomy":"category","embeddable":true,"href":"https:\/\/zskarlino.pl\/index.php?rest_route=%2Fwp%2Fv2%2Fcategories&post=18943"},{"taxonomy":"post_tag","embeddable":true,"href":"https:\/\/zskarlino.pl\/index.php?rest_route=%2Fwp%2Fv2%2Ftags&post=18943"}],"curies":[{"name":"wp","href":"https:\/\/api.w.org\/{rel}","templated":true}]}}