{"id":18910,"date":"2021-10-26T18:15:00","date_gmt":"2021-10-26T16:15:00","guid":{"rendered":"http:\/\/zskarlino.pl\/?p=18910"},"modified":"2022-01-07T10:23:51","modified_gmt":"2022-01-07T09:23:51","slug":"nietypowa-lekcja-jezyka-polskiego-spotkanie-online","status":"publish","type":"post","link":"https:\/\/zskarlino.pl\/?p=18910","title":{"rendered":"Nietypowa lekcja j\u0119zyka polskiego &#8211; spotkanie online"},"content":{"rendered":"\n<p>26 pa\u017adziernika 2021 roku uczniowie klas 2TM, 2TG i 3 TGB wzi\u0119li udzia\u0142 w wydarzeniu organizowanym przez Pozna\u0144skie Towarzystwo Przyjaci\u00f3\u0142 Nauk, kt\u00f3re dotyczy\u0142o prezentacji projektu \u201eCo Polacy mog\u0105 opowiedzie\u0107 Rosjanom o wsp\u00f3lnej syberyjskiej historii? Biblioteka Polsko-Syberyjska\u201d. Transmisja zosta\u0142a poprzedzona kr\u00f3tkim wprowadzeniem przybli\u017caj\u0105cym uczniom dzia\u0142alno\u015b\u0107 Pozna\u0144skiego Towarzystwa Przyjaci\u00f3\u0142 Nauk i sylwetki prelegent\u00f3w oraz idee przy\u015bwiecaj\u0105ce projektowi. Podczas transmitowanego na \u017cywo spotkania nasi uczniowie mieli okazj\u0119 obserwowa\u0107 wyst\u0105pienia wybitnych polskich badaczy \u2013 historyk\u00f3w i literaturoznawc\u00f3w po\u015bwi\u0119cone wsp\u00f3lnej historii obu pa\u0144stw. Prezentacja projektu odby\u0142a si\u0119 z udzia\u0142em dr. Tomasza Ambroziaka, kt\u00f3ry jest historykiem i ekspertem ds. historii w Instytucie Polskim w Moskwie, dr. Piotra G\u0142uszkowskiego \u00a0\u2013 historyka i historyka literatury pracuj\u0105cego w Katedrze Rusycystyki UW, autora prac dotycz\u0105cych historii i literatury rosyjskiej XIX i XX wieku, stosunk\u00f3w polsko-rosyjskich ze szczeg\u00f3lnym uwzgl\u0119dnieniem wk\u0142adu Polak\u00f3w w rozw\u00f3j Syberii, dr. Dariusza Klechowskiego\u00a0 \u2013 wyk\u0142adowcy literatury, mened\u017cera kultury i dyplomaty. W dyskusji brali tak\u017ce udzia\u0142 prof. dr hab. Zbigniew Kope\u0107 &#8211; historyk literatury, pracownik naukowy Instytutu Filologii Polskiej UAM, kt\u00f3ry zajmuje si\u0119 literatur\u0105 XX i XXI wieku, a w kr\u0119gu jego zainteresowa\u0144 znajduj\u0105 si\u0119 literackie i kulturowe zwi\u0105zki polsko-rosyjskie oraz dr Piotr Marciniak \u2013 ambasador w Mo\u0142dawii (2000-2005), dyplomata w Rosji (2008-2015) &#8211; konsul generalny w Irkucku, radca-minister w Ambasadzie w Moskwie, konsul generalny w Sankt Petersburgu. Inicjator i wsp\u00f3\u0142organizator wydawania \u201eBiblioteki Polsko-Syberyjskiej&#8221;.<\/p>\n\n\n\n<p>Zaznajomienie uczni\u00f3w z akademickim projektem naukowym pozwoli\u0142o uzmys\u0142owi\u0107 im, jak istotna, szeroko komentowana i wnikliwie badana jest tematyka zwi\u0105zana z okresem zsy\u0142ek Polak\u00f3w na Syberi\u0119, przybli\u017cy\u0107 im dzia\u0142alno\u015b\u0107 Polak\u00f3w poza granicami kraju, wzbogaci\u0107 wiedz\u0119 historyczn\u0105 i znacznie poszerzy\u0107 kontekst kulturowy omawianych na lekcjach j\u0119zyka polskiego tekst\u00f3w literackich. Ponadto, mo\u017cliwo\u015b\u0107 przys\u0142uchiwania si\u0119 i obserwowania wydarzenia naukowego poszerzy\u0142a horyzonty uczni\u00f3w i u\u015bwiadomi\u0142a im r\u00f3\u017cnorodne formy pracy, do kt\u00f3rej zalicza si\u0119 tak\u017ce dzia\u0142alno\u015b\u0107 naukowa i badawcza oraz przybli\u017cy\u0142a realia \u017cycia akademickiego, kt\u00f3rego uczestnikami sami b\u0119d\u0105 w niedalekiej przysz\u0142o\u015bci.<\/p>\n\n\n\n<p class=\"has-text-align-right\">koordynator: nauczyciel j\u0119zyka polskiego, Pani Marta Jakubowska<\/p>\n\n\n\n<figure class=\"wp-block-image size-full\"><a href=\"http:\/\/zskarlino.pl\/wp-content\/uploads\/2022\/01\/image.png\" rel=\"lightbox[18910]\"><img loading=\"lazy\" decoding=\"async\" width=\"751\" height=\"997\" src=\"http:\/\/zskarlino.pl\/wp-content\/uploads\/2022\/01\/image.png\" alt=\"\" class=\"wp-image-18911\" srcset=\"https:\/\/zskarlino.pl\/wp-content\/uploads\/2022\/01\/image.png 751w, https:\/\/zskarlino.pl\/wp-content\/uploads\/2022\/01\/image-226x300.png 226w\" sizes=\"auto, (max-width: 751px) 100vw, 751px\" \/><\/a><figcaption>Plakat promuj\u0105cy wydarzenie<\/figcaption><\/figure>\n\n\n\n<p><\/p>\n","protected":false},"excerpt":{"rendered":"<p>26 pa\u017adziernika 2021 roku uczniowie klas 2TM, 2TG i 3 TGB wzi\u0119li udzia\u0142 w wydarzeniu organizowanym przez Pozna\u0144skie Towarzystwo Przyjaci\u00f3\u0142 Nauk, kt\u00f3re dotyczy\u0142o prezentacji projektu \u201eCo Polacy mog\u0105 opowiedzie\u0107 Rosjanom o wsp\u00f3lnej syberyjskiej historii? Biblioteka Polsko-Syberyjska\u201d. Transmisja zosta\u0142a poprzedzona kr\u00f3tkim wprowadzeniem przybli\u017caj\u0105cym uczniom dzia\u0142alno\u015b\u0107 Pozna\u0144skiego Towarzystwa Przyjaci\u00f3\u0142 Nauk i sylwetki prelegent\u00f3w oraz idee przy\u015bwiecaj\u0105ce projektowi. &hellip; <\/p>\n<p><a class=\"more-link btn\" href=\"https:\/\/zskarlino.pl\/?p=18910\">Czytaj dalej<\/a><\/p>\n","protected":false},"author":8,"featured_media":0,"comment_status":"closed","ping_status":"closed","sticky":false,"template":"","format":"standard","meta":{"footnotes":""},"categories":[3],"tags":[],"class_list":["post-18910","post","type-post","status-publish","format-standard","hentry","category-wydarzenia","item-wrap"],"_links":{"self":[{"href":"https:\/\/zskarlino.pl\/index.php?rest_route=\/wp\/v2\/posts\/18910","targetHints":{"allow":["GET"]}}],"collection":[{"href":"https:\/\/zskarlino.pl\/index.php?rest_route=\/wp\/v2\/posts"}],"about":[{"href":"https:\/\/zskarlino.pl\/index.php?rest_route=\/wp\/v2\/types\/post"}],"author":[{"embeddable":true,"href":"https:\/\/zskarlino.pl\/index.php?rest_route=\/wp\/v2\/users\/8"}],"replies":[{"embeddable":true,"href":"https:\/\/zskarlino.pl\/index.php?rest_route=%2Fwp%2Fv2%2Fcomments&post=18910"}],"version-history":[{"count":1,"href":"https:\/\/zskarlino.pl\/index.php?rest_route=\/wp\/v2\/posts\/18910\/revisions"}],"predecessor-version":[{"id":18912,"href":"https:\/\/zskarlino.pl\/index.php?rest_route=\/wp\/v2\/posts\/18910\/revisions\/18912"}],"wp:attachment":[{"href":"https:\/\/zskarlino.pl\/index.php?rest_route=%2Fwp%2Fv2%2Fmedia&parent=18910"}],"wp:term":[{"taxonomy":"category","embeddable":true,"href":"https:\/\/zskarlino.pl\/index.php?rest_route=%2Fwp%2Fv2%2Fcategories&post=18910"},{"taxonomy":"post_tag","embeddable":true,"href":"https:\/\/zskarlino.pl\/index.php?rest_route=%2Fwp%2Fv2%2Ftags&post=18910"}],"curies":[{"name":"wp","href":"https:\/\/api.w.org\/{rel}","templated":true}]}}