{"id":18895,"date":"2022-01-05T20:00:00","date_gmt":"2022-01-05T19:00:00","guid":{"rendered":"http:\/\/zskarlino.pl\/?p=18895"},"modified":"2022-01-07T08:30:16","modified_gmt":"2022-01-07T07:30:16","slug":"informacja-dyrektora-szkoly-na-temat-organizacji-pracy-zespolu-szkol-w-karlinie-od-10-stycznia-2022-roku","status":"publish","type":"post","link":"https:\/\/zskarlino.pl\/?p=18895","title":{"rendered":"Informacja Dyrektora Szko\u0142y na temat organizacji pracy Zespo\u0142u Szk\u00f3\u0142 w Karlinie od 10 stycznia 2022 roku"},"content":{"rendered":"\n<p>Uprzejmie informuj\u0119, \u017ce od poniedzia\u0142ku <strong>10 stycznia 2022 roku<\/strong> przywr\u00f3cone zostaje stacjonarne funkcjonowanie\u00a0wszystkich oddzia\u0142\u00f3w i\u00a0internatu. \u00a0<br>Zakwaterowanie w internacie mo\u017cliwe b\u0119dzie od niedzieli <strong>9 stycznia 2022 roku<\/strong> od godziny <strong>18.00<\/strong>. \u00a0<\/p>\n\n\n\n<p>Zgodnie z rekomendacj\u0105 Ministerstwa Edukacji i Nauki organizacja pracy w szko\u0142ach i plac\u00f3wkach na terenie ca\u0142ego kraju powinna odbywa\u0107 si\u0119 w re\u017cimie sanitarnym i przy zachowaniu podstawowych zasad bezpiecze\u0144stwa. Wszystkim nam zale\u017cy na zapewnieniu odpowiednich warunk\u00f3w pracy i funkcjonowania szko\u0142y i internatu, st\u0105d przypominam o przestrzeganiu aktualnych przepis\u00f3w prawa dotycz\u0105cych ogranicze\u0144, nakaz\u00f3w i zakaz\u00f3w oraz obowi\u0105zku stosowania si\u0119 do Wytycznych MEiN, MZ i GIS dla szk\u00f3\u0142 podstawowych i ponadpodstawowych i wewn\u0119trznych procedur.<\/p>\n\n\n\n<p>Jednocze\u015bnie zobowi\u0105zuj\u0119 wszystkich <strong>pracownik\u00f3w, uczni\u00f3w oraz inne osoby przebywaj\u0105ce na terenie szko\u0142y<\/strong> do przestrzegania obowi\u0105zku zakrywania nosa i ust w przestrzeniach wsp\u00f3lnych, czyli z <strong>korzystania z maseczek<\/strong> na korytarzach szkolnych oraz na korytarzach i w aneksach kuchennych w internacie. <br>Obowi\u0105zek powy\u017cszy uregulowany jest w rozporz\u0105dzeniu Rady Ministr\u00f3w z dnia 6 maja 2021 r. w sprawie ustanowienia okre\u015blonych ogranicze\u0144, nakaz\u00f3w i zakaz\u00f3w w zwi\u0105zku z wyst\u0105pieniem stanu epidemii (Dz. U. z 2021 r. poz. 861, ze&nbsp;zm.)<br>Obowi\u0105zkiem uczni\u00f3w i wychowank\u00f3w w internacie jest posiada\u0107 w\u0142asne \u015brodki ochrony osobistej (<strong>w tym maseczki<\/strong>) i stosowa\u0107 si\u0119 do obowi\u0105zuj\u0105cych zasad bezpiecze\u0144stwa.&nbsp;&nbsp;&nbsp;Zach\u0119cam r\u00f3wnie\u017c do stosowania maseczek w ka\u017cdej sytuacji, gdy zachowanie odpowiedniego dystansu jest niemo\u017cliwe, np. podczas zaj\u0119\u0107 szkolnych i w internacie.<\/p>\n\n\n\n<p>Wi\u0119cej informacji na stronie Ministerstwa: <a rel=\"noreferrer noopener\" href=\"https:\/\/www.gov.pl\/web\/edukacja-i-nauka\/powrot-uczniow-do-nauki-stacjonarnej-od-10-stycznia-2022-r\" target=\"_blank\">https:\/\/www.gov.pl\/<\/a><a href=\"https:\/\/www.gov.pl\/web\/edukacja-i-nauka\/powrot-uczniow-do-nauki-stacjonarnej-od-10-stycznia-2022-r\" target=\"_blank\" rel=\"noopener\">web<\/a><a rel=\"noreferrer noopener\" href=\"https:\/\/www.gov.pl\/web\/edukacja-i-nauka\/powrot-uczniow-do-nauki-stacjonarnej-od-10-stycznia-2022-r\" target=\"_blank\">\/edukacja-i-nauka\/powrot-uczniow-do-nauki-stacjonarnej-od-10-stycznia-2022-r<\/a>&nbsp;&nbsp;&nbsp;<\/p>\n\n\n\n<p>R\u00f3wnocze\u015bnie przypominam, \u017ce najskuteczniejszym sposobem przeciwdzia\u0142ania si\u0119 rozprzestrzenianiu COVID-19 oraz zabezpieczenia siebie i najbli\u017cszych przed ci\u0119\u017ckim przebiegiem choroby s\u0105 <strong>szczepienia<\/strong>, do kt\u00f3rych wszystkich zach\u0119cam. &nbsp;&nbsp;<\/p>\n\n\n\n<p>Wi\u0119cej informacji dost\u0119pnych jest na stronie:&nbsp;<a rel=\"noreferrer noopener\" href=\"https:\/\/www.gov.pl\/web\/szczepimysie\/bezpieczenstwo\" target=\"_blank\">https:\/\/www.gov.pl\/web\/szczepimysie\/bezpieczenstwo<\/a>.&nbsp;<\/p>\n\n\n\n<figure class=\"wp-block-image\"><img decoding=\"async\" src=\"https:\/\/www.gov.pl\/photo\/format\/bd9c6a0d-f941-4538-9acd-4743182b72ed\/resolution\/1920x810\" alt=\"Grantowe t\u0142o przez kt\u00f3re przebija grupa u\u015bmiechni\u0119tych uczni\u00f3w w klasie. Czerwony piktogram z wizerunkiem plecaka i ikonk\u0105 kalendarza z dat\u0105 10.01. Obok napis Powr\u00f3t do nauki stacjonarnej kreska od 10 stycznia 2022 r. \"\/><figcaption>Grantowe t\u0142o przez kt\u00f3re przebija grupa u\u015bmiechni\u0119tych uczni\u00f3w w klasie. Czerwony piktogram z wizerunkiem plecaka i ikonk\u0105 kalendarza z dat\u0105 10.01. Obok napis Powr\u00f3t do nauki stacjonarnej kreska od 10 stycznia 2022 r.<\/figcaption><\/figure>\n\n\n\n<p class=\"has-text-align-right\">Justyna Syga<\/p>\n","protected":false},"excerpt":{"rendered":"<p>Uprzejmie informuj\u0119, \u017ce od poniedzia\u0142ku 10 stycznia 2022 roku przywr\u00f3cone zostaje stacjonarne funkcjonowanie\u00a0wszystkich oddzia\u0142\u00f3w i\u00a0internatu. \u00a0Zakwaterowanie w internacie mo\u017cliwe b\u0119dzie od niedzieli 9 stycznia 2022 roku od godziny 18.00. \u00a0 Zgodnie z rekomendacj\u0105 Ministerstwa Edukacji i Nauki organizacja pracy w szko\u0142ach i plac\u00f3wkach na terenie ca\u0142ego kraju powinna odbywa\u0107 si\u0119 w re\u017cimie sanitarnym i przy &hellip; <\/p>\n<p><a class=\"more-link btn\" href=\"https:\/\/zskarlino.pl\/?p=18895\">Czytaj dalej<\/a><\/p>\n","protected":false},"author":8,"featured_media":18901,"comment_status":"closed","ping_status":"closed","sticky":false,"template":"","format":"standard","meta":{"footnotes":""},"categories":[3],"tags":[],"class_list":["post-18895","post","type-post","status-publish","format-standard","has-post-thumbnail","hentry","category-wydarzenia","item-wrap"],"_links":{"self":[{"href":"https:\/\/zskarlino.pl\/index.php?rest_route=\/wp\/v2\/posts\/18895","targetHints":{"allow":["GET"]}}],"collection":[{"href":"https:\/\/zskarlino.pl\/index.php?rest_route=\/wp\/v2\/posts"}],"about":[{"href":"https:\/\/zskarlino.pl\/index.php?rest_route=\/wp\/v2\/types\/post"}],"author":[{"embeddable":true,"href":"https:\/\/zskarlino.pl\/index.php?rest_route=\/wp\/v2\/users\/8"}],"replies":[{"embeddable":true,"href":"https:\/\/zskarlino.pl\/index.php?rest_route=%2Fwp%2Fv2%2Fcomments&post=18895"}],"version-history":[{"count":9,"href":"https:\/\/zskarlino.pl\/index.php?rest_route=\/wp\/v2\/posts\/18895\/revisions"}],"predecessor-version":[{"id":18909,"href":"https:\/\/zskarlino.pl\/index.php?rest_route=\/wp\/v2\/posts\/18895\/revisions\/18909"}],"wp:featuredmedia":[{"embeddable":true,"href":"https:\/\/zskarlino.pl\/index.php?rest_route=\/wp\/v2\/media\/18901"}],"wp:attachment":[{"href":"https:\/\/zskarlino.pl\/index.php?rest_route=%2Fwp%2Fv2%2Fmedia&parent=18895"}],"wp:term":[{"taxonomy":"category","embeddable":true,"href":"https:\/\/zskarlino.pl\/index.php?rest_route=%2Fwp%2Fv2%2Fcategories&post=18895"},{"taxonomy":"post_tag","embeddable":true,"href":"https:\/\/zskarlino.pl\/index.php?rest_route=%2Fwp%2Fv2%2Ftags&post=18895"}],"curies":[{"name":"wp","href":"https:\/\/api.w.org\/{rel}","templated":true}]}}