{"id":18890,"date":"2021-12-20T12:11:00","date_gmt":"2021-12-20T11:11:00","guid":{"rendered":"http:\/\/zskarlino.pl\/?p=18890"},"modified":"2021-12-21T12:15:59","modified_gmt":"2021-12-21T11:15:59","slug":"zebranie-z-rodzicami-2","status":"publish","type":"post","link":"https:\/\/zskarlino.pl\/?p=18890","title":{"rendered":"ZEBRANIE Z RODZICAMI"},"content":{"rendered":"\n<p>Zapraszamy na dzisiejsze spotkania z wychowawcami ONLINE. Godziny spotka\u0144 poni\u017cej. Logujemy si\u0119 na konta dzieci.<\/p>\n\n\n\n<figure class=\"wp-block-image size-large\"><a href=\"http:\/\/zskarlino.pl\/wp-content\/uploads\/2021\/12\/image-1.png\" rel=\"lightbox[18890]\"><img loading=\"lazy\" decoding=\"async\" width=\"1024\" height=\"578\" src=\"http:\/\/zskarlino.pl\/wp-content\/uploads\/2021\/12\/image-1-1024x578.png\" alt=\"\" class=\"wp-image-18892\" srcset=\"https:\/\/zskarlino.pl\/wp-content\/uploads\/2021\/12\/image-1-1024x578.png 1024w, https:\/\/zskarlino.pl\/wp-content\/uploads\/2021\/12\/image-1-300x169.png 300w, https:\/\/zskarlino.pl\/wp-content\/uploads\/2021\/12\/image-1-768x433.png 768w, https:\/\/zskarlino.pl\/wp-content\/uploads\/2021\/12\/image-1-750x423.png 750w, https:\/\/zskarlino.pl\/wp-content\/uploads\/2021\/12\/image-1.png 1382w\" sizes=\"auto, (max-width: 1024px) 100vw, 1024px\" \/><\/a><figcaption>Obraz przedstawia zestawienie godzin zebra\u0144 klasowych. Po prawej stronie znajduje si\u0119 zdj\u0119cie budynku szko\u0142y. W nag\u0142\u00f3wku czarn\u0105 czcionk\u0105 na bia\u0142ym tle znajduje si\u0119 napis: SPOTKANIA Z RODZICAMI 21.12.2021 (online MS TEAMS) <\/figcaption><\/figure>\n\n\n\n<p><\/p>\n","protected":false},"excerpt":{"rendered":"<p>Zapraszamy na dzisiejsze spotkania z wychowawcami ONLINE. Godziny spotka\u0144 poni\u017cej. Logujemy si\u0119 na konta dzieci.<\/p>\n","protected":false},"author":8,"featured_media":0,"comment_status":"closed","ping_status":"closed","sticky":false,"template":"","format":"standard","meta":{"footnotes":""},"categories":[3],"tags":[],"class_list":["post-18890","post","type-post","status-publish","format-standard","hentry","category-wydarzenia","item-wrap"],"_links":{"self":[{"href":"https:\/\/zskarlino.pl\/index.php?rest_route=\/wp\/v2\/posts\/18890","targetHints":{"allow":["GET"]}}],"collection":[{"href":"https:\/\/zskarlino.pl\/index.php?rest_route=\/wp\/v2\/posts"}],"about":[{"href":"https:\/\/zskarlino.pl\/index.php?rest_route=\/wp\/v2\/types\/post"}],"author":[{"embeddable":true,"href":"https:\/\/zskarlino.pl\/index.php?rest_route=\/wp\/v2\/users\/8"}],"replies":[{"embeddable":true,"href":"https:\/\/zskarlino.pl\/index.php?rest_route=%2Fwp%2Fv2%2Fcomments&post=18890"}],"version-history":[{"count":1,"href":"https:\/\/zskarlino.pl\/index.php?rest_route=\/wp\/v2\/posts\/18890\/revisions"}],"predecessor-version":[{"id":18893,"href":"https:\/\/zskarlino.pl\/index.php?rest_route=\/wp\/v2\/posts\/18890\/revisions\/18893"}],"wp:attachment":[{"href":"https:\/\/zskarlino.pl\/index.php?rest_route=%2Fwp%2Fv2%2Fmedia&parent=18890"}],"wp:term":[{"taxonomy":"category","embeddable":true,"href":"https:\/\/zskarlino.pl\/index.php?rest_route=%2Fwp%2Fv2%2Fcategories&post=18890"},{"taxonomy":"post_tag","embeddable":true,"href":"https:\/\/zskarlino.pl\/index.php?rest_route=%2Fwp%2Fv2%2Ftags&post=18890"}],"curies":[{"name":"wp","href":"https:\/\/api.w.org\/{rel}","templated":true}]}}