{"id":18886,"date":"2021-12-16T10:28:00","date_gmt":"2021-12-16T09:28:00","guid":{"rendered":"http:\/\/zskarlino.pl\/?p=18886"},"modified":"2021-12-17T10:31:30","modified_gmt":"2021-12-17T09:31:30","slug":"informacja-dyrektora-szkoly-na-temat-funkcjonowania-zespolu-szkol-od-20-grudnia-2021-roku","status":"publish","type":"post","link":"https:\/\/zskarlino.pl\/?p=18886","title":{"rendered":"Informacja Dyrektora Szko\u0142y na temat funkcjonowania Zespo\u0142u Szk\u00f3\u0142 od 20 grudnia 2021 roku"},"content":{"rendered":"\n<p>W zwi\u0105zku z rozporz\u0105dzeniem Ministra Edukacji i Nauki z 13 grudnia 2021 roku w sprawie czasowego ograniczenia funkcjonowania jednostek systemu o\u015bwiaty w zwi\u0105zku z zapobieganiem, przeciwdzia\u0142aniem i zwalczaniem COVID-19 informuj\u0119, o zasadach pracy Zespo\u0142u Szk\u00f3\u0142 w Karlinie od poniedzia\u0142ku 20 grudnia 2021 r. do 9 stycznia:<\/p>\n\n\n\n<ol class=\"wp-block-list\" type=\"1\"><li>Szko\u0142a przechodzi na tryb kszta\u0142cenia za pomoc\u0105 technik na odleg\u0142o\u015b\u0107 (nauczanie zdalne) na platformie MS TEAMS. Nauczanie zdalne dotyczy wi\u0119kszo\u015bci zaj\u0119\u0107 szkolnych.<\/li><li>Dla uczni\u00f3w klasy IV TM zostan\u0105 zorganizowane konsultacje przed egzaminem zawodowym \u2013 pierwsze ju\u017c 22 grudnia 2021 roku o godz.9.00, natomiast terminy konsultacji maturalnych zostan\u0105 ustalone w porozumieniu z wychowawc\u0105<\/li><li>Kursy teoretyczne dla uczni\u00f3w BSI b\u0119d\u0105 odbywa\u0107 si\u0119 z wykorzystaniem technik kszta\u0142cenia na odleg\u0142o\u015b\u0107, zgodnie z informacjami przekazanymi przez plac\u00f3wki prowadz\u0105ce turnusy kszta\u0142cenia zawodowego teoretycznego.<\/li><li>Uczniowie BSI- m\u0142odociani pracownicy \u015bwiadcz\u0105 prac\u0119 w pe\u0142nym wymiarze u swoich pracodawc\u00f3w, o ile nie wyst\u0119puj\u0105 tam zdarzenia, kt\u00f3re ze wzgl\u0119du na aktualn\u0105 sytuacj\u0119 epidemiologiczn\u0105 mog\u0105 zagrozi\u0107 zdrowiu m\u0142odocianego pracownika.<\/li><li>Funkcjonowanie internatu jest zawieszone od 22.12. 2021 do 09.01.2022 roku.<\/li><li>Uczniowie, kt\u00f3rzy maj\u0105 problem ze sprz\u0119tem komputerowym proszeni s\u0105 o zg\u0142oszenie to wychowawcom i ustalenie terminu odbioru sprz\u0119tu. Komputery u\u017cyczane s\u0105 na wniosek rodzica\/opiekuna i po podpisaniu umowy z dyrektorem, dlatego konieczna jest wizyta rodzica w szkole.\u00a0<\/li><li>Uczniowie, kt\u00f3rzy z uwagi na rodzaj niepe\u0142nosprawno\u015bci, nie \u00a0b\u0119d\u0105 mogli realizowa\u0107 zaj\u0119\u0107 w miejscu zamieszkania, b\u0119d\u0105 mieli tak\u0105 mo\u017cliwo\u015b\u0107 w szkole. Prosz\u0119 o kontakt z wychowawc\u0105.<\/li><li>Zaj\u0119cia rewalidacyjne i z pomocy pedagogiczno-psychologicznej mog\u0105 by\u0107 prowadzone w kontakcie bezpo\u015brednim w szkole \u2013 w celu ustalenia form pomocy prosz\u0119 kontaktowa\u0107 si\u0119 indywidualnie z wychowawcami. \u00a0<\/li><\/ol>\n\n\n\n<p>W przypadku pyta\u0144 lub w\u0105tpliwo\u015bci prosz\u0119 kontaktowa\u0107 si\u0119 z wychowawcami. W przysz\u0142ym tygodniu odb\u0119d\u0105 si\u0119 spotkania z rodzicami w formule online przez dost\u0119py uczni\u00f3w. Szczeg\u00f3\u0142owe informacje przeka\u017c\u0105 wychowawcy.<br><\/p>\n\n\n\n<p>Wi\u0119cej informacji na stronie Ministerstwa Edukacji i Nauki<\/p>\n\n\n\n<p><a href=\"https:\/\/www.gov.pl\/web\/edukacja-i-nauka\/od-20-grudnia-do-9-stycznia-zajecia-w-szkolach-w-systemie-zdalnym\" target=\"_blank\" rel=\"noopener\">https:\/\/www.gov.pl\/web\/edukacja-i-nauka\/od-20-grudnia-do-9-stycznia-zajecia-w-szkolach-w-systemie-zdalnym<\/a><\/p>\n\n\n\n<figure class=\"wp-block-image size-full\"><a href=\"http:\/\/zskarlino.pl\/wp-content\/uploads\/2021\/12\/zawieszenie-zajec-XII-2021.png\" rel=\"lightbox[18886]\"><img loading=\"lazy\" decoding=\"async\" width=\"729\" height=\"308\" src=\"http:\/\/zskarlino.pl\/wp-content\/uploads\/2021\/12\/zawieszenie-zajec-XII-2021.png\" alt=\"\" class=\"wp-image-18887\" srcset=\"https:\/\/zskarlino.pl\/wp-content\/uploads\/2021\/12\/zawieszenie-zajec-XII-2021.png 729w, https:\/\/zskarlino.pl\/wp-content\/uploads\/2021\/12\/zawieszenie-zajec-XII-2021-300x127.png 300w\" sizes=\"auto, (max-width: 729px) 100vw, 729px\" \/><\/a><figcaption>Obrazek przedstawia grafik\u0119: kontury postaci przed ekranem komputera i wy\u015bwietlaj\u0105ca si\u0119 na ekranie oraz tekst: &#8222;Od 20 grudnia do 9 stycznia zaj\u0119cia w szko\u0142ach w systemie zdalnym&#8221;. T\u0142o jest bia\u0142e, a wi\u0119kszo\u015b\u0107 tekstu w kolorze czarnym poza: 20, 9, systemem zdalnym, kt\u00f3re s\u0105 napisane czerwon\u0105 czcionk\u0105. <\/figcaption><\/figure>\n","protected":false},"excerpt":{"rendered":"<p>W zwi\u0105zku z rozporz\u0105dzeniem Ministra Edukacji i Nauki z 13 grudnia 2021 roku w sprawie czasowego ograniczenia funkcjonowania jednostek systemu o\u015bwiaty w zwi\u0105zku z zapobieganiem, przeciwdzia\u0142aniem i zwalczaniem COVID-19 informuj\u0119, o zasadach pracy Zespo\u0142u Szk\u00f3\u0142 w Karlinie od poniedzia\u0142ku 20 grudnia 2021 r. do 9 stycznia: Szko\u0142a przechodzi na tryb kszta\u0142cenia za pomoc\u0105 technik na &hellip; <\/p>\n<p><a class=\"more-link btn\" href=\"https:\/\/zskarlino.pl\/?p=18886\">Czytaj dalej<\/a><\/p>\n","protected":false},"author":8,"featured_media":0,"comment_status":"closed","ping_status":"closed","sticky":false,"template":"","format":"standard","meta":{"footnotes":""},"categories":[3],"tags":[],"class_list":["post-18886","post","type-post","status-publish","format-standard","hentry","category-wydarzenia","item-wrap"],"_links":{"self":[{"href":"https:\/\/zskarlino.pl\/index.php?rest_route=\/wp\/v2\/posts\/18886","targetHints":{"allow":["GET"]}}],"collection":[{"href":"https:\/\/zskarlino.pl\/index.php?rest_route=\/wp\/v2\/posts"}],"about":[{"href":"https:\/\/zskarlino.pl\/index.php?rest_route=\/wp\/v2\/types\/post"}],"author":[{"embeddable":true,"href":"https:\/\/zskarlino.pl\/index.php?rest_route=\/wp\/v2\/users\/8"}],"replies":[{"embeddable":true,"href":"https:\/\/zskarlino.pl\/index.php?rest_route=%2Fwp%2Fv2%2Fcomments&post=18886"}],"version-history":[{"count":2,"href":"https:\/\/zskarlino.pl\/index.php?rest_route=\/wp\/v2\/posts\/18886\/revisions"}],"predecessor-version":[{"id":18889,"href":"https:\/\/zskarlino.pl\/index.php?rest_route=\/wp\/v2\/posts\/18886\/revisions\/18889"}],"wp:attachment":[{"href":"https:\/\/zskarlino.pl\/index.php?rest_route=%2Fwp%2Fv2%2Fmedia&parent=18886"}],"wp:term":[{"taxonomy":"category","embeddable":true,"href":"https:\/\/zskarlino.pl\/index.php?rest_route=%2Fwp%2Fv2%2Fcategories&post=18886"},{"taxonomy":"post_tag","embeddable":true,"href":"https:\/\/zskarlino.pl\/index.php?rest_route=%2Fwp%2Fv2%2Ftags&post=18886"}],"curies":[{"name":"wp","href":"https:\/\/api.w.org\/{rel}","templated":true}]}}