{"id":18877,"date":"2021-12-13T08:47:48","date_gmt":"2021-12-13T07:47:48","guid":{"rendered":"http:\/\/zskarlino.pl\/?p=18877"},"modified":"2021-12-15T09:50:53","modified_gmt":"2021-12-15T08:50:53","slug":"poznanskie-i-nadmorskie-pyry-razem-czyli-my-w-przedsiewzieciu-poznaj-polske","status":"publish","type":"post","link":"https:\/\/zskarlino.pl\/?p=18877","title":{"rendered":"Pozna\u0144skie i nadmorskie pyry razem\u2026 czyli my w przedsi\u0119wzi\u0119ciu \u201ePoznaj Polsk\u0119\u201d"},"content":{"rendered":"\n<p>W dniach 08-09.12.2021r, grupa uczni\u00f3w z trzecich klas Zespo\u0142u Szk\u00f3\u0142 w Karlinie wzi\u0119\u0142a udzia\u0142 w dwudniowej wycieczce do Poznania, zorganizowanej dzi\u0119ki dofinansowaniu z ministerialnego przedsi\u0119wzi\u0119cia \u201ePoznaj Polsk\u0119\u201d. Powa\u017cnemu zwiedzaniu zabytk\u00f3w narodowych, takich jak Historyczny Stary Rynek, Muzeum Sztuk U\u017cytkowych, Etnografii, Powstania Wielkopolskiego, Bambr\u00f3w czy te\u017c Ogrodu Botanicznego i Palmiarni, towarzyszy\u0142y warsztaty zatytu\u0142owane \u201eBarwne \u017cycie fotografii\u201d. W ramach zaj\u0119\u0107 pozaszkolnych, uczni\u00f3w czeka\u0142a ucieczka z Escape roomu zlokalizowanego w Szkole Magii, pranie pieni\u0119dzy i skoki w g\u00f3r\u0119 \u0142\u00f3\u017cka w Muzeum Szcz\u0119\u015bcia i Iluzji, wiecz\u00f3r z grami w Cybermachine, Zorro podaj\u0105cy serniczek w Meksykanie oraz jarmark bo\u017conarodzeniowy z karuzelami. Fajna grupa, \u015bwi\u0105teczny czas, pe\u0142no kozio\u0142k\u00f3w wko\u0142o oraz liczne atrakcje sprawi\u0142y, i\u017c wszyscy nie tylko \u015bwietnie si\u0119 razem bawili ale i wr\u00f3cili do domu z niezapomnianymi wra\u017ceniami. Opiekunowie p. Renata Piszak-Walczykowska oraz p.Kevin \u0106wiek byli pod wra\u017ceniem kultury osobistej oraz zdyscyplinowania grupy, kt\u00f3rej dzi\u0119kuj\u0105 za mi\u0142\u0105 atmosfer\u0119 i ciekawie sp\u0119dzone wsp\u00f3lnie dwa dni. <br>Wi\u0119cej zdj\u0119\u0107 i filmik z wyjazdu na naszej stronie Facebooka oraz #PoznajPolsk\u0119 #zskarlino #karlinomamoc<\/p>\n\n\n\n<div class=\"wp-block-image\"><figure class=\"aligncenter size-full\"><a href=\"http:\/\/zskarlino.pl\/wp-content\/uploads\/2021\/12\/266286990_1252395795240721_3391515458989960180_n.jpg\" rel=\"lightbox[18877]\"><img loading=\"lazy\" decoding=\"async\" width=\"720\" height=\"720\" src=\"http:\/\/zskarlino.pl\/wp-content\/uploads\/2021\/12\/266286990_1252395795240721_3391515458989960180_n.jpg\" alt=\"\" class=\"wp-image-18878\" srcset=\"https:\/\/zskarlino.pl\/wp-content\/uploads\/2021\/12\/266286990_1252395795240721_3391515458989960180_n.jpg 720w, https:\/\/zskarlino.pl\/wp-content\/uploads\/2021\/12\/266286990_1252395795240721_3391515458989960180_n-300x300.jpg 300w, https:\/\/zskarlino.pl\/wp-content\/uploads\/2021\/12\/266286990_1252395795240721_3391515458989960180_n-150x150.jpg 150w\" sizes=\"auto, (max-width: 720px) 100vw, 720px\" \/><\/a><figcaption><sup>Kola\u017c 3 zdj\u0119\u0107 przedstawia na g\u00f3rze dwie klasy trzecie a i b osobno z opiekunem panem Kevinem, natomiast zdj\u0119cie na dole pokazuje ca\u0142\u0105 grup\u0119 z opiekunk\u0105 pani\u0105 Renat\u0105.<\/sup><\/figcaption><\/figure><\/div>\n\n\n\n<p>Renata Piszak-Walczykowska<\/p>\n","protected":false},"excerpt":{"rendered":"<p>W dniach 08-09.12.2021r, grupa uczni\u00f3w z trzecich klas Zespo\u0142u Szk\u00f3\u0142 w Karlinie wzi\u0119\u0142a udzia\u0142 w dwudniowej wycieczce do Poznania, zorganizowanej dzi\u0119ki dofinansowaniu z ministerialnego przedsi\u0119wzi\u0119cia \u201ePoznaj Polsk\u0119\u201d. Powa\u017cnemu zwiedzaniu zabytk\u00f3w narodowych, takich jak Historyczny Stary Rynek, Muzeum Sztuk U\u017cytkowych, Etnografii, Powstania Wielkopolskiego, Bambr\u00f3w czy te\u017c Ogrodu Botanicznego i Palmiarni, towarzyszy\u0142y warsztaty zatytu\u0142owane \u201eBarwne \u017cycie fotografii\u201d. &hellip; <\/p>\n<p><a class=\"more-link btn\" href=\"https:\/\/zskarlino.pl\/?p=18877\">Czytaj dalej<\/a><\/p>\n","protected":false},"author":4,"featured_media":0,"comment_status":"closed","ping_status":"closed","sticky":false,"template":"","format":"standard","meta":{"footnotes":""},"categories":[3],"tags":[],"class_list":["post-18877","post","type-post","status-publish","format-standard","hentry","category-wydarzenia","item-wrap"],"_links":{"self":[{"href":"https:\/\/zskarlino.pl\/index.php?rest_route=\/wp\/v2\/posts\/18877","targetHints":{"allow":["GET"]}}],"collection":[{"href":"https:\/\/zskarlino.pl\/index.php?rest_route=\/wp\/v2\/posts"}],"about":[{"href":"https:\/\/zskarlino.pl\/index.php?rest_route=\/wp\/v2\/types\/post"}],"author":[{"embeddable":true,"href":"https:\/\/zskarlino.pl\/index.php?rest_route=\/wp\/v2\/users\/4"}],"replies":[{"embeddable":true,"href":"https:\/\/zskarlino.pl\/index.php?rest_route=%2Fwp%2Fv2%2Fcomments&post=18877"}],"version-history":[{"count":2,"href":"https:\/\/zskarlino.pl\/index.php?rest_route=\/wp\/v2\/posts\/18877\/revisions"}],"predecessor-version":[{"id":18884,"href":"https:\/\/zskarlino.pl\/index.php?rest_route=\/wp\/v2\/posts\/18877\/revisions\/18884"}],"wp:attachment":[{"href":"https:\/\/zskarlino.pl\/index.php?rest_route=%2Fwp%2Fv2%2Fmedia&parent=18877"}],"wp:term":[{"taxonomy":"category","embeddable":true,"href":"https:\/\/zskarlino.pl\/index.php?rest_route=%2Fwp%2Fv2%2Fcategories&post=18877"},{"taxonomy":"post_tag","embeddable":true,"href":"https:\/\/zskarlino.pl\/index.php?rest_route=%2Fwp%2Fv2%2Ftags&post=18877"}],"curies":[{"name":"wp","href":"https:\/\/api.w.org\/{rel}","templated":true}]}}