{"id":18873,"date":"2021-12-10T08:43:00","date_gmt":"2021-12-10T07:43:00","guid":{"rendered":"http:\/\/zskarlino.pl\/?p=18873"},"modified":"2021-12-15T09:49:00","modified_gmt":"2021-12-15T08:49:00","slug":"wycieczka-do-warszawy","status":"publish","type":"post","link":"https:\/\/zskarlino.pl\/?p=18873","title":{"rendered":"WYCIECZKA DO WARSZAWY"},"content":{"rendered":"\n<p>              Dnia 06.12.2021 roku wyruszyli\u015bmy na dwudniow\u0105 wycieczk\u0119 do Warszawy. Wyjazd przygotowali\u015bmy w ramach programu Ministra Edukacji i Nauki \u201ePoznaj Polsk\u0119\u201d. Celem naszej wycieczki by\u0142o poznawanie istotnych miejsc oraz wydarze\u0144 zwi\u0105zanych z histori\u0105 Polski &#8211; wa\u017cnych dla naszej pami\u0119ci oraz zbiorowej to\u017csamo\u015bci. Nasza grupa liczy\u0142a 24 osoby. Opiek\u0119 nad grup\u0105 sprawowa\u0142o dw\u00f3ch opiekun\u00f3w.<\/p>\n\n\n\n<p>              Wycieczk\u0119 rozpocz\u0119li\u015bmy zbi\u00f3rk\u0105 o godzinie 2.45. O godzinie 3.00 wyruszyli\u015bmy w kilkugodzinn\u0105 podr\u00f3\u017c do stolicy Polski. Na miejsce dotarli\u015bmy o godzinie 10.00, gdzie czeka\u0142 ju\u017c na nas przewodnik p. Janusz K\u0119pka, kt\u00f3ry zaj\u0105\u0142 si\u0119 nasz\u0105 grup\u0105. Ze wzgl\u0119du na obostrzenia podzielono nas na dwie grupy i rozpocz\u0119li\u015bmy zwiedzanie z przewodnikami Muzeum Powstania Warszawskiego. Ogromne wra\u017cenie na nas wywar\u0142 stalowy monument, kt\u00f3rego \u015bciany pokrywa\u0142y daty kolejnych dni powstania i \u015blady po pociskach, a z wewn\u0105trz dobiega\u0142o brzmienie bij\u0105cego serca, kt\u00f3re symbolizuje \u017cycie Warszawy w 1944 roku. Wprowadzeni w tematyk\u0119 II wojny \u015bwiatowej pod kierunkiem przewodnika<br>p. Ewy Ter-Tatewosjan pod\u0105\u017cyli\u015bmy pod fragment MURU GETTA Warszawskiego. Nast\u0119pnie udali\u015bmy si\u0119 do Parku \u015awi\u0119tokrzyskiego, gdzie wykonali\u015bmy pami\u0105tkowe zdj\u0119cia na tle Pa\u0142acu Kultury i Nauki oraz przewodnik opowiedzia\u0142 nam i pokaza\u0142 jeden z najnowszych warszawskich pomnik\u00f3w \u2013 pomnik Janusza Korczaka z dzie\u0107mi. Uczniowie zobaczyli r\u00f3wnie\u017c wsp\u00f3\u0142czesn\u0105 Warszaw\u0119: najnowsze wie\u017cowce i stacje metra. Oko\u0142o godziny 14.00 pojechali\u015bmy zwiedza\u0107 Stare Miasto. Spacerowali\u015bmy z przewodnikiem po Placu Zamkowym, widzieli\u015bmy Kolumn\u0119 Zygmunta, Zamek Kr\u00f3lewski \u2013 z zewn\u0105trz, Barbakan, pomnik Ma\u0142ego Powsta\u0144ca oraz dotarli\u015bmy do Rynku Starego Miasta. <\/p>\n\n\n\n<figure class=\"wp-block-image size-large\"><a href=\"http:\/\/zskarlino.pl\/wp-content\/uploads\/2021\/12\/thumbnail_IMG_1092.jpg\" rel=\"lightbox[18873]\"><img loading=\"lazy\" decoding=\"async\" width=\"1024\" height=\"768\" src=\"http:\/\/zskarlino.pl\/wp-content\/uploads\/2021\/12\/thumbnail_IMG_1092-1024x768.jpg\" alt=\"\" class=\"wp-image-18875\" srcset=\"https:\/\/zskarlino.pl\/wp-content\/uploads\/2021\/12\/thumbnail_IMG_1092-1024x768.jpg 1024w, https:\/\/zskarlino.pl\/wp-content\/uploads\/2021\/12\/thumbnail_IMG_1092-300x225.jpg 300w, https:\/\/zskarlino.pl\/wp-content\/uploads\/2021\/12\/thumbnail_IMG_1092-768x576.jpg 768w, https:\/\/zskarlino.pl\/wp-content\/uploads\/2021\/12\/thumbnail_IMG_1092-750x563.jpg 750w, https:\/\/zskarlino.pl\/wp-content\/uploads\/2021\/12\/thumbnail_IMG_1092.jpg 1280w\" sizes=\"auto, (max-width: 1024px) 100vw, 1024px\" \/><\/a><figcaption><sup>Grupa uczni\u00f3w ZSKarlino przy pomniku Ma\u0142ego Powsta\u0144ca,  znajduj\u0105cym si\u0119 przy ulicy Podwale u zbiegu z ulic\u0105 W\u0105ski Dunaj, przy zewn\u0119trznym murze obronnym Starego Miasta w Warszawie<\/sup>.<\/figcaption><\/figure>\n\n\n\n<p>W centrum miasta zjedli\u015bmy obiad i pojechali\u015bmy do Centrum Nauki Kopernik. Wizyta tam pozwoli\u0142a nam zobaczy\u0107 na \u017cywo i w praktyce wiele zjawisk, m.in. z dziedziny biologii, fizyki, geografii i chemii.&nbsp;Wyczerpani po nocnej podr\u00f3\u017cy oraz po intensywnym zwiedzaniu udali\u015bmy si\u0119 na nocleg do hotelu. Po kr\u00f3tkim odpoczynku wraz z opiekunami postanowili\u015bmy spojrze\u0107 na Warszaw\u0119 noc\u0105. Nast\u0119pnego dnia w mro\u017any poranek wybrali\u015bmy si\u0119 do \u0141azienek Kr\u00f3lewskich, gdzie na terenie parku podziwiali\u015bmy pomniki, rze\u017aby, architektur\u0119 i przyrod\u0119. Zwiedzili\u015bmy Star\u0105 Oran\u017ceri\u0119 i Pa\u0142ac Na Wyspie. Stamt\u0105d wyruszyli\u015bmy do Zamku Kr\u00f3lewskiego. Po drodze, na Placu Pi\u0142sudskiego byli\u015bmy \u015bwiadkami zmiany warty przy Grobie Nieznanego \u017bo\u0142nierza. Wraz z przewodnikiem zwiedzali\u015bmy wn\u0119trze zamku. Mieli\u015bmy r\u00f3wnie\u017c niepowtarzaln\u0105 okazj\u0119 podziwia\u0107 dzie\u0142o wypo\u017cyczone z prywatnej kolekcji <em>Portret Anny Austriaczki<\/em> Petera Paula Rubensa. Zm\u0119czeni, ale pe\u0142ni wra\u017ce\u0144 i zadowoleni z pobytu wr\u00f3cili\u015bmy do domu.<\/p>\n\n\n\n<figure class=\"wp-block-image size-large\"><a href=\"http:\/\/zskarlino.pl\/wp-content\/uploads\/2021\/12\/thumbnail_IMG_1118.jpg\" rel=\"lightbox[18873]\"><img loading=\"lazy\" decoding=\"async\" width=\"1024\" height=\"768\" src=\"http:\/\/zskarlino.pl\/wp-content\/uploads\/2021\/12\/thumbnail_IMG_1118-1024x768.jpg\" alt=\"\" class=\"wp-image-18874\" srcset=\"https:\/\/zskarlino.pl\/wp-content\/uploads\/2021\/12\/thumbnail_IMG_1118-1024x768.jpg 1024w, https:\/\/zskarlino.pl\/wp-content\/uploads\/2021\/12\/thumbnail_IMG_1118-300x225.jpg 300w, https:\/\/zskarlino.pl\/wp-content\/uploads\/2021\/12\/thumbnail_IMG_1118-768x576.jpg 768w, https:\/\/zskarlino.pl\/wp-content\/uploads\/2021\/12\/thumbnail_IMG_1118-750x563.jpg 750w, https:\/\/zskarlino.pl\/wp-content\/uploads\/2021\/12\/thumbnail_IMG_1118.jpg 1280w\" sizes=\"auto, (max-width: 1024px) 100vw, 1024px\" \/><\/a><figcaption> <sup>Grupa uczni\u00f3w  ZSKarlinow przy secesyjnym pomniku Fryderyka Chopina w parku \u0141azienkowskim w Warszawie,<\/sup><\/figcaption><\/figure>\n\n\n\n<p>Emilia Marunowska<\/p>\n","protected":false},"excerpt":{"rendered":"<p>Dnia 06.12.2021 roku wyruszyli\u015bmy na dwudniow\u0105 wycieczk\u0119 do Warszawy. Wyjazd przygotowali\u015bmy w ramach programu Ministra Edukacji i Nauki \u201ePoznaj Polsk\u0119\u201d. Celem naszej wycieczki by\u0142o poznawanie istotnych miejsc oraz wydarze\u0144 zwi\u0105zanych z histori\u0105 Polski &#8211; wa\u017cnych dla naszej pami\u0119ci oraz zbiorowej to\u017csamo\u015bci. Nasza grupa liczy\u0142a 24 osoby. Opiek\u0119 nad grup\u0105 sprawowa\u0142o dw\u00f3ch opiekun\u00f3w. Wycieczk\u0119 rozpocz\u0119li\u015bmy zbi\u00f3rk\u0105 &hellip; <\/p>\n<p><a class=\"more-link btn\" href=\"https:\/\/zskarlino.pl\/?p=18873\">Czytaj dalej<\/a><\/p>\n","protected":false},"author":4,"featured_media":0,"comment_status":"closed","ping_status":"closed","sticky":false,"template":"","format":"standard","meta":{"footnotes":""},"categories":[3],"tags":[],"class_list":["post-18873","post","type-post","status-publish","format-standard","hentry","category-wydarzenia","item-wrap"],"_links":{"self":[{"href":"https:\/\/zskarlino.pl\/index.php?rest_route=\/wp\/v2\/posts\/18873","targetHints":{"allow":["GET"]}}],"collection":[{"href":"https:\/\/zskarlino.pl\/index.php?rest_route=\/wp\/v2\/posts"}],"about":[{"href":"https:\/\/zskarlino.pl\/index.php?rest_route=\/wp\/v2\/types\/post"}],"author":[{"embeddable":true,"href":"https:\/\/zskarlino.pl\/index.php?rest_route=\/wp\/v2\/users\/4"}],"replies":[{"embeddable":true,"href":"https:\/\/zskarlino.pl\/index.php?rest_route=%2Fwp%2Fv2%2Fcomments&post=18873"}],"version-history":[{"count":2,"href":"https:\/\/zskarlino.pl\/index.php?rest_route=\/wp\/v2\/posts\/18873\/revisions"}],"predecessor-version":[{"id":18882,"href":"https:\/\/zskarlino.pl\/index.php?rest_route=\/wp\/v2\/posts\/18873\/revisions\/18882"}],"wp:attachment":[{"href":"https:\/\/zskarlino.pl\/index.php?rest_route=%2Fwp%2Fv2%2Fmedia&parent=18873"}],"wp:term":[{"taxonomy":"category","embeddable":true,"href":"https:\/\/zskarlino.pl\/index.php?rest_route=%2Fwp%2Fv2%2Fcategories&post=18873"},{"taxonomy":"post_tag","embeddable":true,"href":"https:\/\/zskarlino.pl\/index.php?rest_route=%2Fwp%2Fv2%2Ftags&post=18873"}],"curies":[{"name":"wp","href":"https:\/\/api.w.org\/{rel}","templated":true}]}}