{"id":18867,"date":"2021-11-23T15:10:00","date_gmt":"2021-11-23T14:10:00","guid":{"rendered":"http:\/\/zskarlino.pl\/?p=18867"},"modified":"2021-11-26T09:29:31","modified_gmt":"2021-11-26T08:29:31","slug":"miedzynarodowy-dzien-zyczliwosci-i-pozdrowien","status":"publish","type":"post","link":"https:\/\/zskarlino.pl\/?p=18867","title":{"rendered":"Mi\u0119dzynarodowy Dzie\u0144 \u017cyczliwo\u015bci i pozdrowie\u0144"},"content":{"rendered":"\n<p>Nasi uczniowie w\u0142\u0105czyli si\u0119 w obchody \u015awiatowego Dnia \u017byczliwo\u015bci i Pozdrowie\u0144. Celem akcji jest uwra\u017cliwienie ludzi na wzajemn\u0105 \u017cyczliwo\u015b\u0107 oraz rozbudzenie w nich pozytywnych emocji. Z tej okazji w wielu miejscach szko\u0142y pojawi\u0142y si\u0119 karteczki z mi\u0142ymi s\u0142owami dla ka\u017cdego. U\u015bmiech dzisiaj by\u0142 obowi\u0105zkowy.<\/p>\n\n\n\n<figure class=\"wp-block-image size-full\"><a href=\"http:\/\/zskarlino.pl\/wp-content\/uploads\/2021\/11\/260007953_611889033296594_8562455686492681100_n.jpg\" rel=\"lightbox[18867]\"><img loading=\"lazy\" decoding=\"async\" width=\"960\" height=\"720\" src=\"http:\/\/zskarlino.pl\/wp-content\/uploads\/2021\/11\/260007953_611889033296594_8562455686492681100_n.jpg\" alt=\"\" class=\"wp-image-18868\" srcset=\"https:\/\/zskarlino.pl\/wp-content\/uploads\/2021\/11\/260007953_611889033296594_8562455686492681100_n.jpg 960w, https:\/\/zskarlino.pl\/wp-content\/uploads\/2021\/11\/260007953_611889033296594_8562455686492681100_n-300x225.jpg 300w, https:\/\/zskarlino.pl\/wp-content\/uploads\/2021\/11\/260007953_611889033296594_8562455686492681100_n-768x576.jpg 768w, https:\/\/zskarlino.pl\/wp-content\/uploads\/2021\/11\/260007953_611889033296594_8562455686492681100_n-750x563.jpg 750w\" sizes=\"auto, (max-width: 960px) 100vw, 960px\" \/><\/a><figcaption><sup>Grafika przedstawia gazetk\u0119 \u015bcienn\u0105. W centralnej cz\u0119\u015bci napis \u201eDzie\u0144 \u017byczliwo\u015bci i Pozdrowie\u0144 22.11.\u201d; woko\u0142o serduszka, kwiatki i u\u015bmiechni\u0119te buzie w kolorze \u017c\u00f3\u0142tym i czerwonym<\/sup><\/figcaption><\/figure>\n\n\n\n<p><\/p>\n","protected":false},"excerpt":{"rendered":"<p>Nasi uczniowie w\u0142\u0105czyli si\u0119 w obchody \u015awiatowego Dnia \u017byczliwo\u015bci i Pozdrowie\u0144. Celem akcji jest uwra\u017cliwienie ludzi na wzajemn\u0105 \u017cyczliwo\u015b\u0107 oraz rozbudzenie w nich pozytywnych emocji. Z tej okazji w wielu miejscach szko\u0142y pojawi\u0142y si\u0119 karteczki z mi\u0142ymi s\u0142owami dla ka\u017cdego. U\u015bmiech dzisiaj by\u0142 obowi\u0105zkowy.<\/p>\n","protected":false},"author":4,"featured_media":0,"comment_status":"closed","ping_status":"closed","sticky":false,"template":"","format":"standard","meta":{"footnotes":""},"categories":[3],"tags":[],"class_list":["post-18867","post","type-post","status-publish","format-standard","hentry","category-wydarzenia","item-wrap"],"_links":{"self":[{"href":"https:\/\/zskarlino.pl\/index.php?rest_route=\/wp\/v2\/posts\/18867","targetHints":{"allow":["GET"]}}],"collection":[{"href":"https:\/\/zskarlino.pl\/index.php?rest_route=\/wp\/v2\/posts"}],"about":[{"href":"https:\/\/zskarlino.pl\/index.php?rest_route=\/wp\/v2\/types\/post"}],"author":[{"embeddable":true,"href":"https:\/\/zskarlino.pl\/index.php?rest_route=\/wp\/v2\/users\/4"}],"replies":[{"embeddable":true,"href":"https:\/\/zskarlino.pl\/index.php?rest_route=%2Fwp%2Fv2%2Fcomments&post=18867"}],"version-history":[{"count":1,"href":"https:\/\/zskarlino.pl\/index.php?rest_route=\/wp\/v2\/posts\/18867\/revisions"}],"predecessor-version":[{"id":18869,"href":"https:\/\/zskarlino.pl\/index.php?rest_route=\/wp\/v2\/posts\/18867\/revisions\/18869"}],"wp:attachment":[{"href":"https:\/\/zskarlino.pl\/index.php?rest_route=%2Fwp%2Fv2%2Fmedia&parent=18867"}],"wp:term":[{"taxonomy":"category","embeddable":true,"href":"https:\/\/zskarlino.pl\/index.php?rest_route=%2Fwp%2Fv2%2Fcategories&post=18867"},{"taxonomy":"post_tag","embeddable":true,"href":"https:\/\/zskarlino.pl\/index.php?rest_route=%2Fwp%2Fv2%2Ftags&post=18867"}],"curies":[{"name":"wp","href":"https:\/\/api.w.org\/{rel}","templated":true}]}}