{"id":18848,"date":"2021-11-22T19:25:00","date_gmt":"2021-11-22T18:25:00","guid":{"rendered":"http:\/\/zskarlino.pl\/?p=18848"},"modified":"2021-11-26T09:26:09","modified_gmt":"2021-11-26T08:26:09","slug":"wybory-do-mlodziezowej-rady-miejskiej","status":"publish","type":"post","link":"https:\/\/zskarlino.pl\/?p=18848","title":{"rendered":"Wybory do m\u0142odzie\u017cowej Rady Miejskiej"},"content":{"rendered":"\n<p>22 listopada odby\u0142y si\u0119 wybory do M\u0142odzie\u017cowej Rady Miejskiej. Rada jest organem konsultacyjnym reprezentuj\u0105cym interesy m\u0142odzie\u017cy mieszkaj\u0105cej lub ucz\u0105cej si\u0119 w gminie Karlino. Sk\u0142ada si\u0119 z pi\u0119tnastu cz\u0142onk\u00f3w licz\u0105cych 13-19 lat. W naszym okr\u0119gu wyborczym o siedem mandat\u00f3w ubiega si\u0119 dwana\u015bcioro kandydat\u00f3w. O tym, kto b\u0119dzie naszym radnym, dowiemy si\u0119 za kilka dni.<\/p>\n\n\n\n<figure class=\"wp-block-image size-full\"><a href=\"http:\/\/zskarlino.pl\/wp-content\/uploads\/2021\/11\/259673582_926686254948558_6395759704132498358_n.jpg\" rel=\"lightbox[18848]\"><img loading=\"lazy\" decoding=\"async\" width=\"720\" height=\"960\" src=\"http:\/\/zskarlino.pl\/wp-content\/uploads\/2021\/11\/259673582_926686254948558_6395759704132498358_n.jpg\" alt=\"\" class=\"wp-image-18849\" srcset=\"https:\/\/zskarlino.pl\/wp-content\/uploads\/2021\/11\/259673582_926686254948558_6395759704132498358_n.jpg 720w, https:\/\/zskarlino.pl\/wp-content\/uploads\/2021\/11\/259673582_926686254948558_6395759704132498358_n-225x300.jpg 225w\" sizes=\"auto, (max-width: 720px) 100vw, 720px\" \/><\/a><figcaption><sup>Grafika przedstawia ucznia wrzucaj\u0105cego g\u0142os do urny wyborczej. Urna jest bia\u0142o- czerwona<\/sup>.<\/figcaption><\/figure>\n\n\n\n<figure class=\"wp-block-gallery aligncenter columns-3 is-cropped wp-block-gallery-1 is-layout-flex wp-block-gallery-is-layout-flex\"><ul class=\"blocks-gallery-grid\"><li class=\"blocks-gallery-item\"><figure><a href=\"http:\/\/zskarlino.pl\/wp-content\/uploads\/2021\/11\/259720237_424207545826275_6937286385676079605_n.jpg\" rel=\"lightbox[18848]\"><img loading=\"lazy\" decoding=\"async\" width=\"960\" height=\"720\" src=\"http:\/\/zskarlino.pl\/wp-content\/uploads\/2021\/11\/259720237_424207545826275_6937286385676079605_n.jpg\" alt=\"\" data-id=\"18858\" data-full-url=\"http:\/\/zskarlino.pl\/wp-content\/uploads\/2021\/11\/259720237_424207545826275_6937286385676079605_n.jpg\" data-link=\"http:\/\/zskarlino.pl\/?attachment_id=18858\" class=\"wp-image-18858\" srcset=\"https:\/\/zskarlino.pl\/wp-content\/uploads\/2021\/11\/259720237_424207545826275_6937286385676079605_n.jpg 960w, https:\/\/zskarlino.pl\/wp-content\/uploads\/2021\/11\/259720237_424207545826275_6937286385676079605_n-300x225.jpg 300w, https:\/\/zskarlino.pl\/wp-content\/uploads\/2021\/11\/259720237_424207545826275_6937286385676079605_n-768x576.jpg 768w, https:\/\/zskarlino.pl\/wp-content\/uploads\/2021\/11\/259720237_424207545826275_6937286385676079605_n-750x563.jpg 750w\" sizes=\"auto, (max-width: 960px) 100vw, 960px\" \/><\/a><\/figure><\/li><li class=\"blocks-gallery-item\"><figure><a href=\"http:\/\/zskarlino.pl\/wp-content\/uploads\/2021\/11\/259571849_236974641859921_604623412918451291_n-1.jpg\" rel=\"lightbox[18848]\"><img loading=\"lazy\" decoding=\"async\" width=\"960\" height=\"720\" src=\"http:\/\/zskarlino.pl\/wp-content\/uploads\/2021\/11\/259571849_236974641859921_604623412918451291_n-1.jpg\" alt=\"\" data-id=\"18859\" data-full-url=\"http:\/\/zskarlino.pl\/wp-content\/uploads\/2021\/11\/259571849_236974641859921_604623412918451291_n-1.jpg\" data-link=\"http:\/\/zskarlino.pl\/?attachment_id=18859\" class=\"wp-image-18859\" srcset=\"https:\/\/zskarlino.pl\/wp-content\/uploads\/2021\/11\/259571849_236974641859921_604623412918451291_n-1.jpg 960w, https:\/\/zskarlino.pl\/wp-content\/uploads\/2021\/11\/259571849_236974641859921_604623412918451291_n-1-300x225.jpg 300w, https:\/\/zskarlino.pl\/wp-content\/uploads\/2021\/11\/259571849_236974641859921_604623412918451291_n-1-768x576.jpg 768w, https:\/\/zskarlino.pl\/wp-content\/uploads\/2021\/11\/259571849_236974641859921_604623412918451291_n-1-750x563.jpg 750w\" sizes=\"auto, (max-width: 960px) 100vw, 960px\" \/><\/a><\/figure><\/li><li class=\"blocks-gallery-item\"><figure><a href=\"http:\/\/zskarlino.pl\/wp-content\/uploads\/2021\/11\/260302229_444473704059073_1885521837971854701_n-1.jpg\" rel=\"lightbox[18848]\"><img loading=\"lazy\" decoding=\"async\" width=\"960\" height=\"720\" src=\"http:\/\/zskarlino.pl\/wp-content\/uploads\/2021\/11\/260302229_444473704059073_1885521837971854701_n-1.jpg\" alt=\"\" data-id=\"18860\" data-full-url=\"http:\/\/zskarlino.pl\/wp-content\/uploads\/2021\/11\/260302229_444473704059073_1885521837971854701_n-1.jpg\" data-link=\"http:\/\/zskarlino.pl\/?attachment_id=18860\" class=\"wp-image-18860\" srcset=\"https:\/\/zskarlino.pl\/wp-content\/uploads\/2021\/11\/260302229_444473704059073_1885521837971854701_n-1.jpg 960w, https:\/\/zskarlino.pl\/wp-content\/uploads\/2021\/11\/260302229_444473704059073_1885521837971854701_n-1-300x225.jpg 300w, https:\/\/zskarlino.pl\/wp-content\/uploads\/2021\/11\/260302229_444473704059073_1885521837971854701_n-1-768x576.jpg 768w, https:\/\/zskarlino.pl\/wp-content\/uploads\/2021\/11\/260302229_444473704059073_1885521837971854701_n-1-750x563.jpg 750w\" sizes=\"auto, (max-width: 960px) 100vw, 960px\" \/><\/a><\/figure><\/li><li class=\"blocks-gallery-item\"><figure><a href=\"http:\/\/zskarlino.pl\/wp-content\/uploads\/2021\/11\/259768189_921063695198542_3449279430149085767_n-1.jpg\" rel=\"lightbox[18848]\"><img loading=\"lazy\" decoding=\"async\" width=\"960\" height=\"720\" src=\"http:\/\/zskarlino.pl\/wp-content\/uploads\/2021\/11\/259768189_921063695198542_3449279430149085767_n-1.jpg\" alt=\"\" data-id=\"18861\" data-full-url=\"http:\/\/zskarlino.pl\/wp-content\/uploads\/2021\/11\/259768189_921063695198542_3449279430149085767_n-1.jpg\" data-link=\"http:\/\/zskarlino.pl\/?attachment_id=18861\" class=\"wp-image-18861\" srcset=\"https:\/\/zskarlino.pl\/wp-content\/uploads\/2021\/11\/259768189_921063695198542_3449279430149085767_n-1.jpg 960w, https:\/\/zskarlino.pl\/wp-content\/uploads\/2021\/11\/259768189_921063695198542_3449279430149085767_n-1-300x225.jpg 300w, https:\/\/zskarlino.pl\/wp-content\/uploads\/2021\/11\/259768189_921063695198542_3449279430149085767_n-1-768x576.jpg 768w, https:\/\/zskarlino.pl\/wp-content\/uploads\/2021\/11\/259768189_921063695198542_3449279430149085767_n-1-750x563.jpg 750w\" sizes=\"auto, (max-width: 960px) 100vw, 960px\" \/><\/a><\/figure><\/li><li class=\"blocks-gallery-item\"><figure><a href=\"http:\/\/zskarlino.pl\/wp-content\/uploads\/2021\/11\/259657100_4650487131677125_3449170007651479768_n-1.jpg\" rel=\"lightbox[18848]\"><img loading=\"lazy\" decoding=\"async\" width=\"960\" height=\"720\" src=\"http:\/\/zskarlino.pl\/wp-content\/uploads\/2021\/11\/259657100_4650487131677125_3449170007651479768_n-1.jpg\" alt=\"\" data-id=\"18862\" data-full-url=\"http:\/\/zskarlino.pl\/wp-content\/uploads\/2021\/11\/259657100_4650487131677125_3449170007651479768_n-1.jpg\" data-link=\"http:\/\/zskarlino.pl\/?attachment_id=18862\" class=\"wp-image-18862\" srcset=\"https:\/\/zskarlino.pl\/wp-content\/uploads\/2021\/11\/259657100_4650487131677125_3449170007651479768_n-1.jpg 960w, https:\/\/zskarlino.pl\/wp-content\/uploads\/2021\/11\/259657100_4650487131677125_3449170007651479768_n-1-300x225.jpg 300w, https:\/\/zskarlino.pl\/wp-content\/uploads\/2021\/11\/259657100_4650487131677125_3449170007651479768_n-1-768x576.jpg 768w, https:\/\/zskarlino.pl\/wp-content\/uploads\/2021\/11\/259657100_4650487131677125_3449170007651479768_n-1-750x563.jpg 750w\" sizes=\"auto, (max-width: 960px) 100vw, 960px\" \/><\/a><\/figure><\/li><li class=\"blocks-gallery-item\"><figure><a href=\"http:\/\/zskarlino.pl\/wp-content\/uploads\/2021\/11\/259768309_164365055863852_8167072040195372905_n-1.jpg\" rel=\"lightbox[18848]\"><img loading=\"lazy\" decoding=\"async\" width=\"960\" height=\"720\" src=\"http:\/\/zskarlino.pl\/wp-content\/uploads\/2021\/11\/259768309_164365055863852_8167072040195372905_n-1.jpg\" alt=\"\" data-id=\"18863\" data-full-url=\"http:\/\/zskarlino.pl\/wp-content\/uploads\/2021\/11\/259768309_164365055863852_8167072040195372905_n-1.jpg\" data-link=\"http:\/\/zskarlino.pl\/?attachment_id=18863\" class=\"wp-image-18863\" srcset=\"https:\/\/zskarlino.pl\/wp-content\/uploads\/2021\/11\/259768309_164365055863852_8167072040195372905_n-1.jpg 960w, https:\/\/zskarlino.pl\/wp-content\/uploads\/2021\/11\/259768309_164365055863852_8167072040195372905_n-1-300x225.jpg 300w, https:\/\/zskarlino.pl\/wp-content\/uploads\/2021\/11\/259768309_164365055863852_8167072040195372905_n-1-768x576.jpg 768w, https:\/\/zskarlino.pl\/wp-content\/uploads\/2021\/11\/259768309_164365055863852_8167072040195372905_n-1-750x563.jpg 750w\" sizes=\"auto, (max-width: 960px) 100vw, 960px\" \/><\/a><\/figure><\/li><\/ul><figcaption class=\"blocks-gallery-caption\"><sup>Grafiki przedstawiaj\u0105 uczni\u00f3w ZSKarlino, stoj\u0105cych w kolejce do komisji wyborczej i wype\u0142niaj\u0105cych karty do g\u0142osowania.<\/sup><\/figcaption><\/figure>\n\n\n\n<figure class=\"wp-block-image size-full\"><a href=\"http:\/\/zskarlino.pl\/wp-content\/uploads\/2021\/11\/259450438_640809273758492_1990824453483228027_n-2.jpg\" rel=\"lightbox[18848]\"><img loading=\"lazy\" decoding=\"async\" width=\"960\" height=\"720\" src=\"http:\/\/zskarlino.pl\/wp-content\/uploads\/2021\/11\/259450438_640809273758492_1990824453483228027_n-2.jpg\" alt=\"\" class=\"wp-image-18865\" srcset=\"https:\/\/zskarlino.pl\/wp-content\/uploads\/2021\/11\/259450438_640809273758492_1990824453483228027_n-2.jpg 960w, https:\/\/zskarlino.pl\/wp-content\/uploads\/2021\/11\/259450438_640809273758492_1990824453483228027_n-2-300x225.jpg 300w, https:\/\/zskarlino.pl\/wp-content\/uploads\/2021\/11\/259450438_640809273758492_1990824453483228027_n-2-768x576.jpg 768w, https:\/\/zskarlino.pl\/wp-content\/uploads\/2021\/11\/259450438_640809273758492_1990824453483228027_n-2-750x563.jpg 750w\" sizes=\"auto, (max-width: 960px) 100vw, 960px\" \/><\/a><figcaption><sup>Grafika przedstawia liczenie g\u0142os\u00f3w przez trzyosobow\u0105 komisj\u0119 wyborcz\u0105<\/sup><\/figcaption><\/figure>\n","protected":false},"excerpt":{"rendered":"<p>22 listopada odby\u0142y si\u0119 wybory do M\u0142odzie\u017cowej Rady Miejskiej. Rada jest organem konsultacyjnym reprezentuj\u0105cym interesy m\u0142odzie\u017cy mieszkaj\u0105cej lub ucz\u0105cej si\u0119 w gminie Karlino. Sk\u0142ada si\u0119 z pi\u0119tnastu cz\u0142onk\u00f3w licz\u0105cych 13-19 lat. W naszym okr\u0119gu wyborczym o siedem mandat\u00f3w ubiega si\u0119 dwana\u015bcioro kandydat\u00f3w. O tym, kto b\u0119dzie naszym radnym, dowiemy si\u0119 za kilka dni.<\/p>\n","protected":false},"author":4,"featured_media":0,"comment_status":"closed","ping_status":"closed","sticky":false,"template":"","format":"standard","meta":{"footnotes":""},"categories":[3],"tags":[],"class_list":["post-18848","post","type-post","status-publish","format-standard","hentry","category-wydarzenia","item-wrap"],"_links":{"self":[{"href":"https:\/\/zskarlino.pl\/index.php?rest_route=\/wp\/v2\/posts\/18848","targetHints":{"allow":["GET"]}}],"collection":[{"href":"https:\/\/zskarlino.pl\/index.php?rest_route=\/wp\/v2\/posts"}],"about":[{"href":"https:\/\/zskarlino.pl\/index.php?rest_route=\/wp\/v2\/types\/post"}],"author":[{"embeddable":true,"href":"https:\/\/zskarlino.pl\/index.php?rest_route=\/wp\/v2\/users\/4"}],"replies":[{"embeddable":true,"href":"https:\/\/zskarlino.pl\/index.php?rest_route=%2Fwp%2Fv2%2Fcomments&post=18848"}],"version-history":[{"count":1,"href":"https:\/\/zskarlino.pl\/index.php?rest_route=\/wp\/v2\/posts\/18848\/revisions"}],"predecessor-version":[{"id":18866,"href":"https:\/\/zskarlino.pl\/index.php?rest_route=\/wp\/v2\/posts\/18848\/revisions\/18866"}],"wp:attachment":[{"href":"https:\/\/zskarlino.pl\/index.php?rest_route=%2Fwp%2Fv2%2Fmedia&parent=18848"}],"wp:term":[{"taxonomy":"category","embeddable":true,"href":"https:\/\/zskarlino.pl\/index.php?rest_route=%2Fwp%2Fv2%2Fcategories&post=18848"},{"taxonomy":"post_tag","embeddable":true,"href":"https:\/\/zskarlino.pl\/index.php?rest_route=%2Fwp%2Fv2%2Ftags&post=18848"}],"curies":[{"name":"wp","href":"https:\/\/api.w.org\/{rel}","templated":true}]}}