{"id":18846,"date":"2021-11-23T16:31:00","date_gmt":"2021-11-23T15:31:00","guid":{"rendered":"http:\/\/zskarlino.pl\/?p=18846"},"modified":"2021-11-26T09:30:32","modified_gmt":"2021-11-26T08:30:32","slug":"granty-ppgr-wazna-informacja","status":"publish","type":"post","link":"https:\/\/zskarlino.pl\/?p=18846","title":{"rendered":"Granty PPGR &#8211; wa\u017cna informacja!"},"content":{"rendered":"\n<div class=\"wp-block-image\"><figure class=\"aligncenter size-full is-resized\"><a href=\"http:\/\/zskarlino.pl\/wp-content\/uploads\/2021\/10\/1227551_1633594971.jpg\" rel=\"lightbox[18846]\"><img loading=\"lazy\" decoding=\"async\" src=\"http:\/\/zskarlino.pl\/wp-content\/uploads\/2021\/10\/1227551_1633594971.jpg\" alt=\"\" class=\"wp-image-18717\" width=\"400\" height=\"216\" srcset=\"https:\/\/zskarlino.pl\/wp-content\/uploads\/2021\/10\/1227551_1633594971.jpg 840w, https:\/\/zskarlino.pl\/wp-content\/uploads\/2021\/10\/1227551_1633594971-300x162.jpg 300w, https:\/\/zskarlino.pl\/wp-content\/uploads\/2021\/10\/1227551_1633594971-768x415.jpg 768w, https:\/\/zskarlino.pl\/wp-content\/uploads\/2021\/10\/1227551_1633594971-750x405.jpg 750w\" sizes=\"auto, (max-width: 400px) 100vw, 400px\" \/><\/a><\/figure><\/div>\n\n\n\n<p>W zwi\u0105zku ze zmian\u0105 wytycznych&nbsp; w zakresie kwalifikowalno\u015bci o\u015bwiadcze\u0144 z\u0142o\u017conych&nbsp; w ramach Konkursu Grantowego Cyfrowa Gmina \u2013 Wsparcie dzieci z rodzin pegeerowskich w rozwoju cyfrowym \u2013 \u201eGranty PPGR\u201d, informujemy o konieczno\u015bci uzupe\u0142nienia z\u0142o\u017conych o\u015bwiadcze\u0144. Zgodnie z wytycznymi z\u0142o\u017cone o\u015bwiadczenia,&nbsp; nale\u017cy potwierdzi\u0107 odpowiednimi dokumentami.<\/p>\n\n\n\n<p><strong>Osoby zainteresowane, prosimy o uzupe\u0142nienie o\u015bwiadcze\u0144 o dokumenty po\u015bwiadczaj\u0105ce:<\/strong><\/p>\n\n\n\n<p>1. Fakt zatrudnienia cz\u0142onka rodziny (krewnego w linii prostej tj. rodzica, dziadk\u00f3w, pradziadk\u00f3w\/ opiekun\u00f3w prawnych) w gminie obj\u0119tej PPGR (weryfikacja poprzez np. kserokopie um\u00f3w o prac\u0119, \u015bwiadectw pracy, ksi\u0105\u017ceczek\/legitymacji ubezpieczeniowych z piecz\u0105tkami zak\u0142adu pracy, za\u015bwiadczenie z ZUS, KOWR itp.),<\/p>\n\n\n\n<p>2. Potwierdzenie pokrewie\u0144stwa ucznia z osob\u0105 wskazan\u0105 w o\u015bwiadczeniu jako krewnego&nbsp; w linii prostej cz\u0142onka rodziny o kt\u00f3rym mowa w pkt 1. (weryfikacja poprzez odpisy akt\u00f3w stanu cywilnego).<\/p>\n\n\n\n<p>W zwi\u0105zku z powy\u017cszym prosimy o uzupe\u0142nienie dokumentacji wraz z pismem przewodnim (<em>w kt\u00f3rym wymienione zostan\u0105 wszystkie przedk\u0142adane za\u0142\u0105czniki oraz dane osoby, kt\u00f3ra z\u0142o\u017cy\u0142a o\u015bwiadczenie tj. imi\u0119 i nazwisko oraz numer telefonu<\/em>) do: <strong>Zak\u0142adu O\u015bwiaty w Karlinie ul. Szymanowskiego 17 w Karlinie do dnia 7.12.2021r.<\/strong><\/p>\n\n\n\n<p>Program obejmuje uczni\u00f3w obj\u0119tych obowi\u0105zkiem szkolnym &#8211; od klasy &#8222;0&#8221; szko\u0142y podstawowej do uczni\u00f3w ostatniej klasy szko\u0142y \u015bredniej. Uczniowie szk\u00f3\u0142 wy\u017cszych nie kwalifikuj\u0105 si\u0119 do wzi\u0119cia udzia\u0142u w konkursie.<\/p>\n\n\n\n<p><span class=\"has-inline-color has-vivid-red-color\"><strong>UWAGA! Niedostarczenie dokument\u00f3w b\u0119dzie skutkowa\u0142o odrzuceniem wniosku o udzielenie wsparcia<\/strong>.<\/span><\/p>\n","protected":false},"excerpt":{"rendered":"<p>W zwi\u0105zku ze zmian\u0105 wytycznych&nbsp; w zakresie kwalifikowalno\u015bci o\u015bwiadcze\u0144 z\u0142o\u017conych&nbsp; w ramach Konkursu Grantowego Cyfrowa Gmina \u2013 Wsparcie dzieci z rodzin pegeerowskich w rozwoju cyfrowym \u2013 \u201eGranty PPGR\u201d, informujemy o konieczno\u015bci uzupe\u0142nienia z\u0142o\u017conych o\u015bwiadcze\u0144. Zgodnie z wytycznymi z\u0142o\u017cone o\u015bwiadczenia,&nbsp; nale\u017cy potwierdzi\u0107 odpowiednimi dokumentami. Osoby zainteresowane, prosimy o uzupe\u0142nienie o\u015bwiadcze\u0144 o dokumenty po\u015bwiadczaj\u0105ce: 1. Fakt zatrudnienia &hellip; <\/p>\n<p><a class=\"more-link btn\" href=\"https:\/\/zskarlino.pl\/?p=18846\">Czytaj dalej<\/a><\/p>\n","protected":false},"author":3,"featured_media":0,"comment_status":"closed","ping_status":"closed","sticky":false,"template":"","format":"standard","meta":{"footnotes":""},"categories":[3],"tags":[],"class_list":["post-18846","post","type-post","status-publish","format-standard","hentry","category-wydarzenia","item-wrap"],"_links":{"self":[{"href":"https:\/\/zskarlino.pl\/index.php?rest_route=\/wp\/v2\/posts\/18846","targetHints":{"allow":["GET"]}}],"collection":[{"href":"https:\/\/zskarlino.pl\/index.php?rest_route=\/wp\/v2\/posts"}],"about":[{"href":"https:\/\/zskarlino.pl\/index.php?rest_route=\/wp\/v2\/types\/post"}],"author":[{"embeddable":true,"href":"https:\/\/zskarlino.pl\/index.php?rest_route=\/wp\/v2\/users\/3"}],"replies":[{"embeddable":true,"href":"https:\/\/zskarlino.pl\/index.php?rest_route=%2Fwp%2Fv2%2Fcomments&post=18846"}],"version-history":[{"count":2,"href":"https:\/\/zskarlino.pl\/index.php?rest_route=\/wp\/v2\/posts\/18846\/revisions"}],"predecessor-version":[{"id":18870,"href":"https:\/\/zskarlino.pl\/index.php?rest_route=\/wp\/v2\/posts\/18846\/revisions\/18870"}],"wp:attachment":[{"href":"https:\/\/zskarlino.pl\/index.php?rest_route=%2Fwp%2Fv2%2Fmedia&parent=18846"}],"wp:term":[{"taxonomy":"category","embeddable":true,"href":"https:\/\/zskarlino.pl\/index.php?rest_route=%2Fwp%2Fv2%2Fcategories&post=18846"},{"taxonomy":"post_tag","embeddable":true,"href":"https:\/\/zskarlino.pl\/index.php?rest_route=%2Fwp%2Fv2%2Ftags&post=18846"}],"curies":[{"name":"wp","href":"https:\/\/api.w.org\/{rel}","templated":true}]}}