{"id":18837,"date":"2021-11-16T23:19:00","date_gmt":"2021-11-16T22:19:00","guid":{"rendered":"http:\/\/zskarlino.pl\/?p=18837"},"modified":"2021-11-18T23:22:12","modified_gmt":"2021-11-18T22:22:12","slug":"dzien-tolerancji","status":"publish","type":"post","link":"https:\/\/zskarlino.pl\/?p=18837","title":{"rendered":"Dzie\u0144 tolerancji"},"content":{"rendered":"\n<p>16 listopada uczniowie Zespo\u0142u Szk\u00f3\u0142 w\u0142\u0105czyli si\u0119 w obchody Mi\u0119dzynarodowego Dnia Tolerancji. Z tej okazji szko\u0142\u0119 ozdobi\u0142y plakaty przypominaj\u0105ce jak wa\u017cna jest tolerancja w \u017cyciu ka\u017cdego cz\u0142owieka.<\/p>\n\n\n\n<figure class=\"wp-block-image size-full\"><a href=\"http:\/\/zskarlino.pl\/wp-content\/uploads\/2021\/11\/257435010_592354591997624_8774946555591825297_n.jpg\" rel=\"lightbox[18837]\"><img loading=\"lazy\" decoding=\"async\" width=\"960\" height=\"720\" src=\"http:\/\/zskarlino.pl\/wp-content\/uploads\/2021\/11\/257435010_592354591997624_8774946555591825297_n.jpg\" alt=\"\" class=\"wp-image-18839\" srcset=\"https:\/\/zskarlino.pl\/wp-content\/uploads\/2021\/11\/257435010_592354591997624_8774946555591825297_n.jpg 960w, https:\/\/zskarlino.pl\/wp-content\/uploads\/2021\/11\/257435010_592354591997624_8774946555591825297_n-300x225.jpg 300w, https:\/\/zskarlino.pl\/wp-content\/uploads\/2021\/11\/257435010_592354591997624_8774946555591825297_n-768x576.jpg 768w, https:\/\/zskarlino.pl\/wp-content\/uploads\/2021\/11\/257435010_592354591997624_8774946555591825297_n-750x563.jpg 750w\" sizes=\"auto, (max-width: 960px) 100vw, 960px\" \/><\/a><figcaption><sup>Grafika przedstawia uczni\u00f3w zwiedzaj\u0105cych wystaw\u0119 plakat\u00f3w<\/sup><\/figcaption><\/figure>\n\n\n\n<figure class=\"wp-block-gallery columns-2 is-cropped wp-block-gallery-1 is-layout-flex wp-block-gallery-is-layout-flex\"><ul class=\"blocks-gallery-grid\"><li class=\"blocks-gallery-item\"><figure><a href=\"http:\/\/zskarlino.pl\/wp-content\/uploads\/2021\/11\/257434564_3928788510486678_7275677036505202509_n-1.jpg\" rel=\"lightbox[18837]\"><img loading=\"lazy\" decoding=\"async\" width=\"720\" height=\"960\" src=\"http:\/\/zskarlino.pl\/wp-content\/uploads\/2021\/11\/257434564_3928788510486678_7275677036505202509_n-1.jpg\" alt=\"\" data-id=\"18840\" data-full-url=\"http:\/\/zskarlino.pl\/wp-content\/uploads\/2021\/11\/257434564_3928788510486678_7275677036505202509_n-1.jpg\" data-link=\"http:\/\/zskarlino.pl\/?attachment_id=18840\" class=\"wp-image-18840\" srcset=\"https:\/\/zskarlino.pl\/wp-content\/uploads\/2021\/11\/257434564_3928788510486678_7275677036505202509_n-1.jpg 720w, https:\/\/zskarlino.pl\/wp-content\/uploads\/2021\/11\/257434564_3928788510486678_7275677036505202509_n-1-225x300.jpg 225w\" sizes=\"auto, (max-width: 720px) 100vw, 720px\" \/><\/a><\/figure><\/li><li class=\"blocks-gallery-item\"><figure><a href=\"http:\/\/zskarlino.pl\/wp-content\/uploads\/2021\/11\/258010422_422016139574214_3026346558349427779_n.jpg\" rel=\"lightbox[18837]\"><img loading=\"lazy\" decoding=\"async\" width=\"960\" height=\"720\" src=\"http:\/\/zskarlino.pl\/wp-content\/uploads\/2021\/11\/258010422_422016139574214_3026346558349427779_n.jpg\" alt=\"\" data-id=\"18841\" data-full-url=\"http:\/\/zskarlino.pl\/wp-content\/uploads\/2021\/11\/258010422_422016139574214_3026346558349427779_n.jpg\" data-link=\"http:\/\/zskarlino.pl\/?attachment_id=18841\" class=\"wp-image-18841\" srcset=\"https:\/\/zskarlino.pl\/wp-content\/uploads\/2021\/11\/258010422_422016139574214_3026346558349427779_n.jpg 960w, https:\/\/zskarlino.pl\/wp-content\/uploads\/2021\/11\/258010422_422016139574214_3026346558349427779_n-300x225.jpg 300w, https:\/\/zskarlino.pl\/wp-content\/uploads\/2021\/11\/258010422_422016139574214_3026346558349427779_n-768x576.jpg 768w, https:\/\/zskarlino.pl\/wp-content\/uploads\/2021\/11\/258010422_422016139574214_3026346558349427779_n-750x563.jpg 750w\" sizes=\"auto, (max-width: 960px) 100vw, 960px\" \/><\/a><\/figure><\/li><\/ul><figcaption class=\"blocks-gallery-caption\"><sup>Grafiki przedstawiaj\u0105 przyk\u0142adowe plakaty promuj\u0105ce zachowania tolerancyjne<\/sup><\/figcaption><\/figure>\n\n\n\n<p><\/p>\n","protected":false},"excerpt":{"rendered":"<p>16 listopada uczniowie Zespo\u0142u Szk\u00f3\u0142 w\u0142\u0105czyli si\u0119 w obchody Mi\u0119dzynarodowego Dnia Tolerancji. Z tej okazji szko\u0142\u0119 ozdobi\u0142y plakaty przypominaj\u0105ce jak wa\u017cna jest tolerancja w \u017cyciu ka\u017cdego cz\u0142owieka.<\/p>\n","protected":false},"author":4,"featured_media":0,"comment_status":"closed","ping_status":"closed","sticky":false,"template":"","format":"standard","meta":{"footnotes":""},"categories":[3],"tags":[],"class_list":["post-18837","post","type-post","status-publish","format-standard","hentry","category-wydarzenia","item-wrap"],"_links":{"self":[{"href":"https:\/\/zskarlino.pl\/index.php?rest_route=\/wp\/v2\/posts\/18837","targetHints":{"allow":["GET"]}}],"collection":[{"href":"https:\/\/zskarlino.pl\/index.php?rest_route=\/wp\/v2\/posts"}],"about":[{"href":"https:\/\/zskarlino.pl\/index.php?rest_route=\/wp\/v2\/types\/post"}],"author":[{"embeddable":true,"href":"https:\/\/zskarlino.pl\/index.php?rest_route=\/wp\/v2\/users\/4"}],"replies":[{"embeddable":true,"href":"https:\/\/zskarlino.pl\/index.php?rest_route=%2Fwp%2Fv2%2Fcomments&post=18837"}],"version-history":[{"count":2,"href":"https:\/\/zskarlino.pl\/index.php?rest_route=\/wp\/v2\/posts\/18837\/revisions"}],"predecessor-version":[{"id":18843,"href":"https:\/\/zskarlino.pl\/index.php?rest_route=\/wp\/v2\/posts\/18837\/revisions\/18843"}],"wp:attachment":[{"href":"https:\/\/zskarlino.pl\/index.php?rest_route=%2Fwp%2Fv2%2Fmedia&parent=18837"}],"wp:term":[{"taxonomy":"category","embeddable":true,"href":"https:\/\/zskarlino.pl\/index.php?rest_route=%2Fwp%2Fv2%2Fcategories&post=18837"},{"taxonomy":"post_tag","embeddable":true,"href":"https:\/\/zskarlino.pl\/index.php?rest_route=%2Fwp%2Fv2%2Ftags&post=18837"}],"curies":[{"name":"wp","href":"https:\/\/api.w.org\/{rel}","templated":true}]}}