{"id":18828,"date":"2021-11-17T23:16:00","date_gmt":"2021-11-17T22:16:00","guid":{"rendered":"http:\/\/zskarlino.pl\/?p=18828"},"modified":"2021-11-18T23:17:14","modified_gmt":"2021-11-18T22:17:14","slug":"spotkanie-wyborcze","status":"publish","type":"post","link":"https:\/\/zskarlino.pl\/?p=18828","title":{"rendered":"Spotkanie wyborcze"},"content":{"rendered":"\n<p>Kampania wyborcza do M\u0142odzie\u017cowej Rady Miejskiej (MRM) nabiera rozp\u0119du. 17 listopada w holu odby\u0142o si\u0119 spotkanie spo\u0142eczno\u015bci szkolnej z kandydatami na radnych. Radne obecnej kadencji- Alicja Gw\u00f3\u017ad\u017a i Oliwia Troszczy\u0144ska- przedstawi\u0142y histori\u0119 demokracji oraz zadania i spos\u00f3b funkcjonowania MRM. Nast\u0119pnie wys\u0142uchali\u015bmy prezentacji kandydat\u00f3w i ich program\u00f3w. Na koniec kandydaci odpowiadali na pytania zadawane przez przedstawicieli Samorz\u0105du Szkolnego oraz wyborc\u00f3w- uczni\u00f3w Zespo\u0142u Szk\u00f3\u0142 w Karlinie. Wybory ju\u017c w poniedzia\u0142ek.<\/p>\n\n\n\n<figure class=\"wp-block-image size-large\"><a href=\"http:\/\/zskarlino.pl\/wp-content\/uploads\/2021\/11\/258038925_228083126020941_3960860838967127386_n.jpg\" rel=\"lightbox[18828]\"><img loading=\"lazy\" decoding=\"async\" width=\"1024\" height=\"768\" src=\"http:\/\/zskarlino.pl\/wp-content\/uploads\/2021\/11\/258038925_228083126020941_3960860838967127386_n-1024x768.jpg\" alt=\"\" class=\"wp-image-18831\" srcset=\"https:\/\/zskarlino.pl\/wp-content\/uploads\/2021\/11\/258038925_228083126020941_3960860838967127386_n-1024x768.jpg 1024w, https:\/\/zskarlino.pl\/wp-content\/uploads\/2021\/11\/258038925_228083126020941_3960860838967127386_n-300x225.jpg 300w, https:\/\/zskarlino.pl\/wp-content\/uploads\/2021\/11\/258038925_228083126020941_3960860838967127386_n-768x576.jpg 768w, https:\/\/zskarlino.pl\/wp-content\/uploads\/2021\/11\/258038925_228083126020941_3960860838967127386_n-750x563.jpg 750w, https:\/\/zskarlino.pl\/wp-content\/uploads\/2021\/11\/258038925_228083126020941_3960860838967127386_n.jpg 1250w\" sizes=\"auto, (max-width: 1024px) 100vw, 1024px\" \/><\/a><figcaption><sup>Grafika  przedstawia kandydat\u00f3w na radnych prezentuj\u0105cych swoje programy<\/sup><\/figcaption><\/figure>\n\n\n\n<figure class=\"wp-block-gallery columns-3 is-cropped wp-block-gallery-1 is-layout-flex wp-block-gallery-is-layout-flex\"><ul class=\"blocks-gallery-grid\"><li class=\"blocks-gallery-item\"><figure><a href=\"http:\/\/zskarlino.pl\/wp-content\/uploads\/2021\/11\/257952516_319293943030316_26532804917553754_n-1.jpg\" rel=\"lightbox[18828]\"><img loading=\"lazy\" decoding=\"async\" width=\"960\" height=\"720\" src=\"http:\/\/zskarlino.pl\/wp-content\/uploads\/2021\/11\/257952516_319293943030316_26532804917553754_n-1.jpg\" alt=\"\" data-id=\"18832\" data-full-url=\"http:\/\/zskarlino.pl\/wp-content\/uploads\/2021\/11\/257952516_319293943030316_26532804917553754_n-1.jpg\" data-link=\"http:\/\/zskarlino.pl\/?attachment_id=18832\" class=\"wp-image-18832\" srcset=\"https:\/\/zskarlino.pl\/wp-content\/uploads\/2021\/11\/257952516_319293943030316_26532804917553754_n-1.jpg 960w, https:\/\/zskarlino.pl\/wp-content\/uploads\/2021\/11\/257952516_319293943030316_26532804917553754_n-1-300x225.jpg 300w, https:\/\/zskarlino.pl\/wp-content\/uploads\/2021\/11\/257952516_319293943030316_26532804917553754_n-1-768x576.jpg 768w, https:\/\/zskarlino.pl\/wp-content\/uploads\/2021\/11\/257952516_319293943030316_26532804917553754_n-1-750x563.jpg 750w\" sizes=\"auto, (max-width: 960px) 100vw, 960px\" \/><\/a><\/figure><\/li><li class=\"blocks-gallery-item\"><figure><a href=\"http:\/\/zskarlino.pl\/wp-content\/uploads\/2021\/11\/257442247_674861963496575_8140747960179016259_n.jpg\" rel=\"lightbox[18828]\"><img loading=\"lazy\" decoding=\"async\" width=\"960\" height=\"720\" src=\"http:\/\/zskarlino.pl\/wp-content\/uploads\/2021\/11\/257442247_674861963496575_8140747960179016259_n.jpg\" alt=\"\" data-id=\"18833\" data-full-url=\"http:\/\/zskarlino.pl\/wp-content\/uploads\/2021\/11\/257442247_674861963496575_8140747960179016259_n.jpg\" data-link=\"http:\/\/zskarlino.pl\/?attachment_id=18833\" class=\"wp-image-18833\" srcset=\"https:\/\/zskarlino.pl\/wp-content\/uploads\/2021\/11\/257442247_674861963496575_8140747960179016259_n.jpg 960w, https:\/\/zskarlino.pl\/wp-content\/uploads\/2021\/11\/257442247_674861963496575_8140747960179016259_n-300x225.jpg 300w, https:\/\/zskarlino.pl\/wp-content\/uploads\/2021\/11\/257442247_674861963496575_8140747960179016259_n-768x576.jpg 768w, https:\/\/zskarlino.pl\/wp-content\/uploads\/2021\/11\/257442247_674861963496575_8140747960179016259_n-750x563.jpg 750w\" sizes=\"auto, (max-width: 960px) 100vw, 960px\" \/><\/a><\/figure><\/li><li class=\"blocks-gallery-item\"><figure><a href=\"http:\/\/zskarlino.pl\/wp-content\/uploads\/2021\/11\/249019166_636908987755471_5552376943698528768_n.jpg\" rel=\"lightbox[18828]\"><img loading=\"lazy\" decoding=\"async\" width=\"960\" height=\"720\" src=\"http:\/\/zskarlino.pl\/wp-content\/uploads\/2021\/11\/249019166_636908987755471_5552376943698528768_n.jpg\" alt=\"\" data-id=\"18834\" data-full-url=\"http:\/\/zskarlino.pl\/wp-content\/uploads\/2021\/11\/249019166_636908987755471_5552376943698528768_n.jpg\" data-link=\"http:\/\/zskarlino.pl\/?attachment_id=18834\" class=\"wp-image-18834\" srcset=\"https:\/\/zskarlino.pl\/wp-content\/uploads\/2021\/11\/249019166_636908987755471_5552376943698528768_n.jpg 960w, https:\/\/zskarlino.pl\/wp-content\/uploads\/2021\/11\/249019166_636908987755471_5552376943698528768_n-300x225.jpg 300w, https:\/\/zskarlino.pl\/wp-content\/uploads\/2021\/11\/249019166_636908987755471_5552376943698528768_n-768x576.jpg 768w, https:\/\/zskarlino.pl\/wp-content\/uploads\/2021\/11\/249019166_636908987755471_5552376943698528768_n-750x563.jpg 750w\" sizes=\"auto, (max-width: 960px) 100vw, 960px\" \/><\/a><\/figure><\/li><\/ul><figcaption class=\"blocks-gallery-caption\"><sup>Grafiki przedstawiaj\u0105 uczni\u00f3w ZS w Karlinie przys\u0142uchuj\u0105cych si\u0119 wyst\u0105pieniu kandydat\u00f3w na radnych.<\/sup><\/figcaption><\/figure>\n\n\n\n<figure class=\"wp-block-image size-full\"><a href=\"http:\/\/zskarlino.pl\/wp-content\/uploads\/2021\/11\/258735060_257785989738484_1842386982255977605_n.jpg\" rel=\"lightbox[18828]\"><img loading=\"lazy\" decoding=\"async\" width=\"960\" height=\"720\" src=\"http:\/\/zskarlino.pl\/wp-content\/uploads\/2021\/11\/258735060_257785989738484_1842386982255977605_n.jpg\" alt=\"\" class=\"wp-image-18835\" srcset=\"https:\/\/zskarlino.pl\/wp-content\/uploads\/2021\/11\/258735060_257785989738484_1842386982255977605_n.jpg 960w, https:\/\/zskarlino.pl\/wp-content\/uploads\/2021\/11\/258735060_257785989738484_1842386982255977605_n-300x225.jpg 300w, https:\/\/zskarlino.pl\/wp-content\/uploads\/2021\/11\/258735060_257785989738484_1842386982255977605_n-768x576.jpg 768w, https:\/\/zskarlino.pl\/wp-content\/uploads\/2021\/11\/258735060_257785989738484_1842386982255977605_n-750x563.jpg 750w\" sizes=\"auto, (max-width: 960px) 100vw, 960px\" \/><\/a><figcaption><sup>Grafika przedstawia plakaty wyborcze<\/sup><\/figcaption><\/figure>\n","protected":false},"excerpt":{"rendered":"<p>Kampania wyborcza do M\u0142odzie\u017cowej Rady Miejskiej (MRM) nabiera rozp\u0119du. 17 listopada w holu odby\u0142o si\u0119 spotkanie spo\u0142eczno\u015bci szkolnej z kandydatami na radnych. Radne obecnej kadencji- Alicja Gw\u00f3\u017ad\u017a i Oliwia Troszczy\u0144ska- przedstawi\u0142y histori\u0119 demokracji oraz zadania i spos\u00f3b funkcjonowania MRM. Nast\u0119pnie wys\u0142uchali\u015bmy prezentacji kandydat\u00f3w i ich program\u00f3w. Na koniec kandydaci odpowiadali na pytania zadawane przez przedstawicieli &hellip; <\/p>\n<p><a class=\"more-link btn\" href=\"https:\/\/zskarlino.pl\/?p=18828\">Czytaj dalej<\/a><\/p>\n","protected":false},"author":4,"featured_media":0,"comment_status":"closed","ping_status":"closed","sticky":false,"template":"","format":"standard","meta":{"footnotes":""},"categories":[3],"tags":[],"class_list":["post-18828","post","type-post","status-publish","format-standard","hentry","category-wydarzenia","item-wrap"],"_links":{"self":[{"href":"https:\/\/zskarlino.pl\/index.php?rest_route=\/wp\/v2\/posts\/18828","targetHints":{"allow":["GET"]}}],"collection":[{"href":"https:\/\/zskarlino.pl\/index.php?rest_route=\/wp\/v2\/posts"}],"about":[{"href":"https:\/\/zskarlino.pl\/index.php?rest_route=\/wp\/v2\/types\/post"}],"author":[{"embeddable":true,"href":"https:\/\/zskarlino.pl\/index.php?rest_route=\/wp\/v2\/users\/4"}],"replies":[{"embeddable":true,"href":"https:\/\/zskarlino.pl\/index.php?rest_route=%2Fwp%2Fv2%2Fcomments&post=18828"}],"version-history":[{"count":2,"href":"https:\/\/zskarlino.pl\/index.php?rest_route=\/wp\/v2\/posts\/18828\/revisions"}],"predecessor-version":[{"id":18836,"href":"https:\/\/zskarlino.pl\/index.php?rest_route=\/wp\/v2\/posts\/18828\/revisions\/18836"}],"wp:attachment":[{"href":"https:\/\/zskarlino.pl\/index.php?rest_route=%2Fwp%2Fv2%2Fmedia&parent=18828"}],"wp:term":[{"taxonomy":"category","embeddable":true,"href":"https:\/\/zskarlino.pl\/index.php?rest_route=%2Fwp%2Fv2%2Fcategories&post=18828"},{"taxonomy":"post_tag","embeddable":true,"href":"https:\/\/zskarlino.pl\/index.php?rest_route=%2Fwp%2Fv2%2Ftags&post=18828"}],"curies":[{"name":"wp","href":"https:\/\/api.w.org\/{rel}","templated":true}]}}