{"id":18798,"date":"2021-10-31T20:28:22","date_gmt":"2021-10-31T19:28:22","guid":{"rendered":"http:\/\/zskarlino.pl\/?p=18798"},"modified":"2021-10-31T20:28:23","modified_gmt":"2021-10-31T19:28:23","slug":"erasmuski-z-zespolu-szkol-wrocily-z-wloch","status":"publish","type":"post","link":"https:\/\/zskarlino.pl\/?p=18798","title":{"rendered":"Erasmuski z Zespo\u0142u Szk\u00f3\u0142 wr\u00f3ci\u0142y z W\u0142och"},"content":{"rendered":"\n<p>W dniach 27-29.10 br., odby\u0142a si\u0119 w naszej szkole promocja projektu \u201eTwo faces of technology. Isolation and opportunities\u201d, realizowanego wraz ze szko\u0142ami z Turcji, W\u0142och, Hiszpanii i Czech w ramach programu Erasmus +. Uczennice, kt\u00f3re kilka dni temu wr\u00f3ci\u0142y z W\u0142och, opowiedzia\u0142y swoim kolegom i kole\u017cankom o swoim pobycie w miejscowo\u015bci Benevento. W trakcie trzeciego ju\u017c spotkania partnerskiego, wzi\u0119li\u015bmy udzia\u0142 w warsztatach integracyjnych, komputerowych, informatycznych, szkoleniu dotycz\u0105cym cyberbullyingu oraz konkursie na najlepsze plakaty pod tytu\u0142em \u201eTechnological innovations\u201d and \u201eWe have no difference\u201d. Zaj\u0119ciom w szkole towarzyszy\u0142o zwiedzanie Benevento, Neapolu, Pompei oraz Sorento. Najwi\u0119ksz\u0105 niespodziank\u0105 ca\u0142ego pobytu, o kt\u00f3rej si\u0119 dowiedzieli\u015bmy, by\u0142a wizyta u Olivandera, gdzie nie tylko mogli\u015bmy spotka\u0107 wszystkich bohater\u00f3w Harrego Pottera, zgarn\u0105\u0107 map\u0119 Huncwot\u00f3w, zje\u015b\u0107 Voldemorta i tym pozosta\u0142ych, ale i kupi\u0107 r\u00f3\u017cd\u017ck\u0119 lub zmieniacz czasu ;D. Szczeg\u00f3\u0142owe informacje znale\u017a\u0107 mo\u017cna na naszej mi\u0119dzynarodowej stronie projektu:  <a href=\"https:\/\/www.facebook.com\/groups\/1462364587272638\" target=\"_blank\" rel=\"noreferrer noopener\">https:\/\/www.facebook.com\/groups\/1462364587272638<\/a><\/p>\n\n\n\n<figure class=\"wp-block-image size-full\"><a href=\"http:\/\/zskarlino.pl\/wp-content\/uploads\/2021\/10\/1_-1.png\" rel=\"lightbox[18798]\"><img loading=\"lazy\" decoding=\"async\" width=\"790\" height=\"448\" src=\"http:\/\/zskarlino.pl\/wp-content\/uploads\/2021\/10\/1_-1.png\" alt=\"\" class=\"wp-image-18806\" srcset=\"https:\/\/zskarlino.pl\/wp-content\/uploads\/2021\/10\/1_-1.png 790w, https:\/\/zskarlino.pl\/wp-content\/uploads\/2021\/10\/1_-1-300x170.png 300w, https:\/\/zskarlino.pl\/wp-content\/uploads\/2021\/10\/1_-1-768x436.png 768w, https:\/\/zskarlino.pl\/wp-content\/uploads\/2021\/10\/1_-1-750x425.png 750w\" sizes=\"auto, (max-width: 790px) 100vw, 790px\" \/><\/a><figcaption>Grafika zawiera dwie fotografie pokazuj\u0105ce uczennice promuj\u0105ce projekt z programu Erasmus oraz 4 fotografie przedstawiaj\u0105ce grupk\u0119 os\u00f3b, kt\u00f3ra uczestniczy\u0142a w projekcie i na tym slajdzie s\u0105 one pokazane kolejno w Neapolu, Benevento, Pompejach i Sorento. Na dole slajdu znajduj\u0105 si\u0119 flaga W\u0142och, logo Erasmusa, logo naszego projektu oraz logo naszej szko\u0142y<\/figcaption><\/figure>\n\n\n\n<div class=\"wp-block-image\"><figure class=\"alignleft size-full\"><a href=\"http:\/\/zskarlino.pl\/wp-content\/uploads\/2021\/10\/2-1.png\" rel=\"lightbox[18798]\"><img loading=\"lazy\" decoding=\"async\" width=\"790\" height=\"444\" src=\"http:\/\/zskarlino.pl\/wp-content\/uploads\/2021\/10\/2-1.png\" alt=\"\" class=\"wp-image-18810\" srcset=\"https:\/\/zskarlino.pl\/wp-content\/uploads\/2021\/10\/2-1.png 790w, https:\/\/zskarlino.pl\/wp-content\/uploads\/2021\/10\/2-1-300x169.png 300w, https:\/\/zskarlino.pl\/wp-content\/uploads\/2021\/10\/2-1-768x432.png 768w, https:\/\/zskarlino.pl\/wp-content\/uploads\/2021\/10\/2-1-750x422.png 750w\" sizes=\"auto, (max-width: 790px) 100vw, 790px\" \/><\/a><figcaption><span class=\"has-inline-color has-black-color\">Grafika zawiera jedno zdj\u0119cie uczennicy opowiadaj\u0105cej o projekcie oraz 4 zdj\u0119cia z warsztat\u00f3w, kt\u00f3re odby\u0142y si\u0119 w szkole. Jedno zdj\u0119cie przedstawia wszystkie prace plastyczne wykonane przez uczni\u00f3w i umieszczone na wystawie. Na dole slajdu znajduje si\u0119 flaga W\u0142och, logo Erasmusa, logo naszego projektu oraz logo naszej szko\u0142y.<\/span><\/figcaption><\/figure><\/div>\n\n\n\n<figure class=\"wp-block-image size-full\"><a href=\"http:\/\/zskarlino.pl\/wp-content\/uploads\/2021\/10\/3-1.jpg\" rel=\"lightbox[18798]\"><img loading=\"lazy\" decoding=\"async\" width=\"788\" height=\"444\" src=\"http:\/\/zskarlino.pl\/wp-content\/uploads\/2021\/10\/3-1.jpg\" alt=\"\" class=\"wp-image-18813\" srcset=\"https:\/\/zskarlino.pl\/wp-content\/uploads\/2021\/10\/3-1.jpg 788w, https:\/\/zskarlino.pl\/wp-content\/uploads\/2021\/10\/3-1-300x169.jpg 300w, https:\/\/zskarlino.pl\/wp-content\/uploads\/2021\/10\/3-1-768x433.jpg 768w, https:\/\/zskarlino.pl\/wp-content\/uploads\/2021\/10\/3-1-750x423.jpg 750w\" sizes=\"auto, (max-width: 788px) 100vw, 788px\" \/><\/a><figcaption>Grafika zawiera zdj\u0119cie uczennicy opowiadaj\u0105cej o projekcie oraz pi\u0119\u0107 zdj\u0119\u0107 z restauracji. <br>W \u015brodku slajdu znajduj\u0105 si\u0119 flaga W\u0142och, logo Erasmusa, logo naszego projektu oraz logo naszej szko\u0142y.<\/figcaption><\/figure>\n\n\n\n<figure class=\"wp-block-image size-full\"><a href=\"http:\/\/zskarlino.pl\/wp-content\/uploads\/2021\/10\/4-1.png\" rel=\"lightbox[18798]\"><img loading=\"lazy\" decoding=\"async\" width=\"786\" height=\"443\" src=\"http:\/\/zskarlino.pl\/wp-content\/uploads\/2021\/10\/4-1.png\" alt=\"\" class=\"wp-image-18814\" srcset=\"https:\/\/zskarlino.pl\/wp-content\/uploads\/2021\/10\/4-1.png 786w, https:\/\/zskarlino.pl\/wp-content\/uploads\/2021\/10\/4-1-300x169.png 300w, https:\/\/zskarlino.pl\/wp-content\/uploads\/2021\/10\/4-1-768x433.png 768w, https:\/\/zskarlino.pl\/wp-content\/uploads\/2021\/10\/4-1-750x423.png 750w\" sizes=\"auto, (max-width: 786px) 100vw, 786px\" \/><\/a><figcaption>Grafika zawiera zdj\u0119cie uczennicy opowiadaj\u0105cej o projekcie, trzy zdj\u0119cia ukazuj\u0105ce szko\u0142\u0119 w Benevento oraz dwa zdj\u0119cia grupowe, zdj\u0119cie naszej grupy polskiej oraz zdj\u0119cie ca\u0142ej grupy mi\u0119dzynarodowej bior\u0105cej udzia\u0142 w tym spotkaniu partnerskim. W \u015brodku slajdu znajduj\u0105 si\u0119 flaga W\u0142och, logo Erasmusa, logo naszego projektu oraz logo naszej szko\u0142y.<\/figcaption><\/figure>\n\n\n\n<p><\/p>\n","protected":false},"excerpt":{"rendered":"<p>W dniach 27-29.10 br., odby\u0142a si\u0119 w naszej szkole promocja projektu \u201eTwo faces of technology. Isolation and opportunities\u201d, realizowanego wraz ze szko\u0142ami z Turcji, W\u0142och, Hiszpanii i Czech w ramach programu Erasmus +. Uczennice, kt\u00f3re kilka dni temu wr\u00f3ci\u0142y z W\u0142och, opowiedzia\u0142y swoim kolegom i kole\u017cankom o swoim pobycie w miejscowo\u015bci Benevento. W trakcie trzeciego &hellip; <\/p>\n<p><a class=\"more-link btn\" href=\"https:\/\/zskarlino.pl\/?p=18798\">Czytaj dalej<\/a><\/p>\n","protected":false},"author":4,"featured_media":0,"comment_status":"closed","ping_status":"closed","sticky":false,"template":"","format":"standard","meta":{"footnotes":""},"categories":[3],"tags":[],"class_list":["post-18798","post","type-post","status-publish","format-standard","hentry","category-wydarzenia","item-wrap"],"_links":{"self":[{"href":"https:\/\/zskarlino.pl\/index.php?rest_route=\/wp\/v2\/posts\/18798","targetHints":{"allow":["GET"]}}],"collection":[{"href":"https:\/\/zskarlino.pl\/index.php?rest_route=\/wp\/v2\/posts"}],"about":[{"href":"https:\/\/zskarlino.pl\/index.php?rest_route=\/wp\/v2\/types\/post"}],"author":[{"embeddable":true,"href":"https:\/\/zskarlino.pl\/index.php?rest_route=\/wp\/v2\/users\/4"}],"replies":[{"embeddable":true,"href":"https:\/\/zskarlino.pl\/index.php?rest_route=%2Fwp%2Fv2%2Fcomments&post=18798"}],"version-history":[{"count":9,"href":"https:\/\/zskarlino.pl\/index.php?rest_route=\/wp\/v2\/posts\/18798\/revisions"}],"predecessor-version":[{"id":18815,"href":"https:\/\/zskarlino.pl\/index.php?rest_route=\/wp\/v2\/posts\/18798\/revisions\/18815"}],"wp:attachment":[{"href":"https:\/\/zskarlino.pl\/index.php?rest_route=%2Fwp%2Fv2%2Fmedia&parent=18798"}],"wp:term":[{"taxonomy":"category","embeddable":true,"href":"https:\/\/zskarlino.pl\/index.php?rest_route=%2Fwp%2Fv2%2Fcategories&post=18798"},{"taxonomy":"post_tag","embeddable":true,"href":"https:\/\/zskarlino.pl\/index.php?rest_route=%2Fwp%2Fv2%2Ftags&post=18798"}],"curies":[{"name":"wp","href":"https:\/\/api.w.org\/{rel}","templated":true}]}}