{"id":18785,"date":"2021-10-27T14:40:11","date_gmt":"2021-10-27T12:40:11","guid":{"rendered":"http:\/\/zskarlino.pl\/?p=18785"},"modified":"2021-10-27T22:07:52","modified_gmt":"2021-10-27T20:07:52","slug":"wybory-do-mlodziezowej-rady-miejskiej-w-karlinie","status":"publish","type":"post","link":"https:\/\/zskarlino.pl\/?p=18785","title":{"rendered":"Wybory do M\u0142odzie\u017cowej Rady Miejskiej w Karlinie"},"content":{"rendered":"\n<p>Zbli\u017caj\u0105 sie wybory do M\u0142odzie\u017cowej Rady Miejskiej w Karlinie- organu konsultacyjnego w kwestiach dotycz\u0105cych m\u0142odzie\u017cy w naszej gminie, ale tak\u017ce umo\u017cliwiaj\u0105cego podejmowania inicjatyw s\u0142u\u017c\u0105cych poprawie wa\u017cnych dla m\u0142odych ludzi kwestii.<br>Drodzy Uczniowie Zespo\u0142u Szk\u00f3\u0142 w Karlinie, a tak\u017ce m\u0142odzi mieszka\u0144cy Karlina-uczniowie innych szk\u00f3\u0142 ponadpodstawowych w regionie, zach\u0119camy Was serdecznie do aktywno\u015bci w tym obszarze, aby w praktyce uczy\u0107 si\u0119 demokracji w naszej Ma\u0142ej Ojczy\u017anie. <br>W naszej Gminie g\u0142os M\u0142odych ludzi jest wa\u017cny, a MRM mo\u017ce skutecznie nawiazywa\u0107 dialog z przedstawicielami Rady Miejskiej, Burmistrzem, czy urz\u0119dnikami, co mo\u017ce przyczyni\u0107 si\u0119 do zwi\u0119kszenia skuteczno\u015bci podejmowanych przez w\u0142adze rozwi\u0105za\u0144.   <\/p>\n\n\n\n<p>Jak zosta\u0107 Radnym M\u0142odzie\u017cowej Rady Miejskiej w Karlinie? Poni\u017cej wyci\u0105g ze Statutu Rady:<\/p>\n\n\n\n<p>&#8221; <strong>\u00a7 29. <\/strong>1.Cz\u0142onkiem Rady mo\u017ce by\u0107 ka\u017cdy, kto uko\u0144czy\u0142 \u00a0lub uko\u0144czy 13 lat, a nie uko\u0144czy\u0142 19 lat w roku kalendarzowym, w kt\u00f3rym odbywaj\u0105 si\u0119 wybory oraz<br>1) ucz\u0119szcza do szko\u0142y podstawowej lub ponadpodstawowej na terenie gminy Karlino , zwan\u0105 dalej szko\u0142\u0105 , posiada pe\u0142ne prawa uczniowskie lub<br>2)\u00a0zamieszkuje na terenie Gminy \u00a0Karlino i ucz\u0119szcza do dowolnej szko\u0142y oraz posiada pe\u0142ne prawa uczniowskie.\u00a0<br>2. W przypadku os\u00f3b ma\u0142oletnich konieczna jest pisemna zgoda rodzic\u00f3w\/opiekun\u00f3w prawnych na kandydowanie.<\/p>\n\n\n\n<p><strong>\u00a7 30<\/strong>. Czynne prawo wyborcze w wyborach do Rady ma ka\u017cdy ucze\u0144 szko\u0142y, o kt\u00f3rej mowa w <strong>\u00a7<\/strong> 29, &nbsp;posiadaj\u0105cy pe\u0142ne prawa uczniowskie oraz kt\u00f3ry w roku kalendarzowym, w kt\u00f3rym odbywaj\u0105 si\u0119 wybory, uko\u0144czy\u0142 lub uko\u0144czy 11 lat.<\/p>\n\n\n\n<p><strong>\u00a7 31.<\/strong> Wybory s\u0105 r\u00f3wne \u2013 ka\u017cdemu przys\u0142uguje jeden g\u0142os i bezpo\u015brednie \u2013 g\u0142osowa\u0107 mo\u017cna tylko osobi\u015bcie i odbywaj\u0105 si\u0119 w g\u0142osowaniu tajnym.<\/p>\n\n\n\n<p><strong>\u00a7 32<\/strong>.1 . Wybory przeprowadzane s\u0105 w okr\u0119gach wyborczych, kt\u00f3rymi s\u0105 szko\u0142y, wed\u0142ug nast\u0119puj\u0105cej ilo\u015bci mandat\u00f3w: <br>1) Szko\u0142a Podstawowej w Karlinie &#8211; 5 mandat\u00f3w,<br>2) Szko\u0142a Podstawowa w Karwinie &#8211; 1 mandat,<br>3) Szko\u0142a Podstawowa w Kar\u015bcinie &#8211; 1 mandat,<br>4) Szko\u0142a Podstawowa w Daszewie &#8211; 1 mandat;<br>5) Zesp\u00f3\u0142 Szk\u00f3\u0142 w Karlinie &#8211; 7 mandat\u00f3w.<br>Razem 15 mandat\u00f3w.<br>2. Uczniowie szk\u00f3\u0142 ponadpodstawowych spoza Gminy Karlino, nale\u017c\u0105 do okr\u0119gu wyborczego Zespo\u0142u Szk\u00f3\u0142 w Karlinie.<\/p>\n\n\n\n<p>  (&#8230;)<\/p>\n\n\n\n<p><strong>\u00a7 36.1.<\/strong> Zg\u0142oszenia kandydat\u00f3w przyjmuje Szkolna Komisja Wyborcza. Zg\u0142oszenia dokonane zgodnie z przepisami niniejszego Statutu s\u0105 rejestrowane przez Komisj\u0119 Szkoln\u0105 w kolejno\u015bci ich zg\u0142oszenia. Listy kandydat\u00f3w zamyka si\u0119 na 10 dni przed og\u0142oszon\u0105 dat\u0105 wybor\u00f3w.<br>2. Zg\u0142oszenie kandydat\u00f3w z innych szk\u00f3\u0142 ponadpodstawowych, dzia\u0142aj\u0105cych poza terenem Gminy Karlino,\u00a0 przyjmuje Szkolna Komisja Wyborcza przy Zespole Szk\u00f3\u0142 w Karlinie.<br>3. Zg\u0142oszenie kandydata powinno zawiera\u0107: nazw\u0119 szko\u0142y, \u00a0imi\u0119 i nazwisko oraz dat\u0119 urodzenia. Do zg\u0142oszenia winna by\u0107 do\u0142\u0105czona: lista z podpisami popieraj\u0105cymi, zgoda kandydata na kandydowanie, a w przypadku os\u00f3b ma\u0142oletnich \u2013 pisemna zgoda rodzic\u00f3w na kandydowanie do Rady.<br>4. Zg\u0142oszenie kandydata winno by\u0107 poparte co najmniej 15 podpisami os\u00f3b spe\u0142niaj\u0105cych kryteria okre\u015blone w <strong>\u00a7<\/strong> 30.<br>5. Je\u017celi w danym okr\u0119gu wyborczym Szkolna Komisja Wyborcza zarejestrowa\u0142a liczb\u0119 kandydat\u00f3w r\u00f3wn\u0105 lub mniejsz\u0105 ni\u017c okre\u015blona w <strong>\u00a7<\/strong> 32 niniejszego Statutu, g\u0142osowania nie przeprowadza si\u0119, a za wybranych uwa\u017ca si\u0119 zarejestrowanych kandydat\u00f3w. Szkolna Komisja Wyborcza sporz\u0105dza protok\u00f3\u0142 z obsadzenia mandatu bez g\u0142osowania, kt\u00f3ry niezw\u0142ocznie przesy\u0142a Miejskiej Komisji Wyborczej.<br>6. W przypadku\u00a0 nie obsadzenia pe\u0142nej liczby mandat\u00f3w w danym okr\u0119gu wyborczym, mandaty te Komisja Wyborcza obsadza kandydatami, kt\u00f3rzy uzyskali najwi\u0119ksz\u0105 bezwzgl\u0119dn\u0105 liczb\u0119 g\u0142os\u00f3w w innych okr\u0119gach wyborczych. Z obsadzenia mandat\u00f3w komisja sporz\u0105dza protok\u00f3\u0142.<br>(&#8230;)<br>8. Ka\u017cdy wyborca mo\u017ce udzieli\u0107 poparcia dowolnej liczbie kandydat\u00f3w poprzez z\u0142o\u017cenie swojego podpisu. Poparcia nie mo\u017cna wycofa\u0107.<\/p>\n\n\n\n<p>(&#8230;)<\/p>\n\n\n\n<p><strong>\u00a7 37. 1.<\/strong> Kampania wyborcza rozpoczyna si\u0119 w dniu og\u0142oszenia do wiadomo\u015bci szk\u00f3\u0142 terminu wybor\u00f3w i ulega zako\u0144czeniu w ostatni\u0105 sobot\u0119 poprzedzaj\u0105c\u0105 poniedzia\u0142ek, w kt\u00f3rym odbywaj\u0105 si\u0119 wybory.<br>2. Kampania wyborcza prowadzona jest na terenie szko\u0142y. Dozwolone s\u0105 wszelkie formy agitacji wyborczej, kt\u00f3re nie powoduj\u0105 szk\u00f3d materialnych b\u0105d\u017a niematerialnych i nie godz\u0105 w dobre imi\u0119 kandydata. Kampania wyborcza nie mo\u017ce w jakikolwiek spos\u00f3b zak\u0142\u00f3ca\u0107 normalnego funkcjonowania szko\u0142y.<br>3. Kandydat, kt\u00f3rego kampania wyborcza narusza postanowienia ust. 2 mo\u017ce zosta\u0107 pozbawiony prawa kandydowania uchwa\u0142\u0105 w\u0142a\u015bciwej Szkolnej Komisji Wyborczej. Informacj\u0119 o podj\u0119ciu takiej uchwa\u0142y wraz z uzasadnieniem przekazuje si\u0119 do Miejskiej Komisji Wyborczej, kt\u00f3ra po rozpatrzeniu sprawy mo\u017ce uchwa\u0142\u0119 zatwierdzi\u0107 lub j\u0105 uchyli\u0107. <br>4. Zasady bezp\u0142atnego udost\u0119pniania tablic og\u0142oszeniowych lub radiow\u0119z\u0142a na potrzeby kampanii wyborczej ustala Szkolna Komisja Wyborcza w porozumieniu z Dyrekcj\u0105 danej plac\u00f3wki. Audycje wyborcze kandydat\u00f3w z danej szko\u0142y powinny mie\u0107 jednakowy czas antenowy oraz by\u0107 odtwarzane w losowej kolejno\u015bci.&#8221;<\/p>\n\n\n\n<p>Opiekunem MRM jest Pan Ireneusz Tyborski, nauczyciel historii i WOS w ZS w Karlinie, kt\u00f3ry ch\u0119tnie przybli\u017cy Wam szczeg\u00f3\u0142y funkcjonowania rady oraz odpowie na nurtuj\u0105ce pytania. <\/p>\n\n\n\n<p>Wkr\u00f3tce rozpoczynamy kampani\u0119 wyborcz\u0105 i liczymy na Wasz aktywny udzia\u0142! <\/p>\n\n\n\n<p>Poni\u017cej za\u0142\u0105czamy Kalendarz wyborczy oraz dokumenty zwi\u0105zane z zarz\u0105dzeniem wybor\u00f3w i powo\u0142aniem Miejskiej Komisji Wyborczej.<\/p>\n\n\n\n<figure class=\"wp-block-table is-style-stripes\"><table><tbody><tr><td><\/td><td><strong>Data wykonania czynno\u015bci wyborczy<\/strong>ch<\/td><td><strong>Tre\u015b\u0107 czynno\u015bci wyborczych<\/strong><\/td><\/tr><tr><td><strong>1.<\/strong><\/td><td>27 pa\u017adziernika 2021&nbsp; r. &nbsp;<\/td><td>Zarz\u0105dzenie wybor\u00f3w do M\u0142odzie\u017cowej Rady Miejskiej w Karlinie<\/td><\/tr><tr><td><strong>2.<\/strong><\/td><td>do 28 pa\u017adziernika&nbsp; 2021&nbsp; r. &nbsp;<\/td><td>Przes\u0142anie tre\u015bci Zarz\u0105dzenia wraz z kalendarzem wyborczym do szk\u00f3\u0142<\/td><\/tr><tr><td><strong>3.<\/strong><\/td><td>do 28 pa\u017adziernika 2021&nbsp; r. &nbsp;<\/td><td>Powo\u0142anie zarz\u0105dzeniem Burmistrza Karlina Miejskiej Komisji Wyborczej<\/td><\/tr><tr><td><strong>4.<\/strong><\/td><td>do 28 pa\u017adziernika 2021r. &nbsp;<\/td><td>Podanie do wiadomo\u015bci w szko\u0142ach sk\u0142adu Miejskiej Komisji Wyborczej<\/td><\/tr><tr><td><strong>5.<\/strong><\/td><td>do 5 listopada 2021&nbsp; r. &nbsp;<\/td><td>Zg\u0142oszenie kandydat\u00f3w do Szkolnej Komisji Wyborczej<\/td><\/tr><tr><td><strong>6.<\/strong><\/td><td>do 8 listopada 2021&nbsp; r. &nbsp;<\/td><td>Powo\u0142anie Szkolnej Komisji Wyborczej &nbsp; Podanie do publicznej wiadomo\u015bci okr\u0119g\u00f3w wyborczych, liczby mandat\u00f3w oraz siedzib\u0119 Szkolnej Komisji Wyborczej &nbsp; Sporz\u0105dzenie przez Szkoln\u0105 Komisj\u0119 wyborcz\u0105 spis\u00f3w wyborc\u00f3w<\/td><\/tr><tr><td><strong>7<\/strong><\/td><td>do 16 listopada 2021&nbsp; r. &nbsp;<\/td><td>Zg\u0142aszanie Szkolnej Komisji Wyborczej kandydat\u00f3w na radnych do M\u0142odzie\u017cowej Rady Miejskiej&nbsp;w Karlinie<\/td><\/tr><tr><td><strong>8.<\/strong><\/td><td>do 17 listopada 2021&nbsp; r. &nbsp;<\/td><td>Przekazanie Miejskiej Komisji Wyborczej przez Szkoln\u0105 Komisj\u0119 Wyborcz\u0105 listy kandydat\u00f3w&nbsp; na radnych do M\u0142odzie\u017cowej Rady Miejskiej w Karlinie<\/td><\/tr><tr><td><strong>9.<\/strong><\/td><td>19&nbsp; listopada 2021&nbsp; r. &nbsp;<\/td><td>Zako\u0144czenie kampanii wyborczej<\/td><\/tr><tr><td><strong>10.<\/strong><\/td><td>22 listopada&nbsp; 2021&nbsp; r. godz. 12<sup>00<\/sup>&#8211; 14<sup>00<\/sup><\/td><td>G\u0142osowanie<\/td><\/tr><\/tbody><\/table><figcaption>Powy\u017csza <em>tabela przedstawia kalendarz czynno\u015bci wyborczych w zwi\u0105zku z zarz\u0105dzeniem wybor\u00f3w do M\u0142odzie\u017cowej Rady Miejskiej w Karlinie<\/em><\/figcaption><\/figure>\n\n\n\n<div class=\"wp-block-image\"><figure class=\"aligncenter size-full is-resized\"><a href=\"http:\/\/zskarlino.pl\/wp-content\/uploads\/2021\/10\/image-5.png\" rel=\"lightbox[18785]\"><img loading=\"lazy\" decoding=\"async\" src=\"http:\/\/zskarlino.pl\/wp-content\/uploads\/2021\/10\/image-5.png\" alt=\"\" class=\"wp-image-18790\" width=\"318\" height=\"110\"\/><\/a><figcaption>Grafika przedstawia na pomara\u0144czowym tle napis w trzech wersach: MRM (w kolorze zielonym), M\u0142odzie\u017cowa Rada Miejska (w kolorze  granatowym), Karlino (w kolorze niebieskim). W prawym g\u00f3rnym rogu jest herb Karlina, a w lewym grafika wykorzytywana do pomocji Karlina<\/figcaption><\/figure><\/div>\n\n\n\n<figure class=\"wp-block-gallery columns-3 is-cropped wp-block-gallery-1 is-layout-flex wp-block-gallery-is-layout-flex\"><ul class=\"blocks-gallery-grid\"><li class=\"blocks-gallery-item\"><figure><a href=\"http:\/\/zskarlino.pl\/wp-content\/uploads\/2021\/10\/image-3.png\" rel=\"lightbox[18785]\"><img loading=\"lazy\" decoding=\"async\" width=\"389\" height=\"515\" src=\"http:\/\/zskarlino.pl\/wp-content\/uploads\/2021\/10\/image-3.png\" alt=\"\" data-id=\"18788\" data-full-url=\"http:\/\/zskarlino.pl\/wp-content\/uploads\/2021\/10\/image-3.png\" data-link=\"http:\/\/zskarlino.pl\/?attachment_id=18788\" class=\"wp-image-18788\" srcset=\"https:\/\/zskarlino.pl\/wp-content\/uploads\/2021\/10\/image-3.png 389w, https:\/\/zskarlino.pl\/wp-content\/uploads\/2021\/10\/image-3-227x300.png 227w\" sizes=\"auto, (max-width: 389px) 100vw, 389px\" \/><\/a><figcaption class=\"blocks-gallery-item__caption\"><em>Skan zarz\u0105dzenia Przewodnicz\u0105cej Rady Miejskiej w Karlinie w sprawie wybor\u00f3w do M\u0142odzie\u017cowej Rady Miejskiej<\/em><\/figcaption><\/figure><\/li><li class=\"blocks-gallery-item\"><figure><a href=\"http:\/\/zskarlino.pl\/wp-content\/uploads\/2021\/10\/image-4.png\" rel=\"lightbox[18785]\"><img loading=\"lazy\" decoding=\"async\" width=\"392\" height=\"497\" src=\"http:\/\/zskarlino.pl\/wp-content\/uploads\/2021\/10\/image-4.png\" alt=\"\" data-id=\"18789\" data-full-url=\"http:\/\/zskarlino.pl\/wp-content\/uploads\/2021\/10\/image-4.png\" data-link=\"http:\/\/zskarlino.pl\/?attachment_id=18789\" class=\"wp-image-18789\" srcset=\"https:\/\/zskarlino.pl\/wp-content\/uploads\/2021\/10\/image-4.png 392w, https:\/\/zskarlino.pl\/wp-content\/uploads\/2021\/10\/image-4-237x300.png 237w\" sizes=\"auto, (max-width: 392px) 100vw, 392px\" \/><\/a><figcaption class=\"blocks-gallery-item__caption\">Kalendarz wyborczy dla wybor\u00f3w do M\u0142odzie\u017cowej Rady Miejskiej<\/figcaption><\/figure><\/li><li class=\"blocks-gallery-item\"><figure><a href=\"http:\/\/zskarlino.pl\/wp-content\/uploads\/2021\/10\/image-1.png\" rel=\"lightbox[18785]\"><img loading=\"lazy\" decoding=\"async\" width=\"418\" height=\"523\" src=\"http:\/\/zskarlino.pl\/wp-content\/uploads\/2021\/10\/image-1.png\" alt=\"Grafiki przedstawiaj\u0105 skany Zarz\u0105dze\u0144 Burmistrza Karlina oraz Przewodnicz\u0105cej Rady Miejskiej w Karlinie, wraz z kalendarzem wyborczym. dotyczace og\u0142oszenie wybor\u00f3w do M\u0142odzie\u017cowej Rady Miejskiej w Karlinie \" data-id=\"18786\" data-full-url=\"http:\/\/zskarlino.pl\/wp-content\/uploads\/2021\/10\/image-1.png\" data-link=\"http:\/\/zskarlino.pl\/?attachment_id=18786\" class=\"wp-image-18786\" srcset=\"https:\/\/zskarlino.pl\/wp-content\/uploads\/2021\/10\/image-1.png 418w, https:\/\/zskarlino.pl\/wp-content\/uploads\/2021\/10\/image-1-240x300.png 240w\" sizes=\"auto, (max-width: 418px) 100vw, 418px\" \/><\/a><figcaption class=\"blocks-gallery-item__caption\"><em>Skan zarz\u0105dzenia Burmistrza Karlina w sprawie powo\u0142ania Miejskiej Komisji Wyborczej  do przeprowadzenia wybor\u00f3w do  M\u0142odzie\u017cowej Rady Miejskiej<\/em><\/figcaption><\/figure><\/li><\/ul><\/figure>\n\n\n\n<div class=\"wp-block-group\"><div class=\"wp-block-group__inner-container is-layout-flow wp-block-group-is-layout-flow\">\n<div class=\"wp-block-columns is-layout-flex wp-container-core-columns-is-layout-9d6595d7 wp-block-columns-is-layout-flex\">\n<div class=\"wp-block-column is-layout-flow wp-block-column-is-layout-flow\" style=\"flex-basis:100%\"><\/div>\n<\/div>\n<\/div><\/div>\n","protected":false},"excerpt":{"rendered":"<p>Zbli\u017caj\u0105 sie wybory do M\u0142odzie\u017cowej Rady Miejskiej w Karlinie- organu konsultacyjnego w kwestiach dotycz\u0105cych m\u0142odzie\u017cy w naszej gminie, ale tak\u017ce umo\u017cliwiaj\u0105cego podejmowania inicjatyw s\u0142u\u017c\u0105cych poprawie wa\u017cnych dla m\u0142odych ludzi kwestii.Drodzy Uczniowie Zespo\u0142u Szk\u00f3\u0142 w Karlinie, a tak\u017ce m\u0142odzi mieszka\u0144cy Karlina-uczniowie innych szk\u00f3\u0142 ponadpodstawowych w regionie, zach\u0119camy Was serdecznie do aktywno\u015bci w tym obszarze, aby w &hellip; <\/p>\n<p><a class=\"more-link btn\" href=\"https:\/\/zskarlino.pl\/?p=18785\">Czytaj dalej<\/a><\/p>\n","protected":false},"author":8,"featured_media":18790,"comment_status":"closed","ping_status":"closed","sticky":false,"template":"","format":"standard","meta":{"footnotes":""},"categories":[3],"tags":[],"class_list":["post-18785","post","type-post","status-publish","format-standard","has-post-thumbnail","hentry","category-wydarzenia","item-wrap"],"_links":{"self":[{"href":"https:\/\/zskarlino.pl\/index.php?rest_route=\/wp\/v2\/posts\/18785","targetHints":{"allow":["GET"]}}],"collection":[{"href":"https:\/\/zskarlino.pl\/index.php?rest_route=\/wp\/v2\/posts"}],"about":[{"href":"https:\/\/zskarlino.pl\/index.php?rest_route=\/wp\/v2\/types\/post"}],"author":[{"embeddable":true,"href":"https:\/\/zskarlino.pl\/index.php?rest_route=\/wp\/v2\/users\/8"}],"replies":[{"embeddable":true,"href":"https:\/\/zskarlino.pl\/index.php?rest_route=%2Fwp%2Fv2%2Fcomments&post=18785"}],"version-history":[{"count":4,"href":"https:\/\/zskarlino.pl\/index.php?rest_route=\/wp\/v2\/posts\/18785\/revisions"}],"predecessor-version":[{"id":18796,"href":"https:\/\/zskarlino.pl\/index.php?rest_route=\/wp\/v2\/posts\/18785\/revisions\/18796"}],"wp:featuredmedia":[{"embeddable":true,"href":"https:\/\/zskarlino.pl\/index.php?rest_route=\/wp\/v2\/media\/18790"}],"wp:attachment":[{"href":"https:\/\/zskarlino.pl\/index.php?rest_route=%2Fwp%2Fv2%2Fmedia&parent=18785"}],"wp:term":[{"taxonomy":"category","embeddable":true,"href":"https:\/\/zskarlino.pl\/index.php?rest_route=%2Fwp%2Fv2%2Fcategories&post=18785"},{"taxonomy":"post_tag","embeddable":true,"href":"https:\/\/zskarlino.pl\/index.php?rest_route=%2Fwp%2Fv2%2Ftags&post=18785"}],"curies":[{"name":"wp","href":"https:\/\/api.w.org\/{rel}","templated":true}]}}