{"id":18780,"date":"2021-10-26T08:41:00","date_gmt":"2021-10-26T06:41:00","guid":{"rendered":"http:\/\/zskarlino.pl\/?p=18780"},"modified":"2021-10-26T12:05:36","modified_gmt":"2021-10-26T10:05:36","slug":"zebranie-z-rodzicami-26-10-2021","status":"publish","type":"post","link":"https:\/\/zskarlino.pl\/?p=18780","title":{"rendered":"Zebranie z Rodzicami 26.10.2021"},"content":{"rendered":"\n<figure class=\"wp-block-image size-large\"><a href=\"http:\/\/zskarlino.pl\/wp-content\/uploads\/2021\/10\/Slide3.jpg\" rel=\"lightbox[18780]\"><img loading=\"lazy\" decoding=\"async\" width=\"1024\" height=\"576\" src=\"http:\/\/zskarlino.pl\/wp-content\/uploads\/2021\/10\/Slide3-1024x576.jpg\" alt=\"\" class=\"wp-image-18781\" srcset=\"https:\/\/zskarlino.pl\/wp-content\/uploads\/2021\/10\/Slide3-1024x576.jpg 1024w, https:\/\/zskarlino.pl\/wp-content\/uploads\/2021\/10\/Slide3-300x169.jpg 300w, https:\/\/zskarlino.pl\/wp-content\/uploads\/2021\/10\/Slide3-768x432.jpg 768w, https:\/\/zskarlino.pl\/wp-content\/uploads\/2021\/10\/Slide3-750x422.jpg 750w, https:\/\/zskarlino.pl\/wp-content\/uploads\/2021\/10\/Slide3.jpg 1280w\" sizes=\"auto, (max-width: 1024px) 100vw, 1024px\" \/><\/a><figcaption>Grafika przedstawia tabel\u0119 zatytu\u0142owan\u0105 &#8222;Zebrania z rodzicami wtorek 26.10.2021r.&#8221; bia\u0142ymi literami na granatowym tle. W lewym g\u00f3rnym rogu znajduje si\u0119 logo Zespo\u0142u Szk\u00f3\u0142 w Karlinie. W tabeli jest zestawienie oddzia\u0142\u00f3w, wychowawc\u00f3w wraz z miejscami i godzin\u0105 spotka\u0144.<\/figcaption><\/figure>\n\n\n\n<p><\/p>\n","protected":false},"excerpt":{"rendered":"","protected":false},"author":8,"featured_media":0,"comment_status":"closed","ping_status":"closed","sticky":false,"template":"","format":"standard","meta":{"footnotes":""},"categories":[3],"tags":[],"class_list":["post-18780","post","type-post","status-publish","format-standard","hentry","category-wydarzenia","item-wrap"],"_links":{"self":[{"href":"https:\/\/zskarlino.pl\/index.php?rest_route=\/wp\/v2\/posts\/18780","targetHints":{"allow":["GET"]}}],"collection":[{"href":"https:\/\/zskarlino.pl\/index.php?rest_route=\/wp\/v2\/posts"}],"about":[{"href":"https:\/\/zskarlino.pl\/index.php?rest_route=\/wp\/v2\/types\/post"}],"author":[{"embeddable":true,"href":"https:\/\/zskarlino.pl\/index.php?rest_route=\/wp\/v2\/users\/8"}],"replies":[{"embeddable":true,"href":"https:\/\/zskarlino.pl\/index.php?rest_route=%2Fwp%2Fv2%2Fcomments&post=18780"}],"version-history":[{"count":1,"href":"https:\/\/zskarlino.pl\/index.php?rest_route=\/wp\/v2\/posts\/18780\/revisions"}],"predecessor-version":[{"id":18782,"href":"https:\/\/zskarlino.pl\/index.php?rest_route=\/wp\/v2\/posts\/18780\/revisions\/18782"}],"wp:attachment":[{"href":"https:\/\/zskarlino.pl\/index.php?rest_route=%2Fwp%2Fv2%2Fmedia&parent=18780"}],"wp:term":[{"taxonomy":"category","embeddable":true,"href":"https:\/\/zskarlino.pl\/index.php?rest_route=%2Fwp%2Fv2%2Fcategories&post=18780"},{"taxonomy":"post_tag","embeddable":true,"href":"https:\/\/zskarlino.pl\/index.php?rest_route=%2Fwp%2Fv2%2Ftags&post=18780"}],"curies":[{"name":"wp","href":"https:\/\/api.w.org\/{rel}","templated":true}]}}