{"id":18775,"date":"2021-10-18T19:24:00","date_gmt":"2021-10-18T17:24:00","guid":{"rendered":"http:\/\/zskarlino.pl\/?p=18775"},"modified":"2021-10-25T19:47:31","modified_gmt":"2021-10-25T17:47:31","slug":"dzien-papieza-jana-pawla-ii","status":"publish","type":"post","link":"https:\/\/zskarlino.pl\/?p=18775","title":{"rendered":"Dzie\u0144 Papie\u017ca Jana Paw\u0142a II"},"content":{"rendered":"\n<p>Uczniowie Zespo\u0142u Szk\u00f3\u0142 w Karlinie w 43 rocznic\u0119 wybory Kardyna\u0142a Karola Wojty\u0142y na papie\u017ca, postanowili przybli\u017cy\u0107 swoim kolegom posta\u0107 \u015bwi\u0119tego Jana Paw\u0142a II. Uczniowie przygotowali prezentacj\u0119 o \u017cyciu \u015awi\u0119tego a pie\u015b\u0144 &#8222;Barka&#8221; tego dnia \u00a0rozbrzmiewa\u0142a we wszystkich klasach.<\/p>\n\n\n\n<figure class=\"wp-block-video\"><video height=\"1080\" style=\"aspect-ratio: 1920 \/ 1080;\" width=\"1920\" controls src=\"http:\/\/zskarlino.pl\/wp-content\/uploads\/2021\/10\/papiez_prezentacja.mp4\" playsinline><\/video><figcaption>Prezentacja uczni\u00f3w Zespo\u0142u Szk\u00f3\u0142 w Karlinie <\/figcaption><\/figure>\n","protected":false},"excerpt":{"rendered":"<p>Uczniowie Zespo\u0142u Szk\u00f3\u0142 w Karlinie w 43 rocznic\u0119 wybory Kardyna\u0142a Karola Wojty\u0142y na papie\u017ca, postanowili przybli\u017cy\u0107 swoim kolegom posta\u0107 \u015bwi\u0119tego Jana Paw\u0142a II. Uczniowie przygotowali prezentacj\u0119 o \u017cyciu \u015awi\u0119tego a pie\u015b\u0144 &#8222;Barka&#8221; tego dnia \u00a0rozbrzmiewa\u0142a we wszystkich klasach.<\/p>\n","protected":false},"author":3,"featured_media":0,"comment_status":"closed","ping_status":"closed","sticky":false,"template":"","format":"standard","meta":{"footnotes":""},"categories":[3],"tags":[],"class_list":["post-18775","post","type-post","status-publish","format-standard","hentry","category-wydarzenia","item-wrap"],"_links":{"self":[{"href":"https:\/\/zskarlino.pl\/index.php?rest_route=\/wp\/v2\/posts\/18775","targetHints":{"allow":["GET"]}}],"collection":[{"href":"https:\/\/zskarlino.pl\/index.php?rest_route=\/wp\/v2\/posts"}],"about":[{"href":"https:\/\/zskarlino.pl\/index.php?rest_route=\/wp\/v2\/types\/post"}],"author":[{"embeddable":true,"href":"https:\/\/zskarlino.pl\/index.php?rest_route=\/wp\/v2\/users\/3"}],"replies":[{"embeddable":true,"href":"https:\/\/zskarlino.pl\/index.php?rest_route=%2Fwp%2Fv2%2Fcomments&post=18775"}],"version-history":[{"count":2,"href":"https:\/\/zskarlino.pl\/index.php?rest_route=\/wp\/v2\/posts\/18775\/revisions"}],"predecessor-version":[{"id":18778,"href":"https:\/\/zskarlino.pl\/index.php?rest_route=\/wp\/v2\/posts\/18775\/revisions\/18778"}],"wp:attachment":[{"href":"https:\/\/zskarlino.pl\/index.php?rest_route=%2Fwp%2Fv2%2Fmedia&parent=18775"}],"wp:term":[{"taxonomy":"category","embeddable":true,"href":"https:\/\/zskarlino.pl\/index.php?rest_route=%2Fwp%2Fv2%2Fcategories&post=18775"},{"taxonomy":"post_tag","embeddable":true,"href":"https:\/\/zskarlino.pl\/index.php?rest_route=%2Fwp%2Fv2%2Ftags&post=18775"}],"curies":[{"name":"wp","href":"https:\/\/api.w.org\/{rel}","templated":true}]}}