{"id":18765,"date":"2021-10-25T09:54:01","date_gmt":"2021-10-25T07:54:01","guid":{"rendered":"http:\/\/zskarlino.pl\/?p=18765"},"modified":"2021-10-25T18:29:09","modified_gmt":"2021-10-25T16:29:09","slug":"przedluzamy-termin-naboru-oswiadczen-do-projektu-granty-ppgr","status":"publish","type":"post","link":"https:\/\/zskarlino.pl\/?p=18765","title":{"rendered":"Przed\u0142u\u017camy termin naboru o\u015bwiadcze\u0144 do projektu GRANTY PPGR"},"content":{"rendered":"\n<div class=\"wp-block-group alignfull\"><div class=\"wp-block-group__inner-container is-layout-flow wp-block-group-is-layout-flow\">\n<div class=\"wp-block-group\"><div class=\"wp-block-group__inner-container is-layout-flow wp-block-group-is-layout-flow\">\n<div class=\"wp-block-columns is-layout-flex wp-container-core-columns-is-layout-9d6595d7 wp-block-columns-is-layout-flex\">\n<div class=\"wp-block-column is-vertically-aligned-bottom is-layout-flow wp-block-column-is-layout-flow\" style=\"flex-basis:100%\"><\/div>\n<\/div>\n<\/div><\/div>\n<\/div><\/div>\n\n\n<h4 style=\"text-align: center;\"><span style=\"color: #333333;\"><a href=\"http:\/\/zskarlino.pl\/wp-content\/uploads\/2021\/10\/1227551_1633594971.jpg\" rel=\"lightbox[18765]\"><img loading=\"lazy\" decoding=\"async\" class=\"aligncenter wp-image-18717 \" src=\"http:\/\/zskarlino.pl\/wp-content\/uploads\/2021\/10\/1227551_1633594971-300x162.jpg\" alt=\"\" width=\"348\" height=\"188\" srcset=\"https:\/\/zskarlino.pl\/wp-content\/uploads\/2021\/10\/1227551_1633594971-300x162.jpg 300w, https:\/\/zskarlino.pl\/wp-content\/uploads\/2021\/10\/1227551_1633594971-768x415.jpg 768w, https:\/\/zskarlino.pl\/wp-content\/uploads\/2021\/10\/1227551_1633594971-750x405.jpg 750w, https:\/\/zskarlino.pl\/wp-content\/uploads\/2021\/10\/1227551_1633594971.jpg 840w\" sizes=\"auto, (max-width: 348px) 100vw, 348px\" \/><\/a>UWAGA!<\/span><\/h4>\n<p><strong>Przed\u0142u\u017cony zostaje termin naboru wniosk\u00f3w <em>(o\u015bwiadcze\u0144 rodzic\u00f3w\/opiekun\u00f3w prawnych i pe\u0142noletnich uczni\u00f3w szk\u00f3\u0142 \u015brednich)<\/em> do projektu Granty PPGR &#8211; <\/strong><span style=\"color: #ff0000;\">do 29 pa\u017adziernika 2021 r. do godz. 15.00.\u00a0<\/span><\/p>\n<p><span style=\"color: #ff0000;\"><u><br \/><strong>O\u015bwiadczenia przyjmowane s\u0105\u00a0 wy\u0142\u0105cznie w Zak\u0142adzie O\u015bwiaty w Karlinie ul. Szymanowskiego 17.\u00a0<\/strong><\/u><\/span><\/p>\n\n\n<p>O\u015bwiadczenia do pobrania tutaj: <a href=\"http:\/\/zskarlino.pl\/?p=18715\">http:\/\/zskarlino.pl\/?p=18715<\/a><\/p>\n","protected":false},"excerpt":{"rendered":"<p>UWAGA! Przed\u0142u\u017cony zostaje termin naboru wniosk\u00f3w (o\u015bwiadcze\u0144 rodzic\u00f3w\/opiekun\u00f3w prawnych i pe\u0142noletnich uczni\u00f3w szk\u00f3\u0142 \u015brednich) do projektu Granty PPGR &#8211; do 29 pa\u017adziernika 2021 r. do godz. 15.00.\u00a0 O\u015bwiadczenia przyjmowane s\u0105\u00a0 wy\u0142\u0105cznie w Zak\u0142adzie O\u015bwiaty w Karlinie ul. Szymanowskiego 17.\u00a0 O\u015bwiadczenia do pobrania tutaj: http:\/\/zskarlino.pl\/?p=18715<\/p>\n","protected":false},"author":3,"featured_media":0,"comment_status":"closed","ping_status":"closed","sticky":false,"template":"","format":"standard","meta":{"footnotes":""},"categories":[3],"tags":[],"class_list":["post-18765","post","type-post","status-publish","format-standard","hentry","category-wydarzenia","item-wrap"],"_links":{"self":[{"href":"https:\/\/zskarlino.pl\/index.php?rest_route=\/wp\/v2\/posts\/18765","targetHints":{"allow":["GET"]}}],"collection":[{"href":"https:\/\/zskarlino.pl\/index.php?rest_route=\/wp\/v2\/posts"}],"about":[{"href":"https:\/\/zskarlino.pl\/index.php?rest_route=\/wp\/v2\/types\/post"}],"author":[{"embeddable":true,"href":"https:\/\/zskarlino.pl\/index.php?rest_route=\/wp\/v2\/users\/3"}],"replies":[{"embeddable":true,"href":"https:\/\/zskarlino.pl\/index.php?rest_route=%2Fwp%2Fv2%2Fcomments&post=18765"}],"version-history":[{"count":6,"href":"https:\/\/zskarlino.pl\/index.php?rest_route=\/wp\/v2\/posts\/18765\/revisions"}],"predecessor-version":[{"id":18774,"href":"https:\/\/zskarlino.pl\/index.php?rest_route=\/wp\/v2\/posts\/18765\/revisions\/18774"}],"wp:attachment":[{"href":"https:\/\/zskarlino.pl\/index.php?rest_route=%2Fwp%2Fv2%2Fmedia&parent=18765"}],"wp:term":[{"taxonomy":"category","embeddable":true,"href":"https:\/\/zskarlino.pl\/index.php?rest_route=%2Fwp%2Fv2%2Fcategories&post=18765"},{"taxonomy":"post_tag","embeddable":true,"href":"https:\/\/zskarlino.pl\/index.php?rest_route=%2Fwp%2Fv2%2Ftags&post=18765"}],"curies":[{"name":"wp","href":"https:\/\/api.w.org\/{rel}","templated":true}]}}