{"id":18715,"date":"2021-10-07T15:43:55","date_gmt":"2021-10-07T13:43:55","guid":{"rendered":"http:\/\/zskarlino.pl\/?p=18715"},"modified":"2021-10-18T10:55:50","modified_gmt":"2021-10-18T08:55:50","slug":"granty-ppgr-wsparcie-dzieci-z-rodzin-pegeerowskich-w-rozwoju-cyfrowym","status":"publish","type":"post","link":"https:\/\/zskarlino.pl\/?p=18715","title":{"rendered":"Granty PPGR &#8211; Wsparcie dzieci z rodzin pegeerowskich                                   w rozwoju cyfrowym"},"content":{"rendered":"\n<div class=\"wp-block-image\"><figure class=\"alignright size-full is-resized\"><a href=\"http:\/\/zskarlino.pl\/wp-content\/uploads\/2021\/10\/1227551_1633594971.jpg\" rel=\"lightbox[18715]\"><img loading=\"lazy\" decoding=\"async\" src=\"http:\/\/zskarlino.pl\/wp-content\/uploads\/2021\/10\/1227551_1633594971.jpg\" alt=\"\" class=\"wp-image-18717\" width=\"277\" height=\"149\" srcset=\"https:\/\/zskarlino.pl\/wp-content\/uploads\/2021\/10\/1227551_1633594971.jpg 840w, https:\/\/zskarlino.pl\/wp-content\/uploads\/2021\/10\/1227551_1633594971-300x162.jpg 300w, https:\/\/zskarlino.pl\/wp-content\/uploads\/2021\/10\/1227551_1633594971-768x415.jpg 768w, https:\/\/zskarlino.pl\/wp-content\/uploads\/2021\/10\/1227551_1633594971-750x405.jpg 750w\" sizes=\"auto, (max-width: 277px) 100vw, 277px\" \/><\/a><\/figure><\/div>\n\n\n\n<p><strong>Centrum Projekt\u00f3w Polska Cyfrowa rozpocz\u0119\u0142o nab\u00f3r wniosk\u00f3w o granty na zakup sprz\u0119tu komputerowego dla dzieci z rodzin by\u0142ych pracownik\u00f3w PGR.<\/strong><\/p>\n\n\n\n<p>Celem projektu jest wsparcie rodzin popegeerowskich z dzie\u0107mi w zakresie dost\u0119pu do sprz\u0119tu komputerowego oraz dost\u0119pu do Internetu.<br>O dofinansowanie b\u0119dzie si\u0119 ubiega\u0107 Gmina Karlino na podstawie o\u015bwiadcze\u0144 z\u0142o\u017conych przez rodzic\u00f3w uczni\u00f3w lub pe\u0142noletnich uczni\u00f3w.<\/p>\n\n\n\n<p><strong>Dofinansowanie b\u0119dzie mo\u017cna otrzyma\u0107 na:<\/strong><\/p>\n\n\n\n<ul class=\"wp-block-list\"><li>\u200b\u200bsprz\u0119t komputerowy z urz\u0105dzeniami peryferyjnymi i akcesoriami oraz niezb\u0119dnym oprogramowaniem, umo\u017cliwiaj\u0105cych prac\u0119 zdaln\u0105, w tym niezb\u0119dne akcesoria i oprogramowanie dla os\u00f3b z niepe\u0142nosprawno\u015bciami (w przypadku zakupu komputera powy\u017cej 3,5 tys. z\u0142 oraz tabletu powy\u017cej 1,5 tys. z\u0142 niezb\u0119dne b\u0119dzie uzasadnienie przez Wnioskodawc\u0119 wysoko\u015bci koszt\u00f3w zakup\u00f3w takiego sprz\u0119tu);<\/li><li>ubezpieczenie zakupionego sprz\u0119tu komputerowego;<\/li><li>us\u0142ug\u0119 zapewniaj\u0105c\u0105 dost\u0119p do Internetu na sprz\u0119cie komputerowym zakupionym w ramach projektu, w przypadku gdy opiekun prawny w o\u015bwiadczeniu wska\u017ce na brak mo\u017cliwo\u015bci zapewnienia us\u0142ugi dost\u0119pu do Internetu.<\/li><\/ul>\n\n\n\n<p><strong>Wnioski o udzia\u0142 w projekcie wraz z za\u0142\u0105cznikami mo\u017cna sk\u0142ada\u0107: <\/strong><\/p>\n\n\n\n<ul class=\"wp-block-list\"><li><em>w szkole\/przedszkolu, do kt\u00f3rej ucz\u0119szcza ucze\u0144 lub&nbsp; w Zak\u0142adzie O\u015bwiaty w Karlinie<\/em> ( dot. uczni\u00f3w zamieszkuj\u0105cych&nbsp; w mie\u015bcie lub gminie Karlino i ucz\u0119szczaj\u0105cych do szk\u00f3\u0142 podstawowych, \u201eklas zerowych\u201d i ponadpodstawowych na terenie miasta lub gminy Karlino),<\/li><\/ul>\n\n\n\n<ul class=\"wp-block-list\"><li><em>w Zak\u0142adzie O\u015bwiaty w Karlinie<\/em> (dot. uczniowie zamieszkuj\u0105cych w mie\u015bcie lub gminie Karlino, ucz\u0119szczaj\u0105cych do szk\u00f3\u0142 poza terenem gminy). <br><\/li><\/ul>\n\n\n\n<p>&nbsp;<strong><span style=\"color:#043042\" class=\"has-inline-color\">Termin sk\u0142adania o\u015bwiadcze\u0144: od 6 pa\u017adziernika 2021 r. do 22 pa\u017adziernika 2021 r.<\/span><\/strong><\/p>\n\n\n\n<hr class=\"wp-block-separator\"\/>\n\n\n\n<p><strong>Wymagane dokumenty:<\/strong><\/p>\n\n\n\n<div class=\"wp-block-file\"><a href=\"http:\/\/zskarlino.pl\/wp-content\/uploads\/2021\/10\/Zal.-1-Oswiadczenie-rodzica-opiekuna-prawnego.pdf\" target=\"_blank\" rel=\"noreferrer noopener\">Zal.-1-oswiadczenie rodzica opiekuna prawnego<\/a><a href=\"http:\/\/zskarlino.pl\/wp-content\/uploads\/2021\/10\/Zal.-1-Oswiadczenie-rodzica-opiekuna-prawnego.pdf\" class=\"wp-block-file__button\" download>Pobierz<\/a><\/div>\n\n\n\n<div class=\"wp-block-file\"><a href=\"http:\/\/zskarlino.pl\/wp-content\/uploads\/2021\/10\/Zal.-2-oswiadczenie-pelnoletniego-ucznia.pdf\" target=\"_blank\" rel=\"noreferrer noopener\">Zal.-2-oswiadczenie-pelnoletniego-ucznia<\/a><a href=\"http:\/\/zskarlino.pl\/wp-content\/uploads\/2021\/10\/Zal.-2-oswiadczenie-pelnoletniego-ucznia.pdf\" class=\"wp-block-file__button\" download>Pobierz<\/a><\/div>\n\n\n\n<div class=\"wp-block-file\"><a href=\"http:\/\/zskarlino.pl\/wp-content\/uploads\/2021\/10\/Zal.-3-zgoda-na-przetwarzanie-danych.pdf\" target=\"_blank\" rel=\"noreferrer noopener\">Zal.-3-zgoda-na-przetwarzanie-danych<\/a><a href=\"http:\/\/zskarlino.pl\/wp-content\/uploads\/2021\/10\/Zal.-3-zgoda-na-przetwarzanie-danych.pdf\" class=\"wp-block-file__button\" download>Pobierz<\/a><\/div>\n\n\n\n<div class=\"wp-block-file\"><a href=\"http:\/\/zskarlino.pl\/wp-content\/uploads\/2021\/10\/Zal.-4-formularz-uzupelniajacy-wraz-z-informacja-o-wyborze-sprzetu.pdf\" target=\"_blank\" rel=\"noreferrer noopener\">Zal.-4-formularz uzupe\u0142niaj\u0105cy wraz z informacja o wyborze sprz\u0119tu<\/a><a href=\"http:\/\/zskarlino.pl\/wp-content\/uploads\/2021\/10\/Zal.-4-formularz-uzupelniajacy-wraz-z-informacja-o-wyborze-sprzetu.pdf\" class=\"wp-block-file__button\" download>Pobierz<\/a><\/div>\n\n\n\n<p>W razie posiadania dokument\u00f3w potwierdzaj\u0105cych fakt zatrudnienia w PPGR, nale\u017cy do\u0142\u0105czy\u0107 go do w\/w o\u015bwiadczenia (wym\u00f3g nieobligatoryjny). <\/p>\n","protected":false},"excerpt":{"rendered":"<p>Centrum Projekt\u00f3w Polska Cyfrowa rozpocz\u0119\u0142o nab\u00f3r wniosk\u00f3w o granty na zakup sprz\u0119tu komputerowego dla dzieci z rodzin by\u0142ych pracownik\u00f3w PGR. Celem projektu jest wsparcie rodzin popegeerowskich z dzie\u0107mi w zakresie dost\u0119pu do sprz\u0119tu komputerowego oraz dost\u0119pu do Internetu.O dofinansowanie b\u0119dzie si\u0119 ubiega\u0107 Gmina Karlino na podstawie o\u015bwiadcze\u0144 z\u0142o\u017conych przez rodzic\u00f3w uczni\u00f3w lub pe\u0142noletnich uczni\u00f3w. Dofinansowanie &hellip; <\/p>\n<p><a class=\"more-link btn\" href=\"https:\/\/zskarlino.pl\/?p=18715\">Czytaj dalej<\/a><\/p>\n","protected":false},"author":3,"featured_media":0,"comment_status":"closed","ping_status":"closed","sticky":false,"template":"","format":"standard","meta":{"footnotes":""},"categories":[3],"tags":[],"class_list":["post-18715","post","type-post","status-publish","format-standard","hentry","category-wydarzenia","item-wrap"],"_links":{"self":[{"href":"https:\/\/zskarlino.pl\/index.php?rest_route=\/wp\/v2\/posts\/18715","targetHints":{"allow":["GET"]}}],"collection":[{"href":"https:\/\/zskarlino.pl\/index.php?rest_route=\/wp\/v2\/posts"}],"about":[{"href":"https:\/\/zskarlino.pl\/index.php?rest_route=\/wp\/v2\/types\/post"}],"author":[{"embeddable":true,"href":"https:\/\/zskarlino.pl\/index.php?rest_route=\/wp\/v2\/users\/3"}],"replies":[{"embeddable":true,"href":"https:\/\/zskarlino.pl\/index.php?rest_route=%2Fwp%2Fv2%2Fcomments&post=18715"}],"version-history":[{"count":9,"href":"https:\/\/zskarlino.pl\/index.php?rest_route=\/wp\/v2\/posts\/18715\/revisions"}],"predecessor-version":[{"id":18763,"href":"https:\/\/zskarlino.pl\/index.php?rest_route=\/wp\/v2\/posts\/18715\/revisions\/18763"}],"wp:attachment":[{"href":"https:\/\/zskarlino.pl\/index.php?rest_route=%2Fwp%2Fv2%2Fmedia&parent=18715"}],"wp:term":[{"taxonomy":"category","embeddable":true,"href":"https:\/\/zskarlino.pl\/index.php?rest_route=%2Fwp%2Fv2%2Fcategories&post=18715"},{"taxonomy":"post_tag","embeddable":true,"href":"https:\/\/zskarlino.pl\/index.php?rest_route=%2Fwp%2Fv2%2Ftags&post=18715"}],"curies":[{"name":"wp","href":"https:\/\/api.w.org\/{rel}","templated":true}]}}