{"id":18642,"date":"2021-09-30T15:23:52","date_gmt":"2021-09-30T13:23:52","guid":{"rendered":"http:\/\/zskarlino.pl\/?p=18642"},"modified":"2021-10-12T04:48:20","modified_gmt":"2021-10-12T02:48:20","slug":"xx-zachodniopomorski-festiwal-nauki-w-politechnice-koszalinskiej","status":"publish","type":"post","link":"https:\/\/zskarlino.pl\/?p=18642","title":{"rendered":"XX Zachodniopomorski Festiwal Nauki w Politechnice Koszali\u0144skiej"},"content":{"rendered":"\n<p>&nbsp;&nbsp;&nbsp;&nbsp;&nbsp; Uczniowie klas drugich ZS Karlino \u2013 IITM i IITG skorzystali z zaproszenie Politechniki Koszali\u0144skiej i dnia 30.09 wzi\u0119li <strong>udzia\u0142 XX Zachodniopomorskim Festiwalu Nauki w Politechnice Koszali\u0144skiej<\/strong>. Poniewa\u017c oferta koszali\u0144skiej uczelni by\u0142a bardzo obszerna musieli\u015bmy zdecydowa\u0107 si\u0119 na uczestniczenie w warsztatach tylko na jednym z wydzia\u0142\u00f3w. Nasza m\u0142odzie\u017c wraz z opiekunami \u2013 P.Marzen\u0105 Czarnas oraz P.Mart\u0105 Ma\u0142aszy\u0144sk\u0105-\u015amierciew, uczestniczyli w warsztatach zaproponowanych przez Wydzia\u0142 Mechaniczny, dzi\u0119ki czemu mieli okazj\u0119 wzi\u0105\u0107 udzia\u0142 w: <\/p>\n\n\n\n<p>&#8211; <em>Badaniach mikrosilnik\u00f3w elektrycznych,<\/em><\/p>\n\n\n\n<figure class=\"wp-block-gallery columns-2 is-cropped wp-block-gallery-1 is-layout-flex wp-block-gallery-is-layout-flex\"><ul class=\"blocks-gallery-grid\"><li class=\"blocks-gallery-item\"><figure><img loading=\"lazy\" decoding=\"async\" width=\"1024\" height=\"768\" src=\"http:\/\/zskarlino.pl\/wp-content\/uploads\/2021\/09\/243359555_860879371454254_3484083366769295871_n-1-1024x768.jpg\" alt=\"\" data-id=\"18646\" data-full-url=\"http:\/\/zskarlino.pl\/wp-content\/uploads\/2021\/09\/243359555_860879371454254_3484083366769295871_n-1.jpg\" data-link=\"http:\/\/zskarlino.pl\/?attachment_id=18646\" class=\"wp-image-18646\" srcset=\"https:\/\/zskarlino.pl\/wp-content\/uploads\/2021\/09\/243359555_860879371454254_3484083366769295871_n-1-1024x768.jpg 1024w, https:\/\/zskarlino.pl\/wp-content\/uploads\/2021\/09\/243359555_860879371454254_3484083366769295871_n-1-300x225.jpg 300w, https:\/\/zskarlino.pl\/wp-content\/uploads\/2021\/09\/243359555_860879371454254_3484083366769295871_n-1-768x576.jpg 768w, https:\/\/zskarlino.pl\/wp-content\/uploads\/2021\/09\/243359555_860879371454254_3484083366769295871_n-1-1536x1152.jpg 1536w, https:\/\/zskarlino.pl\/wp-content\/uploads\/2021\/09\/243359555_860879371454254_3484083366769295871_n-1-750x563.jpg 750w, https:\/\/zskarlino.pl\/wp-content\/uploads\/2021\/09\/243359555_860879371454254_3484083366769295871_n-1.jpg 2048w\" sizes=\"auto, (max-width: 1024px) 100vw, 1024px\" \/><\/figure><\/li><li class=\"blocks-gallery-item\"><figure><img loading=\"lazy\" decoding=\"async\" width=\"750\" height=\"563\" src=\"http:\/\/zskarlino.pl\/wp-content\/uploads\/2021\/09\/243582827_193358019544918_1490809848261451139_n-1.jpg\" alt=\"\" data-id=\"18647\" data-full-url=\"http:\/\/zskarlino.pl\/wp-content\/uploads\/2021\/09\/243582827_193358019544918_1490809848261451139_n-1.jpg\" data-link=\"http:\/\/zskarlino.pl\/?attachment_id=18647\" class=\"wp-image-18647\" srcset=\"https:\/\/zskarlino.pl\/wp-content\/uploads\/2021\/09\/243582827_193358019544918_1490809848261451139_n-1.jpg 750w, https:\/\/zskarlino.pl\/wp-content\/uploads\/2021\/09\/243582827_193358019544918_1490809848261451139_n-1-300x225.jpg 300w\" sizes=\"auto, (max-width: 750px) 100vw, 750px\" \/><\/figure><\/li><\/ul><figcaption class=\"blocks-gallery-caption\"><sup>grupa uczni\u00f3w ZS Karlino, uczestnicz\u0105cych w warsztatach  &#8222;Badania mikrosilnik\u00f3w elektrycznych na Politechnice Koszali\u0144skiej<\/sup><\/figcaption><\/figure>\n\n\n\n<p>&#8211; <em>Obr\u00f3bce metalu przy wykorzystaniu maszyn CNC (frezarka i tokarka),<\/em><\/p>\n\n\n\n<figure class=\"wp-block-gallery columns-1 is-cropped wp-block-gallery-2 is-layout-flex wp-block-gallery-is-layout-flex\"><ul class=\"blocks-gallery-grid\"><li class=\"blocks-gallery-item\"><figure><img loading=\"lazy\" decoding=\"async\" width=\"750\" height=\"563\" src=\"http:\/\/zskarlino.pl\/wp-content\/uploads\/2021\/09\/243650856_1531202210552132_4856682705097167217_n-1.jpg\" alt=\"\" data-id=\"18651\" data-full-url=\"http:\/\/zskarlino.pl\/wp-content\/uploads\/2021\/09\/243650856_1531202210552132_4856682705097167217_n-1.jpg\" data-link=\"http:\/\/zskarlino.pl\/?attachment_id=18651\" class=\"wp-image-18651\" srcset=\"https:\/\/zskarlino.pl\/wp-content\/uploads\/2021\/09\/243650856_1531202210552132_4856682705097167217_n-1.jpg 750w, https:\/\/zskarlino.pl\/wp-content\/uploads\/2021\/09\/243650856_1531202210552132_4856682705097167217_n-1-300x225.jpg 300w\" sizes=\"auto, (max-width: 750px) 100vw, 750px\" \/><\/figure><\/li><\/ul><figcaption class=\"blocks-gallery-caption\"><sup>grupa uczni\u00f3w ZS Karlino, uczestnicz\u0105cych w warsztatach &#8222;Obr\u00f3bka metalu przy wykorzystaniu maszyn CNC (frezarka i tokarka)&#8221; na Politechnice Koszali\u0144skiej<\/sup><\/figcaption><\/figure>\n\n\n\n<p>&#8211; <em>Pokazie dzia\u0142ania turbiny wiatrowej, turbin wodnych oraz ogniw fotowoltaicznych w Laboratorium Odnawialnych \u0179r\u00f3de\u0142 Energii,<\/em><\/p>\n\n\n\n<figure class=\"wp-block-gallery columns-2 is-cropped wp-block-gallery-3 is-layout-flex wp-block-gallery-is-layout-flex\"><ul class=\"blocks-gallery-grid\"><li class=\"blocks-gallery-item\"><figure><img loading=\"lazy\" decoding=\"async\" width=\"1024\" height=\"473\" src=\"http:\/\/zskarlino.pl\/wp-content\/uploads\/2021\/09\/243334922_362430032279679_8758676948644044605_n-1024x473.jpg\" alt=\"\" data-id=\"18656\" data-full-url=\"http:\/\/zskarlino.pl\/wp-content\/uploads\/2021\/09\/243334922_362430032279679_8758676948644044605_n.jpg\" data-link=\"http:\/\/zskarlino.pl\/?attachment_id=18656\" class=\"wp-image-18656\" srcset=\"https:\/\/zskarlino.pl\/wp-content\/uploads\/2021\/09\/243334922_362430032279679_8758676948644044605_n-1024x473.jpg 1024w, https:\/\/zskarlino.pl\/wp-content\/uploads\/2021\/09\/243334922_362430032279679_8758676948644044605_n-300x138.jpg 300w, https:\/\/zskarlino.pl\/wp-content\/uploads\/2021\/09\/243334922_362430032279679_8758676948644044605_n-768x355.jpg 768w, https:\/\/zskarlino.pl\/wp-content\/uploads\/2021\/09\/243334922_362430032279679_8758676948644044605_n-750x346.jpg 750w, https:\/\/zskarlino.pl\/wp-content\/uploads\/2021\/09\/243334922_362430032279679_8758676948644044605_n.jpg 1250w\" sizes=\"auto, (max-width: 1024px) 100vw, 1024px\" \/><\/figure><\/li><li class=\"blocks-gallery-item\"><figure><img loading=\"lazy\" decoding=\"async\" width=\"1024\" height=\"473\" src=\"http:\/\/zskarlino.pl\/wp-content\/uploads\/2021\/09\/243383010_389896112679080_5621786199832754318_n-1024x473.jpg\" alt=\"\" data-id=\"18657\" data-full-url=\"http:\/\/zskarlino.pl\/wp-content\/uploads\/2021\/09\/243383010_389896112679080_5621786199832754318_n.jpg\" data-link=\"http:\/\/zskarlino.pl\/?attachment_id=18657\" class=\"wp-image-18657\" srcset=\"https:\/\/zskarlino.pl\/wp-content\/uploads\/2021\/09\/243383010_389896112679080_5621786199832754318_n-1024x473.jpg 1024w, https:\/\/zskarlino.pl\/wp-content\/uploads\/2021\/09\/243383010_389896112679080_5621786199832754318_n-300x138.jpg 300w, https:\/\/zskarlino.pl\/wp-content\/uploads\/2021\/09\/243383010_389896112679080_5621786199832754318_n-768x355.jpg 768w, https:\/\/zskarlino.pl\/wp-content\/uploads\/2021\/09\/243383010_389896112679080_5621786199832754318_n-750x346.jpg 750w, https:\/\/zskarlino.pl\/wp-content\/uploads\/2021\/09\/243383010_389896112679080_5621786199832754318_n.jpg 1250w\" sizes=\"auto, (max-width: 1024px) 100vw, 1024px\" \/><\/figure><\/li><\/ul><figcaption class=\"blocks-gallery-caption\"><sup>grupa uczni\u00f3w ZS Karlino, uczestnicz\u0105cych w  &#8222;Pokazie dzia\u0142ania turbiny wiatrowej, turbin wodnych oraz ogniw fotowoltaicznych&#8221; na Politechnice Koszali\u0144skiej<\/sup><\/figcaption><\/figure>\n\n\n\n<p><em> &#8211; Skanowanie 3D<\/em>,<\/p>\n\n\n\n<figure class=\"wp-block-gallery aligncenter columns-2 is-cropped wp-block-gallery-4 is-layout-flex wp-block-gallery-is-layout-flex\"><ul class=\"blocks-gallery-grid\"><li class=\"blocks-gallery-item\"><figure><img loading=\"lazy\" decoding=\"async\" width=\"750\" height=\"563\" src=\"http:\/\/zskarlino.pl\/wp-content\/uploads\/2021\/09\/243354558_6191146940958459_8463848507779964962_n.jpg\" alt=\"\" data-id=\"18653\" data-full-url=\"http:\/\/zskarlino.pl\/wp-content\/uploads\/2021\/09\/243354558_6191146940958459_8463848507779964962_n.jpg\" data-link=\"http:\/\/zskarlino.pl\/?attachment_id=18653\" class=\"wp-image-18653\" srcset=\"https:\/\/zskarlino.pl\/wp-content\/uploads\/2021\/09\/243354558_6191146940958459_8463848507779964962_n.jpg 750w, https:\/\/zskarlino.pl\/wp-content\/uploads\/2021\/09\/243354558_6191146940958459_8463848507779964962_n-300x225.jpg 300w\" sizes=\"auto, (max-width: 750px) 100vw, 750px\" \/><\/figure><\/li><li class=\"blocks-gallery-item\"><figure><img loading=\"lazy\" decoding=\"async\" width=\"750\" height=\"563\" src=\"http:\/\/zskarlino.pl\/wp-content\/uploads\/2021\/09\/243450843_973561233199970_4804729591523128359_n.jpg\" alt=\"\" data-id=\"18652\" data-full-url=\"http:\/\/zskarlino.pl\/wp-content\/uploads\/2021\/09\/243450843_973561233199970_4804729591523128359_n.jpg\" data-link=\"http:\/\/zskarlino.pl\/?attachment_id=18652\" class=\"wp-image-18652\" srcset=\"https:\/\/zskarlino.pl\/wp-content\/uploads\/2021\/09\/243450843_973561233199970_4804729591523128359_n.jpg 750w, https:\/\/zskarlino.pl\/wp-content\/uploads\/2021\/09\/243450843_973561233199970_4804729591523128359_n-300x225.jpg 300w\" sizes=\"auto, (max-width: 750px) 100vw, 750px\" \/><\/figure><\/li><\/ul><figcaption class=\"blocks-gallery-caption\"><sup>grupa uczni\u00f3w ZS Karlino, uczestnicz\u0105cych w  warsztatach &#8222;Skanowanie 3D&#8221; na Politechnice Koszali\u0144skiej<\/sup><\/figcaption><\/figure>\n\n\n\n<p>Wszyscy zgodnie stwierdzili, \u017ce warsztaty by\u0142y bardzo interesuj\u0105ce a nauka potrafi by\u0107 pasjonuj\u0105ca. Mamy nadziej\u0119, \u017ce w przysz\u0142ym roku r\u00f3wnie\u017c uda nam si\u0119 skorzysta\u0107 z zaproszenie Politechniki Koszali\u0144skiej.<\/p>\n\n\n\n<figure class=\"wp-block-gallery columns-1 is-cropped wp-block-gallery-5 is-layout-flex wp-block-gallery-is-layout-flex\"><ul class=\"blocks-gallery-grid\"><li class=\"blocks-gallery-item\"><figure><img loading=\"lazy\" decoding=\"async\" width=\"960\" height=\"443\" src=\"http:\/\/zskarlino.pl\/wp-content\/uploads\/2021\/09\/244099822_895621717761252_1494567756584211815_n-1.jpg\" alt=\"\" data-id=\"18665\" data-full-url=\"http:\/\/zskarlino.pl\/wp-content\/uploads\/2021\/09\/244099822_895621717761252_1494567756584211815_n-1.jpg\" data-link=\"http:\/\/zskarlino.pl\/?attachment_id=18665\" class=\"wp-image-18665\" srcset=\"https:\/\/zskarlino.pl\/wp-content\/uploads\/2021\/09\/244099822_895621717761252_1494567756584211815_n-1.jpg 960w, https:\/\/zskarlino.pl\/wp-content\/uploads\/2021\/09\/244099822_895621717761252_1494567756584211815_n-1-300x138.jpg 300w, https:\/\/zskarlino.pl\/wp-content\/uploads\/2021\/09\/244099822_895621717761252_1494567756584211815_n-1-768x354.jpg 768w, https:\/\/zskarlino.pl\/wp-content\/uploads\/2021\/09\/244099822_895621717761252_1494567756584211815_n-1-750x346.jpg 750w\" sizes=\"auto, (max-width: 960px) 100vw, 960px\" \/><\/figure><\/li><\/ul><figcaption class=\"blocks-gallery-caption\"><sup>klasa IITM i IITG na XX Zachodniopomorski Festiwal Nauki w Politechnice Koszali\u0144skiej<\/sup><\/figcaption><\/figure>\n","protected":false},"excerpt":{"rendered":"<p>&nbsp;&nbsp;&nbsp;&nbsp;&nbsp; Uczniowie klas drugich ZS Karlino \u2013 IITM i IITG skorzystali z zaproszenie Politechniki Koszali\u0144skiej i dnia 30.09 wzi\u0119li udzia\u0142 XX Zachodniopomorskim Festiwalu Nauki w Politechnice Koszali\u0144skiej. Poniewa\u017c oferta koszali\u0144skiej uczelni by\u0142a bardzo obszerna musieli\u015bmy zdecydowa\u0107 si\u0119 na uczestniczenie w warsztatach tylko na jednym z wydzia\u0142\u00f3w. Nasza m\u0142odzie\u017c wraz z opiekunami \u2013 P.Marzen\u0105 Czarnas oraz &hellip; <\/p>\n<p><a class=\"more-link btn\" href=\"https:\/\/zskarlino.pl\/?p=18642\">Czytaj dalej<\/a><\/p>\n","protected":false},"author":4,"featured_media":0,"comment_status":"closed","ping_status":"closed","sticky":false,"template":"","format":"standard","meta":{"footnotes":""},"categories":[3],"tags":[],"class_list":["post-18642","post","type-post","status-publish","format-standard","hentry","category-wydarzenia","item-wrap"],"_links":{"self":[{"href":"https:\/\/zskarlino.pl\/index.php?rest_route=\/wp\/v2\/posts\/18642","targetHints":{"allow":["GET"]}}],"collection":[{"href":"https:\/\/zskarlino.pl\/index.php?rest_route=\/wp\/v2\/posts"}],"about":[{"href":"https:\/\/zskarlino.pl\/index.php?rest_route=\/wp\/v2\/types\/post"}],"author":[{"embeddable":true,"href":"https:\/\/zskarlino.pl\/index.php?rest_route=\/wp\/v2\/users\/4"}],"replies":[{"embeddable":true,"href":"https:\/\/zskarlino.pl\/index.php?rest_route=%2Fwp%2Fv2%2Fcomments&post=18642"}],"version-history":[{"count":14,"href":"https:\/\/zskarlino.pl\/index.php?rest_route=\/wp\/v2\/posts\/18642\/revisions"}],"predecessor-version":[{"id":18728,"href":"https:\/\/zskarlino.pl\/index.php?rest_route=\/wp\/v2\/posts\/18642\/revisions\/18728"}],"wp:attachment":[{"href":"https:\/\/zskarlino.pl\/index.php?rest_route=%2Fwp%2Fv2%2Fmedia&parent=18642"}],"wp:term":[{"taxonomy":"category","embeddable":true,"href":"https:\/\/zskarlino.pl\/index.php?rest_route=%2Fwp%2Fv2%2Fcategories&post=18642"},{"taxonomy":"post_tag","embeddable":true,"href":"https:\/\/zskarlino.pl\/index.php?rest_route=%2Fwp%2Fv2%2Ftags&post=18642"}],"curies":[{"name":"wp","href":"https:\/\/api.w.org\/{rel}","templated":true}]}}