{"id":18627,"date":"2021-09-28T17:57:40","date_gmt":"2021-09-28T15:57:40","guid":{"rendered":"http:\/\/zskarlino.pl\/?p=18627"},"modified":"2021-09-30T15:27:59","modified_gmt":"2021-09-30T13:27:59","slug":"otrzesiny-klas-pierwszych-2","status":"publish","type":"post","link":"https:\/\/zskarlino.pl\/?p=18627","title":{"rendered":"Otrz\u0119siny klas pierwszych"},"content":{"rendered":"\n<p>Dnia 28 wrze\u015bnia w naszej szkole odby\u0142y si\u0119 Otrz\u0119siny Klas Pierwszych. Uroczysto\u015b\u0107 przygotowana przez uczni\u00f3w najstarszej klasy \u2013 IV TM da\u0142a mo\u017cliwo\u015b\u0107 wykazania si\u0119 pierwszakom.&nbsp;Imprez\u0119 rozpocz\u0119to \u201e \u015blubowaniem na weso\u0142o\u201d, w kt\u00f3ry pierwszaki przyrzeka\u0142y : \u201e na lekcje ucz\u0119szcza\u0107 punktualnie, szko\u0142\u0119 godnie reprezentowa\u0107 i wychowawcy stara\u0107 si\u0119 nie do\u0142owa\u0107\u201d.&nbsp;&nbsp;<\/p>\n\n\n\n<p>Uczniowie w atmosferze dobrej zabawy,&nbsp;w obecno\u015bci&nbsp;swoich wychowawc\u00f3w i starszych koleg\u00f3w, prezentowali umiej\u0119tno\u015bci artystyczno-plastyczne, sprawno\u015b\u0107 fizyczn\u0105 i\u202fintelektualn\u0105. Z niezwyk\u0142ym oddaniem i zapa\u0142em podejmowali wyzwania, rywalizuj\u0105c o\u202fzwyci\u0119stwo i tytu\u0142 najlepszej klasy.&nbsp;&nbsp;<\/p>\n\n\n\n<p>W jednej z konkurencji pierwszaczki zaprezentowali wykonane przez siebie portrety wychowawc\u00f3w. W kolejnych musieli zmierzy\u0107 si\u0119 z trudnym zadaniem zjedzenia jab\u0142ka zawieszonego na nitce, pokona\u0107 tor przeszk\u00f3d z pi\u0142k\u0105 na paletce , odgadn\u0105\u0107 tytu\u0142 filmu i udzieli\u0107 odpowiedzi na bardzo trudn\u0105 zagadk\u0119. Atmosfera rywalizacji by\u0142a tak ogromna, \u017ce jury musia\u0142o dyscyplinowa\u0107 zaanga\u017cowanych wychowawc\u00f3w. Sami wychowawcy r\u00f3wnie\u017c brali udzia\u0142 w konkurencji, w kt\u00f3rej nale\u017ca\u0142o z\u0142apa\u0107&nbsp;kijem do hokeja&nbsp;trzy&nbsp;ringa&nbsp;rzucane przez wychowank\u00f3w,.&nbsp;&nbsp;<\/p>\n\n\n\n<p>Nad prawid\u0142owym przebiegiem rywalizacji czuwa\u0142o jury sk\u0142adaj\u0105ce si\u0119&nbsp;z&nbsp;&nbsp;p. wicedyrektor Maryli Sochackiej, przewodnicz\u0105cej Rady Rodzic\u00f3w p. Moniki Dudzik oraz Filipa St\u0119pnia ucznia klasy IV TM.&nbsp;Jury miano najbardziej zgranej&nbsp;klasy przyzna\u0142o uczniom klasy 1TM.&nbsp;Drugie miejsce zaj\u0119\u0142a klasa 1 TG, a trzecie miejsce, r\u00f3wnie\u017c na podium,&nbsp;klasa 1 BSI.&nbsp;<\/p>\n\n\n\n<p>Dla uczni\u00f3w istot\u0105 konkurencji i rywalizacji by\u0142o zaprezentowanie ducha zgranej i zintegrowanej klasy. Swoim zaanga\u017cowaniem udowodnili, \u017ce potrafi\u0105 wsp\u00f3\u0142zawodniczy\u0107, zwyci\u0119\u017ca\u0107 i cieszy\u0107 si\u0119 z odniesionych sukces\u00f3w.&nbsp;&nbsp;<\/p>\n\n\n\n<p>Dyrekcja szko\u0142y wraz z gronem pedagogicznym, rad\u0105 rodzic\u00f3w i ca\u0142\u0105 spo\u0142eczno\u015bci\u0105 szko\u0142y \u017cyczy nowoprzyj\u0119tym uczniom wielu sukces\u00f3w i nieustaj\u0105cego zapa\u0142u do osi\u0105gania wysokich wynik\u00f3w w nauce.\u202f&nbsp;<\/p>\n\n\n\n<p>Pe\u0142na relacja z otrz\u0119sin na naszym fanpage. <\/p>\n\n\n\n<figure class=\"wp-block-gallery columns-3 is-cropped wp-block-gallery-1 is-layout-flex wp-block-gallery-is-layout-flex\"><ul class=\"blocks-gallery-grid\"><li class=\"blocks-gallery-item\"><figure><img loading=\"lazy\" decoding=\"async\" width=\"1024\" height=\"768\" src=\"http:\/\/zskarlino.pl\/wp-content\/uploads\/2021\/09\/MicrosoftTeams-image-11-1024x768.jpg\" alt=\"\" data-id=\"18629\" data-link=\"http:\/\/zskarlino.pl\/?attachment_id=18629\" class=\"wp-image-18629\" srcset=\"https:\/\/zskarlino.pl\/wp-content\/uploads\/2021\/09\/MicrosoftTeams-image-11-1024x768.jpg 1024w, https:\/\/zskarlino.pl\/wp-content\/uploads\/2021\/09\/MicrosoftTeams-image-11-300x225.jpg 300w, https:\/\/zskarlino.pl\/wp-content\/uploads\/2021\/09\/MicrosoftTeams-image-11-768x576.jpg 768w, https:\/\/zskarlino.pl\/wp-content\/uploads\/2021\/09\/MicrosoftTeams-image-11-1536x1152.jpg 1536w, https:\/\/zskarlino.pl\/wp-content\/uploads\/2021\/09\/MicrosoftTeams-image-11-2048x1536.jpg 2048w, https:\/\/zskarlino.pl\/wp-content\/uploads\/2021\/09\/MicrosoftTeams-image-11-750x563.jpg 750w\" sizes=\"auto, (max-width: 1024px) 100vw, 1024px\" \/><\/figure><\/li><li class=\"blocks-gallery-item\"><figure><img loading=\"lazy\" decoding=\"async\" width=\"1024\" height=\"768\" src=\"http:\/\/zskarlino.pl\/wp-content\/uploads\/2021\/09\/MicrosoftTeams-image-10-1024x768.jpg\" alt=\"\" data-id=\"18630\" data-link=\"http:\/\/zskarlino.pl\/?attachment_id=18630\" class=\"wp-image-18630\" srcset=\"https:\/\/zskarlino.pl\/wp-content\/uploads\/2021\/09\/MicrosoftTeams-image-10-1024x768.jpg 1024w, https:\/\/zskarlino.pl\/wp-content\/uploads\/2021\/09\/MicrosoftTeams-image-10-300x225.jpg 300w, https:\/\/zskarlino.pl\/wp-content\/uploads\/2021\/09\/MicrosoftTeams-image-10-768x576.jpg 768w, https:\/\/zskarlino.pl\/wp-content\/uploads\/2021\/09\/MicrosoftTeams-image-10-1536x1152.jpg 1536w, https:\/\/zskarlino.pl\/wp-content\/uploads\/2021\/09\/MicrosoftTeams-image-10-2048x1536.jpg 2048w, https:\/\/zskarlino.pl\/wp-content\/uploads\/2021\/09\/MicrosoftTeams-image-10-750x563.jpg 750w\" sizes=\"auto, (max-width: 1024px) 100vw, 1024px\" \/><\/figure><\/li><li class=\"blocks-gallery-item\"><figure><img loading=\"lazy\" decoding=\"async\" width=\"1024\" height=\"768\" src=\"http:\/\/zskarlino.pl\/wp-content\/uploads\/2021\/09\/MicrosoftTeams-image-9-1024x768.jpg\" alt=\"\" data-id=\"18631\" data-link=\"http:\/\/zskarlino.pl\/?attachment_id=18631\" class=\"wp-image-18631\" srcset=\"https:\/\/zskarlino.pl\/wp-content\/uploads\/2021\/09\/MicrosoftTeams-image-9-1024x768.jpg 1024w, https:\/\/zskarlino.pl\/wp-content\/uploads\/2021\/09\/MicrosoftTeams-image-9-300x225.jpg 300w, https:\/\/zskarlino.pl\/wp-content\/uploads\/2021\/09\/MicrosoftTeams-image-9-768x576.jpg 768w, https:\/\/zskarlino.pl\/wp-content\/uploads\/2021\/09\/MicrosoftTeams-image-9-1536x1152.jpg 1536w, https:\/\/zskarlino.pl\/wp-content\/uploads\/2021\/09\/MicrosoftTeams-image-9-2048x1536.jpg 2048w, https:\/\/zskarlino.pl\/wp-content\/uploads\/2021\/09\/MicrosoftTeams-image-9-750x563.jpg 750w\" sizes=\"auto, (max-width: 1024px) 100vw, 1024px\" \/><\/figure><\/li><li class=\"blocks-gallery-item\"><figure><img loading=\"lazy\" decoding=\"async\" width=\"1024\" height=\"768\" src=\"http:\/\/zskarlino.pl\/wp-content\/uploads\/2021\/09\/MicrosoftTeams-image-7-1024x768.jpg\" alt=\"\" data-id=\"18632\" data-link=\"http:\/\/zskarlino.pl\/?attachment_id=18632\" class=\"wp-image-18632\" srcset=\"https:\/\/zskarlino.pl\/wp-content\/uploads\/2021\/09\/MicrosoftTeams-image-7-1024x768.jpg 1024w, https:\/\/zskarlino.pl\/wp-content\/uploads\/2021\/09\/MicrosoftTeams-image-7-300x225.jpg 300w, https:\/\/zskarlino.pl\/wp-content\/uploads\/2021\/09\/MicrosoftTeams-image-7-768x576.jpg 768w, https:\/\/zskarlino.pl\/wp-content\/uploads\/2021\/09\/MicrosoftTeams-image-7-1536x1152.jpg 1536w, https:\/\/zskarlino.pl\/wp-content\/uploads\/2021\/09\/MicrosoftTeams-image-7-2048x1536.jpg 2048w, https:\/\/zskarlino.pl\/wp-content\/uploads\/2021\/09\/MicrosoftTeams-image-7-750x563.jpg 750w\" sizes=\"auto, (max-width: 1024px) 100vw, 1024px\" \/><\/figure><\/li><li class=\"blocks-gallery-item\"><figure><img loading=\"lazy\" decoding=\"async\" width=\"1024\" height=\"768\" src=\"http:\/\/zskarlino.pl\/wp-content\/uploads\/2021\/09\/MicrosoftTeams-image-6-1-1024x768.jpg\" alt=\"\" data-id=\"18635\" data-full-url=\"http:\/\/zskarlino.pl\/wp-content\/uploads\/2021\/09\/MicrosoftTeams-image-6-1-scaled.jpg\" data-link=\"http:\/\/zskarlino.pl\/?attachment_id=18635\" class=\"wp-image-18635\" srcset=\"https:\/\/zskarlino.pl\/wp-content\/uploads\/2021\/09\/MicrosoftTeams-image-6-1-1024x768.jpg 1024w, https:\/\/zskarlino.pl\/wp-content\/uploads\/2021\/09\/MicrosoftTeams-image-6-1-300x225.jpg 300w, https:\/\/zskarlino.pl\/wp-content\/uploads\/2021\/09\/MicrosoftTeams-image-6-1-768x576.jpg 768w, https:\/\/zskarlino.pl\/wp-content\/uploads\/2021\/09\/MicrosoftTeams-image-6-1-1536x1152.jpg 1536w, https:\/\/zskarlino.pl\/wp-content\/uploads\/2021\/09\/MicrosoftTeams-image-6-1-2048x1536.jpg 2048w, https:\/\/zskarlino.pl\/wp-content\/uploads\/2021\/09\/MicrosoftTeams-image-6-1-750x563.jpg 750w\" sizes=\"auto, (max-width: 1024px) 100vw, 1024px\" \/><\/figure><\/li><\/ul><figcaption class=\"blocks-gallery-caption\"><sup>Zdj\u0119cia przedstawiaj\u0105 otrz\u0119siny klas pierwszych<\/sup><\/figcaption><\/figure>\n\n\n\n<p><\/p>\n","protected":false},"excerpt":{"rendered":"<p>Dnia 28 wrze\u015bnia w naszej szkole odby\u0142y si\u0119 Otrz\u0119siny Klas Pierwszych. Uroczysto\u015b\u0107 przygotowana przez uczni\u00f3w najstarszej klasy \u2013 IV TM da\u0142a mo\u017cliwo\u015b\u0107 wykazania si\u0119 pierwszakom.&nbsp;Imprez\u0119 rozpocz\u0119to \u201e \u015blubowaniem na weso\u0142o\u201d, w kt\u00f3ry pierwszaki przyrzeka\u0142y : \u201e na lekcje ucz\u0119szcza\u0107 punktualnie, szko\u0142\u0119 godnie reprezentowa\u0107 i wychowawcy stara\u0107 si\u0119 nie do\u0142owa\u0107\u201d.&nbsp;&nbsp; Uczniowie w atmosferze dobrej zabawy,&nbsp;w obecno\u015bci&nbsp;swoich &hellip; <\/p>\n<p><a class=\"more-link btn\" href=\"https:\/\/zskarlino.pl\/?p=18627\">Czytaj dalej<\/a><\/p>\n","protected":false},"author":4,"featured_media":18632,"comment_status":"closed","ping_status":"closed","sticky":false,"template":"","format":"standard","meta":{"footnotes":""},"categories":[3],"tags":[],"class_list":["post-18627","post","type-post","status-publish","format-standard","has-post-thumbnail","hentry","category-wydarzenia","item-wrap"],"_links":{"self":[{"href":"https:\/\/zskarlino.pl\/index.php?rest_route=\/wp\/v2\/posts\/18627","targetHints":{"allow":["GET"]}}],"collection":[{"href":"https:\/\/zskarlino.pl\/index.php?rest_route=\/wp\/v2\/posts"}],"about":[{"href":"https:\/\/zskarlino.pl\/index.php?rest_route=\/wp\/v2\/types\/post"}],"author":[{"embeddable":true,"href":"https:\/\/zskarlino.pl\/index.php?rest_route=\/wp\/v2\/users\/4"}],"replies":[{"embeddable":true,"href":"https:\/\/zskarlino.pl\/index.php?rest_route=%2Fwp%2Fv2%2Fcomments&post=18627"}],"version-history":[{"count":6,"href":"https:\/\/zskarlino.pl\/index.php?rest_route=\/wp\/v2\/posts\/18627\/revisions"}],"predecessor-version":[{"id":18670,"href":"https:\/\/zskarlino.pl\/index.php?rest_route=\/wp\/v2\/posts\/18627\/revisions\/18670"}],"wp:featuredmedia":[{"embeddable":true,"href":"https:\/\/zskarlino.pl\/index.php?rest_route=\/wp\/v2\/media\/18632"}],"wp:attachment":[{"href":"https:\/\/zskarlino.pl\/index.php?rest_route=%2Fwp%2Fv2%2Fmedia&parent=18627"}],"wp:term":[{"taxonomy":"category","embeddable":true,"href":"https:\/\/zskarlino.pl\/index.php?rest_route=%2Fwp%2Fv2%2Fcategories&post=18627"},{"taxonomy":"post_tag","embeddable":true,"href":"https:\/\/zskarlino.pl\/index.php?rest_route=%2Fwp%2Fv2%2Ftags&post=18627"}],"curies":[{"name":"wp","href":"https:\/\/api.w.org\/{rel}","templated":true}]}}