{"id":18579,"date":"2021-08-31T12:27:00","date_gmt":"2021-08-31T10:27:00","guid":{"rendered":"http:\/\/zskarlino.pl\/?p=18579"},"modified":"2021-09-09T14:21:38","modified_gmt":"2021-09-09T12:21:38","slug":"szczepienia-mlodziezy","status":"publish","type":"post","link":"https:\/\/zskarlino.pl\/?p=18579","title":{"rendered":"Szczepienia m\u0142odzie\u017cy"},"content":{"rendered":"\n<p>Zgodnie z rekomendacj\u0105 Ministra Edukacji i Nauki zach\u0119camy do zapoznania si\u0119 z materia\u0142ami dotycz\u0105cymi szczepie\u0144.<br>Informujemy, \u017ce w szkole nie b\u0119dzie zorganizowany punkt szczepie\u0144, ale w przypadku ch\u0119ci skorzystania z naszej pomocy nale\u017cy z\u0142o\u017cy\u0107 wychowawcy klasy deklaracj\u0119 znajduj\u0105c\u0105 si\u0119 w za\u0142\u0105czniku do tej informacji.<br>Po ustaleniu grupy zainteresowanych, szczepienia b\u0119d\u0105 zorganizowane w  punkcie szczepie\u0144 w Karlinie. <br>O terminie b\u0119dziemy indywidualnie informowa\u0107.<\/p>\n\n\n\n<div class=\"wp-block-file\"><a href=\"http:\/\/zskarlino.pl\/wp-content\/uploads\/2021\/09\/Deklaracja_na_szczepienia.pdf\">Deklaracja na szczepienie<\/a><a href=\"http:\/\/zskarlino.pl\/wp-content\/uploads\/2021\/09\/Deklaracja_na_szczepienia.pdf\" class=\"wp-block-file__button\" download>Pobierz<\/a><\/div>\n\n\n\n<p>Za\u0142\u0105czam materia\u0142y informacyjne dotycz\u0105ce profilaktyki zdrowotnej.<\/p>\n\n\n\n<div class=\"wp-block-file\"><a href=\"http:\/\/zskarlino.pl\/wp-content\/uploads\/2021\/09\/szczepieniaprofilaktykachorobazakaznychmaterialyedukacyjne.pdf\">Profilaktyka przeciw chorobom zaka\u017anym<\/a><a href=\"http:\/\/zskarlino.pl\/wp-content\/uploads\/2021\/09\/szczepieniaprofilaktykachorobazakaznychmaterialyedukacyjne.pdf\" class=\"wp-block-file__button\" download>Pobierz<\/a><\/div>\n\n\n\n<p><a href=\"https:\/\/www.youtube.com\/watch?v=jjC5zt_elcU&amp;t=2s\" target=\"_blank\" rel=\"noopener\">https:\/\/www.youtube.com\/watch?v=jjC5zt_elcU&amp;t=2s<\/a><\/p>\n","protected":false},"excerpt":{"rendered":"<p>Zgodnie z rekomendacj\u0105 Ministra Edukacji i Nauki zach\u0119camy do zapoznania si\u0119 z materia\u0142ami dotycz\u0105cymi szczepie\u0144.Informujemy, \u017ce w szkole nie b\u0119dzie zorganizowany punkt szczepie\u0144, ale w przypadku ch\u0119ci skorzystania z naszej pomocy nale\u017cy z\u0142o\u017cy\u0107 wychowawcy klasy deklaracj\u0119 znajduj\u0105c\u0105 si\u0119 w za\u0142\u0105czniku do tej informacji.Po ustaleniu grupy zainteresowanych, szczepienia b\u0119d\u0105 zorganizowane w punkcie szczepie\u0144 w Karlinie. O &hellip; <\/p>\n<p><a class=\"more-link btn\" href=\"https:\/\/zskarlino.pl\/?p=18579\">Czytaj dalej<\/a><\/p>\n","protected":false},"author":8,"featured_media":0,"comment_status":"closed","ping_status":"closed","sticky":false,"template":"","format":"standard","meta":{"footnotes":""},"categories":[3],"tags":[],"class_list":["post-18579","post","type-post","status-publish","format-standard","hentry","category-wydarzenia","item-wrap"],"_links":{"self":[{"href":"https:\/\/zskarlino.pl\/index.php?rest_route=\/wp\/v2\/posts\/18579","targetHints":{"allow":["GET"]}}],"collection":[{"href":"https:\/\/zskarlino.pl\/index.php?rest_route=\/wp\/v2\/posts"}],"about":[{"href":"https:\/\/zskarlino.pl\/index.php?rest_route=\/wp\/v2\/types\/post"}],"author":[{"embeddable":true,"href":"https:\/\/zskarlino.pl\/index.php?rest_route=\/wp\/v2\/users\/8"}],"replies":[{"embeddable":true,"href":"https:\/\/zskarlino.pl\/index.php?rest_route=%2Fwp%2Fv2%2Fcomments&post=18579"}],"version-history":[{"count":1,"href":"https:\/\/zskarlino.pl\/index.php?rest_route=\/wp\/v2\/posts\/18579\/revisions"}],"predecessor-version":[{"id":18582,"href":"https:\/\/zskarlino.pl\/index.php?rest_route=\/wp\/v2\/posts\/18579\/revisions\/18582"}],"wp:attachment":[{"href":"https:\/\/zskarlino.pl\/index.php?rest_route=%2Fwp%2Fv2%2Fmedia&parent=18579"}],"wp:term":[{"taxonomy":"category","embeddable":true,"href":"https:\/\/zskarlino.pl\/index.php?rest_route=%2Fwp%2Fv2%2Fcategories&post=18579"},{"taxonomy":"post_tag","embeddable":true,"href":"https:\/\/zskarlino.pl\/index.php?rest_route=%2Fwp%2Fv2%2Ftags&post=18579"}],"curies":[{"name":"wp","href":"https:\/\/api.w.org\/{rel}","templated":true}]}}