{"id":18571,"date":"2021-09-03T14:42:37","date_gmt":"2021-09-03T12:42:37","guid":{"rendered":"http:\/\/zskarlino.pl\/?p=18571"},"modified":"2021-09-03T14:42:38","modified_gmt":"2021-09-03T12:42:38","slug":"zaproszenie-na-zebranie-z-rodzicami","status":"publish","type":"post","link":"https:\/\/zskarlino.pl\/?p=18571","title":{"rendered":"Zaproszenie na zebranie z rodzicami"},"content":{"rendered":"\n<p>Zapraszam serdecznie na najbli\u017csze spotkanie z rodzicami wed\u0142ug zamieszczonego poni\u017cej harmonogramu.<\/p>\n\n\n\n<figure class=\"wp-block-image size-large\"><img loading=\"lazy\" decoding=\"async\" width=\"1024\" height=\"576\" src=\"http:\/\/zskarlino.pl\/wp-content\/uploads\/2021\/09\/zebrania-wrzesien-1024x576.jpg\" alt=\"\" class=\"wp-image-18572\" srcset=\"https:\/\/zskarlino.pl\/wp-content\/uploads\/2021\/09\/zebrania-wrzesien-1024x576.jpg 1024w, https:\/\/zskarlino.pl\/wp-content\/uploads\/2021\/09\/zebrania-wrzesien-300x169.jpg 300w, https:\/\/zskarlino.pl\/wp-content\/uploads\/2021\/09\/zebrania-wrzesien-768x432.jpg 768w, https:\/\/zskarlino.pl\/wp-content\/uploads\/2021\/09\/zebrania-wrzesien-750x422.jpg 750w, https:\/\/zskarlino.pl\/wp-content\/uploads\/2021\/09\/zebrania-wrzesien.jpg 1280w\" sizes=\"auto, (max-width: 1024px) 100vw, 1024px\" \/><figcaption>grafika przedstawia harmonogram spotka\u0144 z wychowawcami we wrze\u015bniu 2021 r.<\/figcaption><\/figure>\n\n\n\n<p><br>Prosz\u0119 o przestrzeganie obowi\u0105zuj\u0105cych zasad bezpiecze\u0144stwa, a zw\u0142aszcza<br>godzin przybycia do szko\u0142y i unikania wi\u0119kszych skupisk w budynku i przed nim.<br>W szkole rekomenduje si\u0119 zakrywanie ust i nosa w przestrzeniach wsp\u00f3lnych oraz zachowanie 1,5 m dystansu. Bezpo\u015brednio po wej\u015bciu do budynku nale\u017cy zdezynfekowa\u0107 r\u0119ce i uda\u0107 si\u0119 do wyznaczonych klas. <\/p>\n\n\n\n<p class=\"has-text-align-right\">Justyna Syga<\/p>\n","protected":false},"excerpt":{"rendered":"<p>Zapraszam serdecznie na najbli\u017csze spotkanie z rodzicami wed\u0142ug zamieszczonego poni\u017cej harmonogramu. Prosz\u0119 o przestrzeganie obowi\u0105zuj\u0105cych zasad bezpiecze\u0144stwa, a zw\u0142aszczagodzin przybycia do szko\u0142y i unikania wi\u0119kszych skupisk w budynku i przed nim.W szkole rekomenduje si\u0119 zakrywanie ust i nosa w przestrzeniach wsp\u00f3lnych oraz zachowanie 1,5 m dystansu. Bezpo\u015brednio po wej\u015bciu do budynku nale\u017cy zdezynfekowa\u0107 r\u0119ce i &hellip; <\/p>\n<p><a class=\"more-link btn\" href=\"https:\/\/zskarlino.pl\/?p=18571\">Czytaj dalej<\/a><\/p>\n","protected":false},"author":8,"featured_media":0,"comment_status":"closed","ping_status":"closed","sticky":false,"template":"","format":"standard","meta":{"footnotes":""},"categories":[3],"tags":[],"class_list":["post-18571","post","type-post","status-publish","format-standard","hentry","category-wydarzenia","item-wrap"],"_links":{"self":[{"href":"https:\/\/zskarlino.pl\/index.php?rest_route=\/wp\/v2\/posts\/18571","targetHints":{"allow":["GET"]}}],"collection":[{"href":"https:\/\/zskarlino.pl\/index.php?rest_route=\/wp\/v2\/posts"}],"about":[{"href":"https:\/\/zskarlino.pl\/index.php?rest_route=\/wp\/v2\/types\/post"}],"author":[{"embeddable":true,"href":"https:\/\/zskarlino.pl\/index.php?rest_route=\/wp\/v2\/users\/8"}],"replies":[{"embeddable":true,"href":"https:\/\/zskarlino.pl\/index.php?rest_route=%2Fwp%2Fv2%2Fcomments&post=18571"}],"version-history":[{"count":1,"href":"https:\/\/zskarlino.pl\/index.php?rest_route=\/wp\/v2\/posts\/18571\/revisions"}],"predecessor-version":[{"id":18573,"href":"https:\/\/zskarlino.pl\/index.php?rest_route=\/wp\/v2\/posts\/18571\/revisions\/18573"}],"wp:attachment":[{"href":"https:\/\/zskarlino.pl\/index.php?rest_route=%2Fwp%2Fv2%2Fmedia&parent=18571"}],"wp:term":[{"taxonomy":"category","embeddable":true,"href":"https:\/\/zskarlino.pl\/index.php?rest_route=%2Fwp%2Fv2%2Fcategories&post=18571"},{"taxonomy":"post_tag","embeddable":true,"href":"https:\/\/zskarlino.pl\/index.php?rest_route=%2Fwp%2Fv2%2Ftags&post=18571"}],"curies":[{"name":"wp","href":"https:\/\/api.w.org\/{rel}","templated":true}]}}