{"id":18556,"date":"2021-08-30T17:58:10","date_gmt":"2021-08-30T15:58:10","guid":{"rendered":"http:\/\/zskarlino.pl\/?p=18556"},"modified":"2021-08-30T17:58:11","modified_gmt":"2021-08-30T15:58:11","slug":"rozpoczecie-roku-szkolnego-2021-22","status":"publish","type":"post","link":"https:\/\/zskarlino.pl\/?p=18556","title":{"rendered":"Rozpocz\u0119cie roku szkolnego 2021\/22"},"content":{"rendered":"\n<p>1 wrze\u015bnia zapraszam na spotkanie z wychowawcami klas, zgodnie z poni\u017cszym harmonogramem.<\/p>\n\n\n\n<figure class=\"wp-block-image size-large\"><img loading=\"lazy\" decoding=\"async\" width=\"1024\" height=\"576\" src=\"http:\/\/zskarlino.pl\/wp-content\/uploads\/2021\/08\/Slide1-1-1024x576.jpg\" alt=\"\" class=\"wp-image-18558\" srcset=\"https:\/\/zskarlino.pl\/wp-content\/uploads\/2021\/08\/Slide1-1-1024x576.jpg 1024w, https:\/\/zskarlino.pl\/wp-content\/uploads\/2021\/08\/Slide1-1-300x169.jpg 300w, https:\/\/zskarlino.pl\/wp-content\/uploads\/2021\/08\/Slide1-1-768x432.jpg 768w, https:\/\/zskarlino.pl\/wp-content\/uploads\/2021\/08\/Slide1-1-750x422.jpg 750w, https:\/\/zskarlino.pl\/wp-content\/uploads\/2021\/08\/Slide1-1.jpg 1280w\" sizes=\"auto, (max-width: 1024px) 100vw, 1024px\" \/><figcaption>Grafika przedstawia harmonogram rozpocz\u0119cia roku szkolnego 2021\/22<\/figcaption><\/figure>\n\n\n\n<p>Przypominam o zachowaniu si\u0119 zgodnie z obowi\u0105zuj\u0105cymi w szkole Procedurami zwi\u0105zanymi z zapobieganiem i rozprzestrzenianiem zaka\u017ceniom COVID. Przy wej\u015bciu do szko\u0142y obowi\u0105zuje dezynfekcja r\u0105k, nale\u017cy zachowywa\u0107 dystans oraz u\u017cywa\u0107 maseczek w przestrzeniach wsp\u00f3lnych.<\/p>\n\n\n\n<p>Do zobaczenia!<\/p>\n","protected":false},"excerpt":{"rendered":"<p>1 wrze\u015bnia zapraszam na spotkanie z wychowawcami klas, zgodnie z poni\u017cszym harmonogramem. Przypominam o zachowaniu si\u0119 zgodnie z obowi\u0105zuj\u0105cymi w szkole Procedurami zwi\u0105zanymi z zapobieganiem i rozprzestrzenianiem zaka\u017ceniom COVID. Przy wej\u015bciu do szko\u0142y obowi\u0105zuje dezynfekcja r\u0105k, nale\u017cy zachowywa\u0107 dystans oraz u\u017cywa\u0107 maseczek w przestrzeniach wsp\u00f3lnych. Do zobaczenia!<\/p>\n","protected":false},"author":8,"featured_media":0,"comment_status":"closed","ping_status":"closed","sticky":false,"template":"","format":"standard","meta":{"footnotes":""},"categories":[3],"tags":[],"class_list":["post-18556","post","type-post","status-publish","format-standard","hentry","category-wydarzenia","item-wrap"],"_links":{"self":[{"href":"https:\/\/zskarlino.pl\/index.php?rest_route=\/wp\/v2\/posts\/18556","targetHints":{"allow":["GET"]}}],"collection":[{"href":"https:\/\/zskarlino.pl\/index.php?rest_route=\/wp\/v2\/posts"}],"about":[{"href":"https:\/\/zskarlino.pl\/index.php?rest_route=\/wp\/v2\/types\/post"}],"author":[{"embeddable":true,"href":"https:\/\/zskarlino.pl\/index.php?rest_route=\/wp\/v2\/users\/8"}],"replies":[{"embeddable":true,"href":"https:\/\/zskarlino.pl\/index.php?rest_route=%2Fwp%2Fv2%2Fcomments&post=18556"}],"version-history":[{"count":1,"href":"https:\/\/zskarlino.pl\/index.php?rest_route=\/wp\/v2\/posts\/18556\/revisions"}],"predecessor-version":[{"id":18559,"href":"https:\/\/zskarlino.pl\/index.php?rest_route=\/wp\/v2\/posts\/18556\/revisions\/18559"}],"wp:attachment":[{"href":"https:\/\/zskarlino.pl\/index.php?rest_route=%2Fwp%2Fv2%2Fmedia&parent=18556"}],"wp:term":[{"taxonomy":"category","embeddable":true,"href":"https:\/\/zskarlino.pl\/index.php?rest_route=%2Fwp%2Fv2%2Fcategories&post=18556"},{"taxonomy":"post_tag","embeddable":true,"href":"https:\/\/zskarlino.pl\/index.php?rest_route=%2Fwp%2Fv2%2Ftags&post=18556"}],"curies":[{"name":"wp","href":"https:\/\/api.w.org\/{rel}","templated":true}]}}