{"id":18550,"date":"2021-08-30T16:35:24","date_gmt":"2021-08-30T14:35:24","guid":{"rendered":"http:\/\/zskarlino.pl\/?p=18550"},"modified":"2021-08-30T16:39:19","modified_gmt":"2021-08-30T14:39:19","slug":"internat-3","status":"publish","type":"post","link":"https:\/\/zskarlino.pl\/?p=18550","title":{"rendered":"INTERNAT"},"content":{"rendered":"\n<figure class=\"wp-block-image size-large\"><img loading=\"lazy\" decoding=\"async\" width=\"940\" height=\"788\" src=\"http:\/\/zskarlino.pl\/wp-content\/uploads\/2021\/08\/W-PONIEDZIALEK-17.08.2020-R.-SZKOLA-BEDZIE-NIECZYNNA.-1.png\" alt=\"\" class=\"wp-image-18551\" srcset=\"https:\/\/zskarlino.pl\/wp-content\/uploads\/2021\/08\/W-PONIEDZIALEK-17.08.2020-R.-SZKOLA-BEDZIE-NIECZYNNA.-1.png 940w, https:\/\/zskarlino.pl\/wp-content\/uploads\/2021\/08\/W-PONIEDZIALEK-17.08.2020-R.-SZKOLA-BEDZIE-NIECZYNNA.-1-300x251.png 300w, https:\/\/zskarlino.pl\/wp-content\/uploads\/2021\/08\/W-PONIEDZIALEK-17.08.2020-R.-SZKOLA-BEDZIE-NIECZYNNA.-1-768x644.png 768w, https:\/\/zskarlino.pl\/wp-content\/uploads\/2021\/08\/W-PONIEDZIALEK-17.08.2020-R.-SZKOLA-BEDZIE-NIECZYNNA.-1-750x629.png 750w\" sizes=\"auto, (max-width: 940px) 100vw, 940px\" \/><\/figure>\n\n\n\n<p class=\"has-text-align-center has-medium-font-size\"><span class=\"has-inline-color has-vivid-red-color\"><strong>Internat czynny od 31.08.2021 r. od godz. 15.00. <br><\/strong>Uczniowie, kt\u00f3rzy pierwszy raz b\u0119d\u0105 mieszka\u0107 w internacie, w dniu zakwaterowania musz\u0105 zg\u0142osi\u0107 si\u0119 z rodzicem w celu podpisania umowy.<\/span><\/p>\n","protected":false},"excerpt":{"rendered":"<p>Internat czynny od 31.08.2021 r. od godz. 15.00. Uczniowie, kt\u00f3rzy pierwszy raz b\u0119d\u0105 mieszka\u0107 w internacie, w dniu zakwaterowania musz\u0105 zg\u0142osi\u0107 si\u0119 z rodzicem w celu podpisania umowy.<\/p>\n","protected":false},"author":3,"featured_media":0,"comment_status":"closed","ping_status":"closed","sticky":false,"template":"","format":"standard","meta":{"footnotes":""},"categories":[4,5,2,3],"tags":[],"class_list":["post-18550","post","type-post","status-publish","format-standard","hentry","category-dla-rodzicow","category-dla-uczniow","category-ogloszenia","category-wydarzenia","item-wrap"],"_links":{"self":[{"href":"https:\/\/zskarlino.pl\/index.php?rest_route=\/wp\/v2\/posts\/18550","targetHints":{"allow":["GET"]}}],"collection":[{"href":"https:\/\/zskarlino.pl\/index.php?rest_route=\/wp\/v2\/posts"}],"about":[{"href":"https:\/\/zskarlino.pl\/index.php?rest_route=\/wp\/v2\/types\/post"}],"author":[{"embeddable":true,"href":"https:\/\/zskarlino.pl\/index.php?rest_route=\/wp\/v2\/users\/3"}],"replies":[{"embeddable":true,"href":"https:\/\/zskarlino.pl\/index.php?rest_route=%2Fwp%2Fv2%2Fcomments&post=18550"}],"version-history":[{"count":2,"href":"https:\/\/zskarlino.pl\/index.php?rest_route=\/wp\/v2\/posts\/18550\/revisions"}],"predecessor-version":[{"id":18553,"href":"https:\/\/zskarlino.pl\/index.php?rest_route=\/wp\/v2\/posts\/18550\/revisions\/18553"}],"wp:attachment":[{"href":"https:\/\/zskarlino.pl\/index.php?rest_route=%2Fwp%2Fv2%2Fmedia&parent=18550"}],"wp:term":[{"taxonomy":"category","embeddable":true,"href":"https:\/\/zskarlino.pl\/index.php?rest_route=%2Fwp%2Fv2%2Fcategories&post=18550"},{"taxonomy":"post_tag","embeddable":true,"href":"https:\/\/zskarlino.pl\/index.php?rest_route=%2Fwp%2Fv2%2Ftags&post=18550"}],"curies":[{"name":"wp","href":"https:\/\/api.w.org\/{rel}","templated":true}]}}