{"id":18543,"date":"2021-07-02T14:00:00","date_gmt":"2021-07-02T12:00:00","guid":{"rendered":"http:\/\/zskarlino.pl\/?p=18543"},"modified":"2021-08-25T12:25:06","modified_gmt":"2021-08-25T10:25:06","slug":"liczymy-sie-dla-polski","status":"publish","type":"post","link":"https:\/\/zskarlino.pl\/?p=18543","title":{"rendered":"\u201eLICZYMY SI\u0118 DLA POLSKI\u201d"},"content":{"rendered":"\n<p><strong>Przypominamy, \u017ce do dnia 30.09.2021r. \u00a0trwa obowi\u0105zkowy Powszechny Spis Ludno\u015bci i Mieszka\u0144. Dokonaj samospisu lub um\u00f3w si\u0119 na wizyt\u0119 w Gminnym Biurze Spisowym \u2013 w Urz\u0119dzie Miejskim w Karlinie tel. 094\u00a0311 95 15, 311 95 47. \u00a0Mo\u017cesz zadzwoni\u0107 r\u00f3wnie\u017c\u00a0na numer infolinii spisowej:\u00a022\u00a0279 99 99\u00a0lub zaczeka\u0107 a\u017c skontaktuje si\u0119 z tob\u0105 rachmistrz spisowy\u00a0telefonicznie poprzez nr telefonu\u00a022 828 88 88\u00a0\u00a0b\u0105d\u017a na wizycie bezpo\u015bredniej<\/strong><\/p>\n\n\n\n<div class=\"wp-block-group\"><div class=\"wp-block-group__inner-container is-layout-flow wp-block-group-is-layout-flow\">\n<figure class=\"wp-block-image size-large is-resized\"><img loading=\"lazy\" decoding=\"async\" src=\"http:\/\/zskarlino.pl\/wp-content\/uploads\/2021\/08\/spis1.jpg\" alt=\"\" class=\"wp-image-18544\" width=\"436\" height=\"626\"\/><\/figure>\n\n\n\n<figure class=\"wp-block-image size-large is-resized\"><img loading=\"lazy\" decoding=\"async\" src=\"http:\/\/zskarlino.pl\/wp-content\/uploads\/2021\/08\/spis2.jpg\" alt=\"\" class=\"wp-image-18545\" width=\"524\" height=\"679\" srcset=\"https:\/\/zskarlino.pl\/wp-content\/uploads\/2021\/08\/spis2.jpg 544w, https:\/\/zskarlino.pl\/wp-content\/uploads\/2021\/08\/spis2-231x300.jpg 231w\" sizes=\"auto, (max-width: 524px) 100vw, 524px\" \/><\/figure>\n<\/div><\/div>\n\n\n\n<p>Wi\u0119cej informacji na stronie internetowej: <br><\/p>\n\n\n\n<figure class=\"wp-block-embed-wordpress wp-block-embed is-type-wp-embed is-provider-narodowy-spis-powszechny-ludnosci-i-mieszkan-2021\"><div class=\"wp-block-embed__wrapper\">\n<blockquote class=\"wp-embedded-content\" data-secret=\"pV5LrG2Quv\"><a href=\"http:\/\/spis.gov.pl\/\" target=\"_blank\" rel=\"noopener\">Zapraszamy do udzia\u0142u w Narodowym Spisie Powszechnym!<\/a><\/blockquote><iframe loading=\"lazy\" class=\"wp-embedded-content\" sandbox=\"allow-scripts\" security=\"restricted\" style=\"position: absolute; clip: rect(1px, 1px, 1px, 1px);\" title=\"&#8222;Zapraszamy do udzia\u0142u w Narodowym Spisie Powszechnym!&#8221; &#8212; Narodowy Spis Powszechny Ludno\u015bci i Mieszka\u0144 2021\" src=\"http:\/\/spis.gov.pl\/embed\/#?secret=pV5LrG2Quv\" data-secret=\"pV5LrG2Quv\" width=\"600\" height=\"338\" frameborder=\"0\" marginwidth=\"0\" marginheight=\"0\" scrolling=\"no\"><\/iframe>\n<\/div><\/figure>\n","protected":false},"excerpt":{"rendered":"<p>Przypominamy, \u017ce do dnia 30.09.2021r. \u00a0trwa obowi\u0105zkowy Powszechny Spis Ludno\u015bci i Mieszka\u0144. Dokonaj samospisu lub um\u00f3w si\u0119 na wizyt\u0119 w Gminnym Biurze Spisowym \u2013 w Urz\u0119dzie Miejskim w Karlinie tel. 094\u00a0311 95 15, 311 95 47. \u00a0Mo\u017cesz zadzwoni\u0107 r\u00f3wnie\u017c\u00a0na numer infolinii spisowej:\u00a022\u00a0279 99 99\u00a0lub zaczeka\u0107 a\u017c skontaktuje si\u0119 z tob\u0105 rachmistrz spisowy\u00a0telefonicznie poprzez nr telefonu\u00a022 &hellip; <\/p>\n<p><a class=\"more-link btn\" href=\"https:\/\/zskarlino.pl\/?p=18543\">Czytaj dalej<\/a><\/p>\n","protected":false},"author":8,"featured_media":18544,"comment_status":"closed","ping_status":"closed","sticky":false,"template":"","format":"standard","meta":{"footnotes":""},"categories":[3],"tags":[],"class_list":["post-18543","post","type-post","status-publish","format-standard","has-post-thumbnail","hentry","category-wydarzenia","item-wrap"],"_links":{"self":[{"href":"https:\/\/zskarlino.pl\/index.php?rest_route=\/wp\/v2\/posts\/18543","targetHints":{"allow":["GET"]}}],"collection":[{"href":"https:\/\/zskarlino.pl\/index.php?rest_route=\/wp\/v2\/posts"}],"about":[{"href":"https:\/\/zskarlino.pl\/index.php?rest_route=\/wp\/v2\/types\/post"}],"author":[{"embeddable":true,"href":"https:\/\/zskarlino.pl\/index.php?rest_route=\/wp\/v2\/users\/8"}],"replies":[{"embeddable":true,"href":"https:\/\/zskarlino.pl\/index.php?rest_route=%2Fwp%2Fv2%2Fcomments&post=18543"}],"version-history":[{"count":1,"href":"https:\/\/zskarlino.pl\/index.php?rest_route=\/wp\/v2\/posts\/18543\/revisions"}],"predecessor-version":[{"id":18546,"href":"https:\/\/zskarlino.pl\/index.php?rest_route=\/wp\/v2\/posts\/18543\/revisions\/18546"}],"wp:featuredmedia":[{"embeddable":true,"href":"https:\/\/zskarlino.pl\/index.php?rest_route=\/wp\/v2\/media\/18544"}],"wp:attachment":[{"href":"https:\/\/zskarlino.pl\/index.php?rest_route=%2Fwp%2Fv2%2Fmedia&parent=18543"}],"wp:term":[{"taxonomy":"category","embeddable":true,"href":"https:\/\/zskarlino.pl\/index.php?rest_route=%2Fwp%2Fv2%2Fcategories&post=18543"},{"taxonomy":"post_tag","embeddable":true,"href":"https:\/\/zskarlino.pl\/index.php?rest_route=%2Fwp%2Fv2%2Ftags&post=18543"}],"curies":[{"name":"wp","href":"https:\/\/api.w.org\/{rel}","templated":true}]}}