{"id":18521,"date":"2021-07-05T15:00:00","date_gmt":"2021-07-05T13:00:00","guid":{"rendered":"http:\/\/zskarlino.pl\/?p=18521"},"modified":"2021-07-07T16:17:21","modified_gmt":"2021-07-07T14:17:21","slug":"wyniki-egzaminow-maturalnych-2020-21","status":"publish","type":"post","link":"https:\/\/zskarlino.pl\/?p=18521","title":{"rendered":"Wyniki egzamin\u00f3w maturalnych 2020\/21"},"content":{"rendered":"\n<p>Drodzy Absolwenci Technikum, <br>Gratulujemy niez\u0142ych \u015brednich wynik\u00f3w maturalnych!<\/p>\n\n\n\n<figure class=\"wp-block-image size-large is-resized\"><img loading=\"lazy\" decoding=\"async\" src=\"http:\/\/zskarlino.pl\/wp-content\/uploads\/2021\/07\/image-5.png\" alt=\"\" class=\"wp-image-18530\" width=\"745\" height=\"508\" srcset=\"https:\/\/zskarlino.pl\/wp-content\/uploads\/2021\/07\/image-5.png 581w, https:\/\/zskarlino.pl\/wp-content\/uploads\/2021\/07\/image-5-300x204.png 300w\" sizes=\"auto, (max-width: 745px) 100vw, 745px\" \/><figcaption><em>Grafika przedstawia wykres \u015brednich wynik\u00f3w absolwent\u00f3w Technikum<\/em><\/figcaption><\/figure>\n\n\n\n<p>Przypominamy, \u017ce wszyscy zdaj\u0105cy, kt\u00f3rzy nie zdali jednego przedmiotu maj\u0105 prawo do bezp\u0142atnej poprawki. W tym celu do poniedzia\u0142ku 12 lipca nale\u017cy z\u0142o\u017cy\u0107 w szkole wniosek o egzamin poprawkowy, kt\u00f3ry odb\u0119dzie si\u0119 24 sierpnia o godz. 9.00<br>Liczymy, \u017ce nasza zdalno\u015b\u0107 wzro\u015bnie po sesji poprawkowej!<\/p>\n\n\n\n<figure class=\"wp-block-image size-large is-resized\"><img loading=\"lazy\" decoding=\"async\" src=\"http:\/\/zskarlino.pl\/wp-content\/uploads\/2021\/07\/image-4.png\" alt=\"\" class=\"wp-image-18527\" width=\"738\" height=\"394\" srcset=\"https:\/\/zskarlino.pl\/wp-content\/uploads\/2021\/07\/image-4.png 620w, https:\/\/zskarlino.pl\/wp-content\/uploads\/2021\/07\/image-4-300x160.png 300w\" sizes=\"auto, (max-width: 738px) 100vw, 738px\" \/><figcaption><em>Grafika przedstawia wykres zdawalno\u015bci z przedmiot\u00f3w obowi\u0105zkowych<\/em><\/figcaption><\/figure>\n\n\n\n<p> <\/p>\n","protected":false},"excerpt":{"rendered":"<p>Drodzy Absolwenci Technikum, Gratulujemy niez\u0142ych \u015brednich wynik\u00f3w maturalnych! Przypominamy, \u017ce wszyscy zdaj\u0105cy, kt\u00f3rzy nie zdali jednego przedmiotu maj\u0105 prawo do bezp\u0142atnej poprawki. W tym celu do poniedzia\u0142ku 12 lipca nale\u017cy z\u0142o\u017cy\u0107 w szkole wniosek o egzamin poprawkowy, kt\u00f3ry odb\u0119dzie si\u0119 24 sierpnia o godz. 9.00Liczymy, \u017ce nasza zdalno\u015b\u0107 wzro\u015bnie po sesji poprawkowej!<\/p>\n","protected":false},"author":8,"featured_media":0,"comment_status":"closed","ping_status":"closed","sticky":false,"template":"","format":"standard","meta":{"footnotes":""},"categories":[3],"tags":[],"class_list":["post-18521","post","type-post","status-publish","format-standard","hentry","category-wydarzenia","item-wrap"],"_links":{"self":[{"href":"https:\/\/zskarlino.pl\/index.php?rest_route=\/wp\/v2\/posts\/18521","targetHints":{"allow":["GET"]}}],"collection":[{"href":"https:\/\/zskarlino.pl\/index.php?rest_route=\/wp\/v2\/posts"}],"about":[{"href":"https:\/\/zskarlino.pl\/index.php?rest_route=\/wp\/v2\/types\/post"}],"author":[{"embeddable":true,"href":"https:\/\/zskarlino.pl\/index.php?rest_route=\/wp\/v2\/users\/8"}],"replies":[{"embeddable":true,"href":"https:\/\/zskarlino.pl\/index.php?rest_route=%2Fwp%2Fv2%2Fcomments&post=18521"}],"version-history":[{"count":3,"href":"https:\/\/zskarlino.pl\/index.php?rest_route=\/wp\/v2\/posts\/18521\/revisions"}],"predecessor-version":[{"id":18531,"href":"https:\/\/zskarlino.pl\/index.php?rest_route=\/wp\/v2\/posts\/18521\/revisions\/18531"}],"wp:attachment":[{"href":"https:\/\/zskarlino.pl\/index.php?rest_route=%2Fwp%2Fv2%2Fmedia&parent=18521"}],"wp:term":[{"taxonomy":"category","embeddable":true,"href":"https:\/\/zskarlino.pl\/index.php?rest_route=%2Fwp%2Fv2%2Fcategories&post=18521"},{"taxonomy":"post_tag","embeddable":true,"href":"https:\/\/zskarlino.pl\/index.php?rest_route=%2Fwp%2Fv2%2Ftags&post=18521"}],"curies":[{"name":"wp","href":"https:\/\/api.w.org\/{rel}","templated":true}]}}