{"id":18483,"date":"2021-06-25T15:53:30","date_gmt":"2021-06-25T13:53:30","guid":{"rendered":"http:\/\/zskarlino.pl\/?p=18483"},"modified":"2021-06-25T15:53:33","modified_gmt":"2021-06-25T13:53:33","slug":"uroczystosc-zakonczenia-roku-szkolnego","status":"publish","type":"post","link":"https:\/\/zskarlino.pl\/?p=18483","title":{"rendered":"Uroczysto\u015b\u0107 Zako\u0144czenia Roku Szkolnego"},"content":{"rendered":"\n<p>Po\u017cegnali\u015bmy ten\u00a0wyj\u0105tkowy\u00a0rok szkolny.\u00a0Cieszymy si\u0119 ze wszystkich sukces\u00f3w naszych\u00a0Uczni\u00f3w\u00a0i dzi\u0119kujemy, \u017ce dzielnie stawili czo\u0142a wyzwaniom.\u00a0<br>Dzi\u0119kuj\u0119\u00a0Uczniom\u00a0i\u00a0Rodzicom, kt\u00f3rzy nas wspierali w tym trudnym czasie. Szczeg\u00f3lne podzi\u0119kowania dla Rady Rodzic\u00f3w, kt\u00f3ra pomimo ograniczonych funduszy oraz innych utrudnie\u0144 w\u0142\u0105czy\u0142a si\u0119 w szkolne imprezy (Dzie\u0144 Dziecka, Otrz\u0119siny), a tak\u017ce ufundowa\u0142a bony podarunkowe dla\u00a0wyr\u00f3\u017cnionych\u00a0uczni\u00f3w.\u00a0<br>Dzi\u0119kuj\u0119 Nauczycielom i Pracownikom administracji i obs\u0142ugi za ich wysi\u0142ek, by ten organizm szkolny sprawnie funkcjonowa\u0142 pomimo utrudnie\u0144.\u00a0\u00a0<\/p>\n\n\n\n<p>Koniec roku to czas podsumowa\u0144,\u00a0wyr\u00f3\u017cnie\u0144 dla najpracowitszych uczni\u00f3w, a\u00a0tak\u017ce\u00a0konkurs\u00f3w\u00a0i projekt\u00f3w, kt\u00f3re starali\u015bmy si\u0119 wdra\u017ca\u0107. Uczniowie uczestnicz\u0105cy w wymianie w ramach Erasmus otrzymali swoje certyfikaty\u00a0uczestnictwa.\u00a0\u00a0Najzdolniejsi przyszli\u00a0mechatronicy\u00a0z klasy I\u00a0i\u00a0II otrzymali upominki od Firmy Korpo.\u00a0\u00a0<br><\/p>\n\n\n\n<p>Gratuluj\u0119 naszym dzisiejszym Absolwentom, kt\u00f3rzy uko\u0144czyli dzi\u015b szko\u0142\u0119 i wkr\u00f3tce podejd\u0105 do swoich egzamin\u00f3w zawodowych! To ju\u017c kolejny rocznik Bran\u017cowej Szko\u0142y I stopnia&#8230; Trzymamy kciuki za egzaminy,\u00a0\u017cyczymy powodzenia przy podejmowaniu\u00a0kolejnych\u00a0wybor\u00f3w \u017cyciowych, a tych kt\u00f3rzy nadal chc\u0105 si\u0119 kszta\u0142ci\u0107 zapraszamy do naszego Liceum Og\u00f3lnokszta\u0142c\u0105cego dla Doros\u0142ych.\u00a0<\/p>\n\n\n\n<p>\u017bycz\u0119, by\u00a0czas wakacji by\u0142\u00a0wolny od wszelkich trosk, pe\u0142en s\u0142o\u0144ca i rado\u015bci, ale przede wszystkim niech towarzyszy\u00a0Wam, drodzy Uczniowie zdrowy rozs\u0105dek, by by\u0142 to czas sp\u0119dzony\u00a0bezpiecznie gdziekolwiek b\u0119dziecie! Do zobaczenia!\u00a0\u00a0\u00a0<\/p>\n\n\n\n<p>Na naszym szkolnym FB znajdziecie galeri\u0119 zdj\u0119\u0107 z dzisiejszego wydarzenia.\u00a0<\/p>\n\n\n\n<p class=\"has-text-align-right\">Justyna Syga<\/p>\n\n\n\n<p>W za\u0142\u0105czeniu listy od Ministra Edukacji Narodowej oraz Zachodniopomorskiego Kuratora O\u015bwiaty.\u00a0Zach\u0119cam do lektury.\u00a0<\/p>\n\n\n\n<div class=\"wp-block-file\"><a href=\"http:\/\/zskarlino.pl\/wp-content\/uploads\/2021\/06\/listministranazakonczeniezajecdydaktycznowychowawczych20202021-1.pdf\">List Ministra na zako\u0144czenie zaj\u0119\u0107 dydaktyczno-wychowawczych20202021-1<\/a><a href=\"http:\/\/zskarlino.pl\/wp-content\/uploads\/2021\/06\/listministranazakonczeniezajecdydaktycznowychowawczych20202021-1.pdf\" class=\"wp-block-file__button\" download>Pobierz<\/a><\/div>\n\n\n\n<div class=\"wp-block-file\"><a href=\"http:\/\/zskarlino.pl\/wp-content\/uploads\/2021\/06\/List-Zachodniopomorskiego-Kuratora-Oswiaty-z-okazji-zakonczenia-roku-szkolnego-2020_2021-PDF-2.pdf\">List-Zachodniopomorskiego-Kuratora-Oswiaty-z-okazji-zakonczenia-roku-szkolnego-2020_2021-PDF-2<\/a><a href=\"http:\/\/zskarlino.pl\/wp-content\/uploads\/2021\/06\/List-Zachodniopomorskiego-Kuratora-Oswiaty-z-okazji-zakonczenia-roku-szkolnego-2020_2021-PDF-2.pdf\" class=\"wp-block-file__button\" download>Pobierz<\/a><\/div>\n\n\n\n<figure class=\"wp-block-gallery columns-3 is-cropped wp-block-gallery-1 is-layout-flex wp-block-gallery-is-layout-flex\"><ul class=\"blocks-gallery-grid\"><li class=\"blocks-gallery-item\"><figure><img loading=\"lazy\" decoding=\"async\" width=\"1024\" height=\"641\" src=\"http:\/\/zskarlino.pl\/wp-content\/uploads\/2021\/06\/wyroznienia-klasy-II-1-1024x641.jpg\" alt=\"\" data-id=\"18497\" data-full-url=\"http:\/\/zskarlino.pl\/wp-content\/uploads\/2021\/06\/wyroznienia-klasy-II-1-scaled.jpg\" data-link=\"http:\/\/zskarlino.pl\/?attachment_id=18497\" class=\"wp-image-18497\" srcset=\"https:\/\/zskarlino.pl\/wp-content\/uploads\/2021\/06\/wyroznienia-klasy-II-1-1024x641.jpg 1024w, https:\/\/zskarlino.pl\/wp-content\/uploads\/2021\/06\/wyroznienia-klasy-II-1-300x188.jpg 300w, https:\/\/zskarlino.pl\/wp-content\/uploads\/2021\/06\/wyroznienia-klasy-II-1-768x481.jpg 768w, https:\/\/zskarlino.pl\/wp-content\/uploads\/2021\/06\/wyroznienia-klasy-II-1-1536x961.jpg 1536w, https:\/\/zskarlino.pl\/wp-content\/uploads\/2021\/06\/wyroznienia-klasy-II-1-2048x1281.jpg 2048w, https:\/\/zskarlino.pl\/wp-content\/uploads\/2021\/06\/wyroznienia-klasy-II-1-750x469.jpg 750w\" sizes=\"auto, (max-width: 1024px) 100vw, 1024px\" \/><\/figure><\/li><li class=\"blocks-gallery-item\"><figure><img loading=\"lazy\" decoding=\"async\" width=\"1024\" height=\"576\" src=\"http:\/\/zskarlino.pl\/wp-content\/uploads\/2021\/06\/wyroznienia-klasy-I-1024x576.jpg\" alt=\"\" data-id=\"18495\" data-link=\"http:\/\/zskarlino.pl\/?attachment_id=18495\" class=\"wp-image-18495\" srcset=\"https:\/\/zskarlino.pl\/wp-content\/uploads\/2021\/06\/wyroznienia-klasy-I-1024x576.jpg 1024w, https:\/\/zskarlino.pl\/wp-content\/uploads\/2021\/06\/wyroznienia-klasy-I-300x169.jpg 300w, https:\/\/zskarlino.pl\/wp-content\/uploads\/2021\/06\/wyroznienia-klasy-I-768x432.jpg 768w, https:\/\/zskarlino.pl\/wp-content\/uploads\/2021\/06\/wyroznienia-klasy-I-1536x864.jpg 1536w, https:\/\/zskarlino.pl\/wp-content\/uploads\/2021\/06\/wyroznienia-klasy-I-2048x1152.jpg 2048w, https:\/\/zskarlino.pl\/wp-content\/uploads\/2021\/06\/wyroznienia-klasy-I-750x422.jpg 750w\" sizes=\"auto, (max-width: 1024px) 100vw, 1024px\" \/><\/figure><\/li><li class=\"blocks-gallery-item\"><figure><img loading=\"lazy\" decoding=\"async\" width=\"1024\" height=\"461\" src=\"http:\/\/zskarlino.pl\/wp-content\/uploads\/2021\/06\/erasmus-1024x461.jpg\" alt=\"\" data-id=\"18490\" data-link=\"http:\/\/zskarlino.pl\/?attachment_id=18490\" class=\"wp-image-18490\" srcset=\"https:\/\/zskarlino.pl\/wp-content\/uploads\/2021\/06\/erasmus-1024x461.jpg 1024w, https:\/\/zskarlino.pl\/wp-content\/uploads\/2021\/06\/erasmus-300x135.jpg 300w, https:\/\/zskarlino.pl\/wp-content\/uploads\/2021\/06\/erasmus-768x346.jpg 768w, https:\/\/zskarlino.pl\/wp-content\/uploads\/2021\/06\/erasmus-1536x692.jpg 1536w, https:\/\/zskarlino.pl\/wp-content\/uploads\/2021\/06\/erasmus-2048x922.jpg 2048w, https:\/\/zskarlino.pl\/wp-content\/uploads\/2021\/06\/erasmus-750x338.jpg 750w\" sizes=\"auto, (max-width: 1024px) 100vw, 1024px\" \/><\/figure><\/li><li class=\"blocks-gallery-item\"><figure><img loading=\"lazy\" decoding=\"async\" width=\"1024\" height=\"576\" src=\"http:\/\/zskarlino.pl\/wp-content\/uploads\/2021\/06\/absolwenci-IIIBSI-1024x576.jpg\" alt=\"\" data-id=\"18489\" data-link=\"http:\/\/zskarlino.pl\/?attachment_id=18489\" class=\"wp-image-18489\" srcset=\"https:\/\/zskarlino.pl\/wp-content\/uploads\/2021\/06\/absolwenci-IIIBSI-1024x576.jpg 1024w, https:\/\/zskarlino.pl\/wp-content\/uploads\/2021\/06\/absolwenci-IIIBSI-300x169.jpg 300w, https:\/\/zskarlino.pl\/wp-content\/uploads\/2021\/06\/absolwenci-IIIBSI-768x432.jpg 768w, https:\/\/zskarlino.pl\/wp-content\/uploads\/2021\/06\/absolwenci-IIIBSI-1536x864.jpg 1536w, https:\/\/zskarlino.pl\/wp-content\/uploads\/2021\/06\/absolwenci-IIIBSI-2048x1152.jpg 2048w, https:\/\/zskarlino.pl\/wp-content\/uploads\/2021\/06\/absolwenci-IIIBSI-750x422.jpg 750w\" sizes=\"auto, (max-width: 1024px) 100vw, 1024px\" \/><\/figure><\/li><li class=\"blocks-gallery-item\"><figure><img loading=\"lazy\" decoding=\"async\" width=\"1024\" height=\"576\" src=\"http:\/\/zskarlino.pl\/wp-content\/uploads\/2021\/06\/GrupaI-1024x576.jpg\" alt=\"\" data-id=\"18491\" data-link=\"http:\/\/zskarlino.pl\/?attachment_id=18491\" class=\"wp-image-18491\" srcset=\"https:\/\/zskarlino.pl\/wp-content\/uploads\/2021\/06\/GrupaI-1024x576.jpg 1024w, https:\/\/zskarlino.pl\/wp-content\/uploads\/2021\/06\/GrupaI-300x169.jpg 300w, https:\/\/zskarlino.pl\/wp-content\/uploads\/2021\/06\/GrupaI-768x432.jpg 768w, https:\/\/zskarlino.pl\/wp-content\/uploads\/2021\/06\/GrupaI-1536x864.jpg 1536w, https:\/\/zskarlino.pl\/wp-content\/uploads\/2021\/06\/GrupaI-2048x1152.jpg 2048w, https:\/\/zskarlino.pl\/wp-content\/uploads\/2021\/06\/GrupaI-750x422.jpg 750w\" sizes=\"auto, (max-width: 1024px) 100vw, 1024px\" \/><\/figure><\/li><li class=\"blocks-gallery-item\"><figure><img loading=\"lazy\" decoding=\"async\" width=\"1024\" height=\"576\" src=\"http:\/\/zskarlino.pl\/wp-content\/uploads\/2021\/06\/GrupaII-1024x576.jpg\" alt=\"\" data-id=\"18492\" data-link=\"http:\/\/zskarlino.pl\/?attachment_id=18492\" class=\"wp-image-18492\" srcset=\"https:\/\/zskarlino.pl\/wp-content\/uploads\/2021\/06\/GrupaII-1024x576.jpg 1024w, https:\/\/zskarlino.pl\/wp-content\/uploads\/2021\/06\/GrupaII-300x169.jpg 300w, https:\/\/zskarlino.pl\/wp-content\/uploads\/2021\/06\/GrupaII-768x432.jpg 768w, https:\/\/zskarlino.pl\/wp-content\/uploads\/2021\/06\/GrupaII-1536x864.jpg 1536w, https:\/\/zskarlino.pl\/wp-content\/uploads\/2021\/06\/GrupaII-2048x1152.jpg 2048w, https:\/\/zskarlino.pl\/wp-content\/uploads\/2021\/06\/GrupaII-750x422.jpg 750w\" sizes=\"auto, (max-width: 1024px) 100vw, 1024px\" \/><\/figure><\/li><li class=\"blocks-gallery-item\"><figure><img loading=\"lazy\" decoding=\"async\" width=\"750\" height=\"347\" src=\"http:\/\/zskarlino.pl\/wp-content\/uploads\/2021\/06\/Korpo1.jpg\" alt=\"\" data-id=\"18493\" data-link=\"http:\/\/zskarlino.pl\/?attachment_id=18493\" class=\"wp-image-18493\" srcset=\"https:\/\/zskarlino.pl\/wp-content\/uploads\/2021\/06\/Korpo1.jpg 750w, https:\/\/zskarlino.pl\/wp-content\/uploads\/2021\/06\/Korpo1-300x139.jpg 300w\" sizes=\"auto, (max-width: 750px) 100vw, 750px\" \/><\/figure><\/li><li class=\"blocks-gallery-item\"><figure><img loading=\"lazy\" decoding=\"async\" width=\"867\" height=\"401\" src=\"http:\/\/zskarlino.pl\/wp-content\/uploads\/2021\/06\/Korpo2.jpg\" alt=\"\" data-id=\"18494\" data-link=\"http:\/\/zskarlino.pl\/?attachment_id=18494\" class=\"wp-image-18494\" srcset=\"https:\/\/zskarlino.pl\/wp-content\/uploads\/2021\/06\/Korpo2.jpg 867w, https:\/\/zskarlino.pl\/wp-content\/uploads\/2021\/06\/Korpo2-300x139.jpg 300w, https:\/\/zskarlino.pl\/wp-content\/uploads\/2021\/06\/Korpo2-768x355.jpg 768w, https:\/\/zskarlino.pl\/wp-content\/uploads\/2021\/06\/Korpo2-750x347.jpg 750w\" sizes=\"auto, (max-width: 867px) 100vw, 867px\" \/><\/figure><\/li><\/ul><figcaption class=\"blocks-gallery-caption\">Galeria zdj\u0119\u0107 z Zako\u0144czenia Roku Szkolnego &#8211; Uczniowie wyr\u00f3\u017cnieni na poziomach,  uczestnicy Projektu Erasmus+, absolwenci BSI oraz Uczniowie wyr\u00f3\u017cnieni przez firm\u0119 KORPO<\/figcaption><\/figure>\n\n\n\n<p><\/p>\n","protected":false},"excerpt":{"rendered":"<p>Po\u017cegnali\u015bmy ten\u00a0wyj\u0105tkowy\u00a0rok szkolny.\u00a0Cieszymy si\u0119 ze wszystkich sukces\u00f3w naszych\u00a0Uczni\u00f3w\u00a0i dzi\u0119kujemy, \u017ce dzielnie stawili czo\u0142a wyzwaniom.\u00a0Dzi\u0119kuj\u0119\u00a0Uczniom\u00a0i\u00a0Rodzicom, kt\u00f3rzy nas wspierali w tym trudnym czasie. Szczeg\u00f3lne podzi\u0119kowania dla Rady Rodzic\u00f3w, kt\u00f3ra pomimo ograniczonych funduszy oraz innych utrudnie\u0144 w\u0142\u0105czy\u0142a si\u0119 w szkolne imprezy (Dzie\u0144 Dziecka, Otrz\u0119siny), a tak\u017ce ufundowa\u0142a bony podarunkowe dla\u00a0wyr\u00f3\u017cnionych\u00a0uczni\u00f3w.\u00a0Dzi\u0119kuj\u0119 Nauczycielom i Pracownikom administracji i obs\u0142ugi za ich &hellip; <\/p>\n<p><a class=\"more-link btn\" href=\"https:\/\/zskarlino.pl\/?p=18483\">Czytaj dalej<\/a><\/p>\n","protected":false},"author":8,"featured_media":0,"comment_status":"closed","ping_status":"closed","sticky":false,"template":"","format":"standard","meta":{"footnotes":""},"categories":[3],"tags":[],"class_list":["post-18483","post","type-post","status-publish","format-standard","hentry","category-wydarzenia","item-wrap"],"_links":{"self":[{"href":"https:\/\/zskarlino.pl\/index.php?rest_route=\/wp\/v2\/posts\/18483","targetHints":{"allow":["GET"]}}],"collection":[{"href":"https:\/\/zskarlino.pl\/index.php?rest_route=\/wp\/v2\/posts"}],"about":[{"href":"https:\/\/zskarlino.pl\/index.php?rest_route=\/wp\/v2\/types\/post"}],"author":[{"embeddable":true,"href":"https:\/\/zskarlino.pl\/index.php?rest_route=\/wp\/v2\/users\/8"}],"replies":[{"embeddable":true,"href":"https:\/\/zskarlino.pl\/index.php?rest_route=%2Fwp%2Fv2%2Fcomments&post=18483"}],"version-history":[{"count":1,"href":"https:\/\/zskarlino.pl\/index.php?rest_route=\/wp\/v2\/posts\/18483\/revisions"}],"predecessor-version":[{"id":18498,"href":"https:\/\/zskarlino.pl\/index.php?rest_route=\/wp\/v2\/posts\/18483\/revisions\/18498"}],"wp:attachment":[{"href":"https:\/\/zskarlino.pl\/index.php?rest_route=%2Fwp%2Fv2%2Fmedia&parent=18483"}],"wp:term":[{"taxonomy":"category","embeddable":true,"href":"https:\/\/zskarlino.pl\/index.php?rest_route=%2Fwp%2Fv2%2Fcategories&post=18483"},{"taxonomy":"post_tag","embeddable":true,"href":"https:\/\/zskarlino.pl\/index.php?rest_route=%2Fwp%2Fv2%2Ftags&post=18483"}],"curies":[{"name":"wp","href":"https:\/\/api.w.org\/{rel}","templated":true}]}}