{"id":18459,"date":"2021-06-22T20:53:00","date_gmt":"2021-06-22T18:53:00","guid":{"rendered":"http:\/\/zskarlino.pl\/?p=18459"},"modified":"2021-06-23T20:54:31","modified_gmt":"2021-06-23T18:54:31","slug":"rozstrzygniecie-konkursu-szkola-w-moich-oczach","status":"publish","type":"post","link":"https:\/\/zskarlino.pl\/?p=18459","title":{"rendered":"Rozstrzygni\u0119cie konkursu &#8222;Szko\u0142a w moich oczach&#8221;"},"content":{"rendered":"\n<p>Mamy zaszczyt poinformowa\u0107, i\u017c zgodnie z regulaminem,&nbsp;nast\u0105pi\u0142o rozstrzygni\u0119cie konkursu \u201cSzko\u0142a&nbsp;w moich oczach\u201d.&nbsp;&nbsp;<\/p>\n\n\n\n<p><strong>Zwyci\u0119zcami okazali si\u0119:&nbsp;<\/strong><\/p>\n\n\n\n<ol class=\"wp-block-list\"><li><span style=\"color:#0a0c44\" class=\"has-inline-color\"><strong>miejsce<\/strong> &#8211; <strong>Martyna Bagi\u0144ska &#8211; klasa  2&nbsp;TGa&nbsp;<\/strong><\/span><\/li><\/ol>\n\n\n\n<ol class=\"wp-block-list\" start=\"2\"><li><span style=\"color:#090e49\" class=\"has-inline-color\"><strong>miejsce <\/strong>&#8211; <strong>Ivan&nbsp;Makhynenko&nbsp;&#8211; klasa 1 TG&nbsp;<\/strong><\/span><\/li><\/ol>\n\n\n\n<ol class=\"wp-block-list\" start=\"3\"><li><span style=\"color:#08184c\" class=\"has-inline-color\"><strong>miejsce <\/strong>&#8211; <strong>Natalia Statkiewicz &#8211; klasa 1 TG&nbsp;<\/strong><\/span><\/li><\/ol>\n\n\n\n<figure class=\"wp-block-image size-large\"><img loading=\"lazy\" decoding=\"async\" width=\"835\" height=\"1024\" src=\"http:\/\/zskarlino.pl\/wp-content\/uploads\/2021\/06\/IMG_20210623_141947577-835x1024.jpg\" alt=\"\" class=\"wp-image-18460\" srcset=\"https:\/\/zskarlino.pl\/wp-content\/uploads\/2021\/06\/IMG_20210623_141947577-835x1024.jpg 835w, https:\/\/zskarlino.pl\/wp-content\/uploads\/2021\/06\/IMG_20210623_141947577-245x300.jpg 245w, https:\/\/zskarlino.pl\/wp-content\/uploads\/2021\/06\/IMG_20210623_141947577-768x942.jpg 768w, https:\/\/zskarlino.pl\/wp-content\/uploads\/2021\/06\/IMG_20210623_141947577-1253x1536.jpg 1253w, https:\/\/zskarlino.pl\/wp-content\/uploads\/2021\/06\/IMG_20210623_141947577-1670x2048.jpg 1670w, https:\/\/zskarlino.pl\/wp-content\/uploads\/2021\/06\/IMG_20210623_141947577-750x920.jpg 750w\" sizes=\"auto, (max-width: 835px) 100vw, 835px\" \/><figcaption>Zdj\u0119cie przedstawi nagrody w konkursie: pami\u0105tkowe kubki, karty podarunkowe oraz dyplomy<\/figcaption><\/figure>\n\n\n\n<p>Nagrody, kt\u00f3re zosta\u0142y ufundowane przez&nbsp;<em>Agencj\u0119 Pracy LAVOROS Dawid Rudnicki,<\/em>&nbsp;zostan\u0105 wr\u0119czone na uroczysto\u015bci zako\u0144czenia roku szkolnego. Zdradzimy tajemnic\u0119, \u017ce s\u0105 to pami\u0105tkowe kubki oraz karty podarunkowe.&nbsp;<\/p>\n\n\n\n<p>&nbsp;&nbsp;&nbsp; Serdecznie gratulujemy naszym uzdolnionym uczniom i \u017cyczymy dalszych sukces\u00f3w.&nbsp;&nbsp;<\/p>\n\n\n\n<p class=\"has-text-align-right\">Gra\u017cyna&nbsp;Chwieduk<br>Dorota Olszewska&nbsp;<\/p>\n","protected":false},"excerpt":{"rendered":"<p>Mamy zaszczyt poinformowa\u0107, i\u017c zgodnie z regulaminem,&nbsp;nast\u0105pi\u0142o rozstrzygni\u0119cie konkursu \u201cSzko\u0142a&nbsp;w moich oczach\u201d.&nbsp;&nbsp; Zwyci\u0119zcami okazali si\u0119:&nbsp; miejsce &#8211; Martyna Bagi\u0144ska &#8211; klasa 2&nbsp;TGa&nbsp; miejsce &#8211; Ivan&nbsp;Makhynenko&nbsp;&#8211; klasa 1 TG&nbsp; miejsce &#8211; Natalia Statkiewicz &#8211; klasa 1 TG&nbsp; Nagrody, kt\u00f3re zosta\u0142y ufundowane przez&nbsp;Agencj\u0119 Pracy LAVOROS Dawid Rudnicki,&nbsp;zostan\u0105 wr\u0119czone na uroczysto\u015bci zako\u0144czenia roku szkolnego. Zdradzimy tajemnic\u0119, \u017ce s\u0105 &hellip; <\/p>\n<p><a class=\"more-link btn\" href=\"https:\/\/zskarlino.pl\/?p=18459\">Czytaj dalej<\/a><\/p>\n","protected":false},"author":3,"featured_media":0,"comment_status":"closed","ping_status":"closed","sticky":false,"template":"","format":"standard","meta":{"footnotes":""},"categories":[3],"tags":[],"class_list":["post-18459","post","type-post","status-publish","format-standard","hentry","category-wydarzenia","item-wrap"],"_links":{"self":[{"href":"https:\/\/zskarlino.pl\/index.php?rest_route=\/wp\/v2\/posts\/18459","targetHints":{"allow":["GET"]}}],"collection":[{"href":"https:\/\/zskarlino.pl\/index.php?rest_route=\/wp\/v2\/posts"}],"about":[{"href":"https:\/\/zskarlino.pl\/index.php?rest_route=\/wp\/v2\/types\/post"}],"author":[{"embeddable":true,"href":"https:\/\/zskarlino.pl\/index.php?rest_route=\/wp\/v2\/users\/3"}],"replies":[{"embeddable":true,"href":"https:\/\/zskarlino.pl\/index.php?rest_route=%2Fwp%2Fv2%2Fcomments&post=18459"}],"version-history":[{"count":3,"href":"https:\/\/zskarlino.pl\/index.php?rest_route=\/wp\/v2\/posts\/18459\/revisions"}],"predecessor-version":[{"id":18464,"href":"https:\/\/zskarlino.pl\/index.php?rest_route=\/wp\/v2\/posts\/18459\/revisions\/18464"}],"wp:attachment":[{"href":"https:\/\/zskarlino.pl\/index.php?rest_route=%2Fwp%2Fv2%2Fmedia&parent=18459"}],"wp:term":[{"taxonomy":"category","embeddable":true,"href":"https:\/\/zskarlino.pl\/index.php?rest_route=%2Fwp%2Fv2%2Fcategories&post=18459"},{"taxonomy":"post_tag","embeddable":true,"href":"https:\/\/zskarlino.pl\/index.php?rest_route=%2Fwp%2Fv2%2Ftags&post=18459"}],"curies":[{"name":"wp","href":"https:\/\/api.w.org\/{rel}","templated":true}]}}