{"id":18452,"date":"2021-06-22T22:00:17","date_gmt":"2021-06-22T20:00:17","guid":{"rendered":"http:\/\/zskarlino.pl\/?p=18452"},"modified":"2021-06-23T20:54:52","modified_gmt":"2021-06-23T18:54:52","slug":"zakonczenie-roku-szkolnego-2020-21","status":"publish","type":"post","link":"https:\/\/zskarlino.pl\/?p=18452","title":{"rendered":"Zako\u0144czenie roku szkolnego 2020\/21"},"content":{"rendered":"\n<p>Drodzy Uczniowie,<br>Serdecznie zapraszam Was na uroczyste zako\u0144czenie Roku Szkolnego w <strong>dniu 25 czerwca 2021 r.<\/strong> wed\u0142ug poni\u017cszego harmonogramu:<\/p>\n\n\n\n<p><strong>Godz. 9.00&nbsp;<\/strong><\/p>\n\n\n\n<figure class=\"wp-block-table\"><table><tbody><tr><td><strong>oddzia\u0142<\/strong>&nbsp;<\/td><td><strong>wychowawca<\/strong>&nbsp;<\/td><td><strong>klasa<\/strong>&nbsp;<\/td><\/tr><tr><td>II&nbsp;TGa&nbsp;<\/td><td><strong>Gra\u017cyna&nbsp;Chwieduk<\/strong>&nbsp;<\/td><td>107&nbsp;<\/td><\/tr><tr><td>II TGb&nbsp;<\/td><td><strong>Renata&nbsp;Piszak-Walczykowska<\/strong>&nbsp;<\/td><td>1&nbsp;<\/td><\/tr><tr><td>II TMa&nbsp;<\/td><td><strong>Ireneusz&nbsp;Tyborski<\/strong>&nbsp;<\/td><td>106&nbsp;<\/td><\/tr><tr><td>II TMb&nbsp;<\/td><td><strong>Marzena&nbsp;Czarnas<\/strong>&nbsp;<\/td><td>103&nbsp;<\/td><\/tr><tr><td>II&nbsp;BSIb&nbsp;<\/td><td><strong>Beata&nbsp;Kad\u0142ubowska<\/strong>&nbsp;<\/td><td>202&nbsp;<\/td><\/tr><tr><td>II BSIc&nbsp;<\/td><td><strong>Renata&nbsp;Jagu\u015bcik-Rudnicka<\/strong>&nbsp;<\/td><td>3&nbsp;<\/td><\/tr><\/tbody><\/table><\/figure>\n\n\n\n<p><strong>Godz. 10.00<\/strong>&nbsp;<\/p>\n\n\n\n<figure class=\"wp-block-table\"><table><tbody><tr><td><strong>oddzia\u0142<\/strong>&nbsp;<\/td><td><strong>wychowawca<\/strong>&nbsp;<\/td><td><strong>klasa<\/strong>&nbsp;<\/td><\/tr><tr><td>I&nbsp;TG&nbsp;<\/td><td><strong>Anna&nbsp;Rusiecka<\/strong>&nbsp;<\/td><td>102&nbsp;<\/td><\/tr><tr><td>I&nbsp;TM&nbsp;<\/td><td><strong>Marta&nbsp;Ma\u0142aszy\u0144ska-\u015amierciew<\/strong>&nbsp;<\/td><td>2&nbsp;<\/td><\/tr><tr><td>III&nbsp;TM&nbsp;<\/td><td><strong>Emilia&nbsp;Marunowska<\/strong>&nbsp;<\/td><td>5&nbsp;<\/td><\/tr><tr><td>I&nbsp;BSI&nbsp;<\/td><td><strong>Magdalena&nbsp;Mali\u0144ska<\/strong>&nbsp;<\/td><td>3&nbsp;<\/td><\/tr><tr><td>II&nbsp;BSI&nbsp;a&nbsp;<\/td><td><strong>Marzena&nbsp;Czarnas<\/strong>&nbsp;<\/td><td>103&nbsp;<\/td><\/tr><tr><td>III&nbsp;BSI&nbsp;<\/td><td><strong>Ludmy\u0142a&nbsp;Zamiszczak<\/strong>&nbsp;<\/td><td>6&nbsp;<\/td><\/tr><\/tbody><\/table><\/figure>\n\n\n\n<p>Uczniowie spotykaj\u0105 si\u0119 z wychowawcami w wyznaczonych klasach, je\u017celi pogoda na to pozwoli w dw\u00f3ch grupach spotkamy si\u0119 na szkolnym boisku. <br>Przypominam o wci\u0105\u017c obowi\u0105zuj\u0105cym re\u017cimie sanitarnym. Prosz\u0119 o dezynfekcj\u0119 r\u0105k przy wej\u015bciu do szko\u0142y, u\u017cywanie maseczek i zachowywanie dystansu w miejscach wsp\u00f3lnych.<\/p>\n\n\n\n<p>Jednocze\u015bnie informujemy, \u017ce msza \u015bwi\u0119ta dzi\u0119kczynna w zwi\u0105zku z Zako\u0144czeniem Roku Szkolnego oraz z pro\u015bb\u0105 o bezpieczne wakacje odb\u0119dzie si\u0119 w ko\u015bciele parafialnym o godz. 8.00. <\/p>\n\n\n\n<p class=\"has-text-align-right\">Justyna Syga<\/p>\n","protected":false},"excerpt":{"rendered":"<p>Drodzy Uczniowie,Serdecznie zapraszam Was na uroczyste zako\u0144czenie Roku Szkolnego w dniu 25 czerwca 2021 r. wed\u0142ug poni\u017cszego harmonogramu: Godz. 9.00&nbsp; oddzia\u0142&nbsp; wychowawca&nbsp; klasa&nbsp; II&nbsp;TGa&nbsp; Gra\u017cyna&nbsp;Chwieduk&nbsp; 107&nbsp; II TGb&nbsp; Renata&nbsp;Piszak-Walczykowska&nbsp; 1&nbsp; II TMa&nbsp; Ireneusz&nbsp;Tyborski&nbsp; 106&nbsp; II TMb&nbsp; Marzena&nbsp;Czarnas&nbsp; 103&nbsp; II&nbsp;BSIb&nbsp; Beata&nbsp;Kad\u0142ubowska&nbsp; 202&nbsp; II BSIc&nbsp; Renata&nbsp;Jagu\u015bcik-Rudnicka&nbsp; 3&nbsp; Godz. 10.00&nbsp; oddzia\u0142&nbsp; wychowawca&nbsp; klasa&nbsp; I&nbsp;TG&nbsp; Anna&nbsp;Rusiecka&nbsp; 102&nbsp; I&nbsp;TM&nbsp; Marta&nbsp;Ma\u0142aszy\u0144ska-\u015amierciew&nbsp; &hellip; <\/p>\n<p><a class=\"more-link btn\" href=\"https:\/\/zskarlino.pl\/?p=18452\">Czytaj dalej<\/a><\/p>\n","protected":false},"author":8,"featured_media":17805,"comment_status":"closed","ping_status":"closed","sticky":false,"template":"","format":"standard","meta":{"footnotes":""},"categories":[3],"tags":[],"class_list":["post-18452","post","type-post","status-publish","format-standard","has-post-thumbnail","hentry","category-wydarzenia","item-wrap"],"_links":{"self":[{"href":"https:\/\/zskarlino.pl\/index.php?rest_route=\/wp\/v2\/posts\/18452","targetHints":{"allow":["GET"]}}],"collection":[{"href":"https:\/\/zskarlino.pl\/index.php?rest_route=\/wp\/v2\/posts"}],"about":[{"href":"https:\/\/zskarlino.pl\/index.php?rest_route=\/wp\/v2\/types\/post"}],"author":[{"embeddable":true,"href":"https:\/\/zskarlino.pl\/index.php?rest_route=\/wp\/v2\/users\/8"}],"replies":[{"embeddable":true,"href":"https:\/\/zskarlino.pl\/index.php?rest_route=%2Fwp%2Fv2%2Fcomments&post=18452"}],"version-history":[{"count":3,"href":"https:\/\/zskarlino.pl\/index.php?rest_route=\/wp\/v2\/posts\/18452\/revisions"}],"predecessor-version":[{"id":18457,"href":"https:\/\/zskarlino.pl\/index.php?rest_route=\/wp\/v2\/posts\/18452\/revisions\/18457"}],"wp:featuredmedia":[{"embeddable":true,"href":"https:\/\/zskarlino.pl\/index.php?rest_route=\/wp\/v2\/media\/17805"}],"wp:attachment":[{"href":"https:\/\/zskarlino.pl\/index.php?rest_route=%2Fwp%2Fv2%2Fmedia&parent=18452"}],"wp:term":[{"taxonomy":"category","embeddable":true,"href":"https:\/\/zskarlino.pl\/index.php?rest_route=%2Fwp%2Fv2%2Fcategories&post=18452"},{"taxonomy":"post_tag","embeddable":true,"href":"https:\/\/zskarlino.pl\/index.php?rest_route=%2Fwp%2Fv2%2Ftags&post=18452"}],"curies":[{"name":"wp","href":"https:\/\/api.w.org\/{rel}","templated":true}]}}