{"id":18441,"date":"2021-06-18T13:12:00","date_gmt":"2021-06-18T11:12:00","guid":{"rendered":"http:\/\/zskarlino.pl\/?p=18441"},"modified":"2021-06-21T14:44:11","modified_gmt":"2021-06-21T12:44:11","slug":"zaproszenie-dla-rodzicow-na-konferencje-nt-szczepien","status":"publish","type":"post","link":"https:\/\/zskarlino.pl\/?p=18441","title":{"rendered":"Zaproszenie dla Rodzic\u00f3w na Konferencj\u0119 nt. szczepie\u0144"},"content":{"rendered":"\n<p>W imieniu Zachodniopomorskiego Kuratora O\u015bwiaty zapraszam na spotkanie w trybie on-line dla rodzic\u00f3w z terenu wojew\u00f3dztwa zachodniopomorskiego, nt. szczepie\u0144 nastolatk\u00f3w w wieku od 12 lat.<\/p>\n\n\n\n<p> Konferencja odb\u0119dzie si\u0119 dnia\u00a0<strong><strong>29 czerwca br. o godz. 11.00.<\/strong><\/strong><\/p>\n\n\n\n<p>Poni\u017cej przekazuj\u0119 link do rejestracji na wydarzenie:<br><a rel=\"noreferrer noopener\" href=\"https:\/\/forms.gle\/FSMi83PRYgyZw3Sh8\" target=\"_blank\">https:\/\/forms.gle\/FSMi83PRYgyZw3Sh8<\/a><\/p>\n\n\n\n<figure class=\"wp-block-gallery columns-2 is-cropped wp-block-gallery-1 is-layout-flex wp-block-gallery-is-layout-flex\"><ul class=\"blocks-gallery-grid\"><li class=\"blocks-gallery-item\"><figure><img loading=\"lazy\" decoding=\"async\" width=\"724\" height=\"1024\" src=\"http:\/\/zskarlino.pl\/wp-content\/uploads\/2021\/06\/szczepieniauczniowwwieku1218latrekomendacjedlarodzicowplakat-724x1024.png\" alt=\"\" data-id=\"18442\" data-full-url=\"http:\/\/zskarlino.pl\/wp-content\/uploads\/2021\/06\/szczepieniauczniowwwieku1218latrekomendacjedlarodzicowplakat.png\" data-link=\"http:\/\/zskarlino.pl\/?attachment_id=18442\" class=\"wp-image-18442\" srcset=\"https:\/\/zskarlino.pl\/wp-content\/uploads\/2021\/06\/szczepieniauczniowwwieku1218latrekomendacjedlarodzicowplakat-724x1024.png 724w, https:\/\/zskarlino.pl\/wp-content\/uploads\/2021\/06\/szczepieniauczniowwwieku1218latrekomendacjedlarodzicowplakat-212x300.png 212w, https:\/\/zskarlino.pl\/wp-content\/uploads\/2021\/06\/szczepieniauczniowwwieku1218latrekomendacjedlarodzicowplakat-768x1086.png 768w, https:\/\/zskarlino.pl\/wp-content\/uploads\/2021\/06\/szczepieniauczniowwwieku1218latrekomendacjedlarodzicowplakat-750x1061.png 750w, https:\/\/zskarlino.pl\/wp-content\/uploads\/2021\/06\/szczepieniauczniowwwieku1218latrekomendacjedlarodzicowplakat.png 794w\" sizes=\"auto, (max-width: 724px) 100vw, 724px\" \/><\/figure><\/li><li class=\"blocks-gallery-item\"><figure><img loading=\"lazy\" decoding=\"async\" width=\"724\" height=\"1024\" src=\"http:\/\/zskarlino.pl\/wp-content\/uploads\/2021\/06\/szczepieniauczniowwwieku1218latinformacjedlaszkoliplacowekplakat-724x1024.png\" alt=\"\" data-id=\"18443\" data-full-url=\"http:\/\/zskarlino.pl\/wp-content\/uploads\/2021\/06\/szczepieniauczniowwwieku1218latinformacjedlaszkoliplacowekplakat.png\" data-link=\"http:\/\/zskarlino.pl\/?attachment_id=18443\" class=\"wp-image-18443\" srcset=\"https:\/\/zskarlino.pl\/wp-content\/uploads\/2021\/06\/szczepieniauczniowwwieku1218latinformacjedlaszkoliplacowekplakat-724x1024.png 724w, https:\/\/zskarlino.pl\/wp-content\/uploads\/2021\/06\/szczepieniauczniowwwieku1218latinformacjedlaszkoliplacowekplakat-212x300.png 212w, https:\/\/zskarlino.pl\/wp-content\/uploads\/2021\/06\/szczepieniauczniowwwieku1218latinformacjedlaszkoliplacowekplakat-768x1086.png 768w, https:\/\/zskarlino.pl\/wp-content\/uploads\/2021\/06\/szczepieniauczniowwwieku1218latinformacjedlaszkoliplacowekplakat-750x1061.png 750w, https:\/\/zskarlino.pl\/wp-content\/uploads\/2021\/06\/szczepieniauczniowwwieku1218latinformacjedlaszkoliplacowekplakat.png 794w\" sizes=\"auto, (max-width: 724px) 100vw, 724px\" \/><\/figure><\/li><\/ul><figcaption class=\"blocks-gallery-caption\">Plakaty dot. szczepie\u0144 z informacjami dla rodzic\u00f3w.<\/figcaption><\/figure>\n\n\n\n<p>Jednocze\u015bnie przypominamy o mo\u017cliwo\u015bci skorzystania z oferty Punktu Szczepie\u0144 Powszechnych w Karlinie. Szczeg\u00f3\u0142owe informacje i wskaz\u00f3wki zosta\u0142y Pa\u0144stwu przes\u0142ane dziennikiem elektronicznym. Poni\u017cej za\u0142\u0105czam kwestionariusz wst\u0119pnego wywiadu przesiewowego, kt\u00f3ry warto wype\u0142niony zabra\u0107 ze sob\u0105 w dniu um\u00f3wionego wcze\u015bniej szczepienia  przekazuj\u0119 raz jeszcze informacj\u0119 od koordynatora:<\/p>\n\n\n\n<p>&#8222;W celu rejestracji na szczepienie prosimy o przes\u0142anie wiadomo\u015bci e-mail na adres: <a rel=\"noreferrer noopener\" target=\"_blank\" href=\"mailto:szczepienie.zs.karlino@wp.pl\">szczepienie.zs.karlino@wp.pl<\/a> zawieraj\u0105cej nast\u0119puj\u0105ce dane:<br>Imi\u0119 i nazwisko:<br>PESEL:<br>Nr telefonu:<br>Na podany numer zostanie wys\u0142ana wiadomo\u015b\u0107 SMS z dat\u0105 i godzin\u0105 szczepienia.<br>Prosimy r\u00f3wnie\u017c aby w dniu szczepienia posiada\u0107 wype\u0142niony kwestionariusz wst\u0119pnego wywiadu przesiewowego przed szczepieniem osoby ma\u0142oletniej przeciw COVID-19.&#8221;<\/p>\n\n\n\n<p><a href=\"http:\/\/zskarlino.pl\/wp-content\/uploads\/2021\/06\/Kwestionariusz_wstepnego_wywiadu_przesiewowego_przed_szczepieniem_osoby_niepelnoletniej_przeciw_COVID-19_wersja_docx.pdf\">http:\/\/zskarlino.pl\/wp-content\/uploads\/2021\/06\/Kwestionariusz_wstepnego_wywiadu_przesiewowego_przed_szczepieniem_osoby_niepelnoletniej_przeciw_COVID-19_wersja_docx.pdf<\/a><\/p>\n\n\n\n<p> <\/p>\n","protected":false},"excerpt":{"rendered":"<p>W imieniu Zachodniopomorskiego Kuratora O\u015bwiaty zapraszam na spotkanie w trybie on-line dla rodzic\u00f3w z terenu wojew\u00f3dztwa zachodniopomorskiego, nt. szczepie\u0144 nastolatk\u00f3w w wieku od 12 lat. Konferencja odb\u0119dzie si\u0119 dnia\u00a029 czerwca br. o godz. 11.00. Poni\u017cej przekazuj\u0119 link do rejestracji na wydarzenie:https:\/\/forms.gle\/FSMi83PRYgyZw3Sh8 Jednocze\u015bnie przypominamy o mo\u017cliwo\u015bci skorzystania z oferty Punktu Szczepie\u0144 Powszechnych w Karlinie. Szczeg\u00f3\u0142owe informacje &hellip; <\/p>\n<p><a class=\"more-link btn\" href=\"https:\/\/zskarlino.pl\/?p=18441\">Czytaj dalej<\/a><\/p>\n","protected":false},"author":8,"featured_media":0,"comment_status":"closed","ping_status":"closed","sticky":false,"template":"","format":"standard","meta":{"footnotes":""},"categories":[3],"tags":[],"class_list":["post-18441","post","type-post","status-publish","format-standard","hentry","category-wydarzenia","item-wrap"],"_links":{"self":[{"href":"https:\/\/zskarlino.pl\/index.php?rest_route=\/wp\/v2\/posts\/18441","targetHints":{"allow":["GET"]}}],"collection":[{"href":"https:\/\/zskarlino.pl\/index.php?rest_route=\/wp\/v2\/posts"}],"about":[{"href":"https:\/\/zskarlino.pl\/index.php?rest_route=\/wp\/v2\/types\/post"}],"author":[{"embeddable":true,"href":"https:\/\/zskarlino.pl\/index.php?rest_route=\/wp\/v2\/users\/8"}],"replies":[{"embeddable":true,"href":"https:\/\/zskarlino.pl\/index.php?rest_route=%2Fwp%2Fv2%2Fcomments&post=18441"}],"version-history":[{"count":1,"href":"https:\/\/zskarlino.pl\/index.php?rest_route=\/wp\/v2\/posts\/18441\/revisions"}],"predecessor-version":[{"id":18445,"href":"https:\/\/zskarlino.pl\/index.php?rest_route=\/wp\/v2\/posts\/18441\/revisions\/18445"}],"wp:attachment":[{"href":"https:\/\/zskarlino.pl\/index.php?rest_route=%2Fwp%2Fv2%2Fmedia&parent=18441"}],"wp:term":[{"taxonomy":"category","embeddable":true,"href":"https:\/\/zskarlino.pl\/index.php?rest_route=%2Fwp%2Fv2%2Fcategories&post=18441"},{"taxonomy":"post_tag","embeddable":true,"href":"https:\/\/zskarlino.pl\/index.php?rest_route=%2Fwp%2Fv2%2Ftags&post=18441"}],"curies":[{"name":"wp","href":"https:\/\/api.w.org\/{rel}","templated":true}]}}