{"id":18433,"date":"2021-06-15T21:55:59","date_gmt":"2021-06-15T19:55:59","guid":{"rendered":"http:\/\/zskarlino.pl\/?p=18433"},"modified":"2021-06-15T21:56:38","modified_gmt":"2021-06-15T19:56:38","slug":"zajecia-praktyczne-w-technikum-inaczej","status":"publish","type":"post","link":"https:\/\/zskarlino.pl\/?p=18433","title":{"rendered":"Zaj\u0119cia praktyczne w Technikum &#8211; inaczej"},"content":{"rendered":"\n<p>W dniu 15 czerwca uczniowie naszego technikum, kszta\u0142c\u0105cy si\u0119 na kierunku technik grafiki i poligrafii cyfrowej, odwiedzili Wydawnictwo Artystyczne Kurtiak i Ley w Koszalinie, gdzie wzi\u0119li udzia\u0142 w warsztatach introligatorskich, poprzedzonych wyk\u0142adem nt. historii ksi\u0105\u017cki. Podczas wyk\u0142adu mo\u017cna by\u0142o r\u00f3wnie\u017c zobaczy\u0107 przepi\u0119kne starodruki oraz kolekcjonerskie wydania ksi\u0105\u017cek, a tak\u017ce pozna\u0107 etapy powstawania ekskluzywnych kolekcji artystycznych. W przemi\u0142ej atmosferze mogli\u015bmy r\u00f3wnie\u017c zobaczy\u0107 przepi\u0119kne eksponaty i muzealny wystr\u00f3j sal oraz wej\u015b\u0107 do czarodziejskiego ogrodu prowadzonego przez pa\u0144stwa Ley. <br>Wyjazd zako\u0144czyli\u015bmy integracyjnym spotkaniem przy pizzy.<\/p>\n\n\n\n<p>Organizatorami wycieczki by\u0142y nauczycielki przedmiot\u00f3w zawodowych, Panie Renata Piszak-Walczykowska i Dorota Olszewska.<\/p>\n\n\n\n<p class=\"has-text-align-right\">Renata Piszak-Walczykowska<\/p>\n\n\n\n<figure class=\"wp-block-gallery columns-3 is-cropped wp-block-gallery-1 is-layout-flex wp-block-gallery-is-layout-flex\"><ul class=\"blocks-gallery-grid\"><li class=\"blocks-gallery-item\"><figure><img loading=\"lazy\" decoding=\"async\" width=\"1024\" height=\"577\" src=\"http:\/\/zskarlino.pl\/wp-content\/uploads\/2021\/06\/199941656_161367559305522_2529680897184033260_n-1024x577.jpg\" alt=\"\" data-id=\"18435\" data-link=\"http:\/\/zskarlino.pl\/?attachment_id=18435\" class=\"wp-image-18435\" srcset=\"https:\/\/zskarlino.pl\/wp-content\/uploads\/2021\/06\/199941656_161367559305522_2529680897184033260_n-1024x577.jpg 1024w, https:\/\/zskarlino.pl\/wp-content\/uploads\/2021\/06\/199941656_161367559305522_2529680897184033260_n-300x169.jpg 300w, https:\/\/zskarlino.pl\/wp-content\/uploads\/2021\/06\/199941656_161367559305522_2529680897184033260_n-768x433.jpg 768w, https:\/\/zskarlino.pl\/wp-content\/uploads\/2021\/06\/199941656_161367559305522_2529680897184033260_n-1536x866.jpg 1536w, https:\/\/zskarlino.pl\/wp-content\/uploads\/2021\/06\/199941656_161367559305522_2529680897184033260_n-750x423.jpg 750w, https:\/\/zskarlino.pl\/wp-content\/uploads\/2021\/06\/199941656_161367559305522_2529680897184033260_n.jpg 2048w\" sizes=\"auto, (max-width: 1024px) 100vw, 1024px\" \/><\/figure><\/li><li class=\"blocks-gallery-item\"><figure><img loading=\"lazy\" decoding=\"async\" width=\"1024\" height=\"576\" src=\"http:\/\/zskarlino.pl\/wp-content\/uploads\/2021\/06\/200731864_989136611915721_3551034956730456781_n-1024x576.jpg\" alt=\"\" data-id=\"18436\" data-link=\"http:\/\/zskarlino.pl\/?attachment_id=18436\" class=\"wp-image-18436\" srcset=\"https:\/\/zskarlino.pl\/wp-content\/uploads\/2021\/06\/200731864_989136611915721_3551034956730456781_n-1024x576.jpg 1024w, https:\/\/zskarlino.pl\/wp-content\/uploads\/2021\/06\/200731864_989136611915721_3551034956730456781_n-300x169.jpg 300w, https:\/\/zskarlino.pl\/wp-content\/uploads\/2021\/06\/200731864_989136611915721_3551034956730456781_n-768x432.jpg 768w, https:\/\/zskarlino.pl\/wp-content\/uploads\/2021\/06\/200731864_989136611915721_3551034956730456781_n-1536x864.jpg 1536w, https:\/\/zskarlino.pl\/wp-content\/uploads\/2021\/06\/200731864_989136611915721_3551034956730456781_n-750x422.jpg 750w, https:\/\/zskarlino.pl\/wp-content\/uploads\/2021\/06\/200731864_989136611915721_3551034956730456781_n.jpg 1920w\" sizes=\"auto, (max-width: 1024px) 100vw, 1024px\" \/><\/figure><\/li><li class=\"blocks-gallery-item\"><figure><img loading=\"lazy\" decoding=\"async\" width=\"1024\" height=\"577\" src=\"http:\/\/zskarlino.pl\/wp-content\/uploads\/2021\/06\/199998617_1918676388280285_1239885885885735581_n-1024x577.jpg\" alt=\"\" data-id=\"18437\" data-full-url=\"http:\/\/zskarlino.pl\/wp-content\/uploads\/2021\/06\/199998617_1918676388280285_1239885885885735581_n.jpg\" data-link=\"http:\/\/zskarlino.pl\/?attachment_id=18437\" class=\"wp-image-18437\" srcset=\"https:\/\/zskarlino.pl\/wp-content\/uploads\/2021\/06\/199998617_1918676388280285_1239885885885735581_n-1024x577.jpg 1024w, https:\/\/zskarlino.pl\/wp-content\/uploads\/2021\/06\/199998617_1918676388280285_1239885885885735581_n-300x169.jpg 300w, https:\/\/zskarlino.pl\/wp-content\/uploads\/2021\/06\/199998617_1918676388280285_1239885885885735581_n-768x433.jpg 768w, https:\/\/zskarlino.pl\/wp-content\/uploads\/2021\/06\/199998617_1918676388280285_1239885885885735581_n-1536x866.jpg 1536w, https:\/\/zskarlino.pl\/wp-content\/uploads\/2021\/06\/199998617_1918676388280285_1239885885885735581_n-750x423.jpg 750w, https:\/\/zskarlino.pl\/wp-content\/uploads\/2021\/06\/199998617_1918676388280285_1239885885885735581_n.jpg 2048w\" sizes=\"auto, (max-width: 1024px) 100vw, 1024px\" \/><\/figure><\/li><\/ul><figcaption class=\"blocks-gallery-caption\"><em>Ilustracje przedstawiaj\u0105 grup\u0119 uczni\u00f3w podczas zaj\u0119\u0107 w wydawnictwie<\/em> <\/figcaption><\/figure>\n\n\n\n<p>Wi\u0119cej zdj\u0119\u0107 z wyjazdu znajdziecie na naszym FB. <\/p>\n","protected":false},"excerpt":{"rendered":"<p>W dniu 15 czerwca uczniowie naszego technikum, kszta\u0142c\u0105cy si\u0119 na kierunku technik grafiki i poligrafii cyfrowej, odwiedzili Wydawnictwo Artystyczne Kurtiak i Ley w Koszalinie, gdzie wzi\u0119li udzia\u0142 w warsztatach introligatorskich, poprzedzonych wyk\u0142adem nt. historii ksi\u0105\u017cki. Podczas wyk\u0142adu mo\u017cna by\u0142o r\u00f3wnie\u017c zobaczy\u0107 przepi\u0119kne starodruki oraz kolekcjonerskie wydania ksi\u0105\u017cek, a tak\u017ce pozna\u0107 etapy powstawania ekskluzywnych kolekcji artystycznych. &hellip; <\/p>\n<p><a class=\"more-link btn\" href=\"https:\/\/zskarlino.pl\/?p=18433\">Czytaj dalej<\/a><\/p>\n","protected":false},"author":8,"featured_media":0,"comment_status":"closed","ping_status":"closed","sticky":false,"template":"","format":"standard","meta":{"footnotes":""},"categories":[3],"tags":[],"class_list":["post-18433","post","type-post","status-publish","format-standard","hentry","category-wydarzenia","item-wrap"],"_links":{"self":[{"href":"https:\/\/zskarlino.pl\/index.php?rest_route=\/wp\/v2\/posts\/18433","targetHints":{"allow":["GET"]}}],"collection":[{"href":"https:\/\/zskarlino.pl\/index.php?rest_route=\/wp\/v2\/posts"}],"about":[{"href":"https:\/\/zskarlino.pl\/index.php?rest_route=\/wp\/v2\/types\/post"}],"author":[{"embeddable":true,"href":"https:\/\/zskarlino.pl\/index.php?rest_route=\/wp\/v2\/users\/8"}],"replies":[{"embeddable":true,"href":"https:\/\/zskarlino.pl\/index.php?rest_route=%2Fwp%2Fv2%2Fcomments&post=18433"}],"version-history":[{"count":3,"href":"https:\/\/zskarlino.pl\/index.php?rest_route=\/wp\/v2\/posts\/18433\/revisions"}],"predecessor-version":[{"id":18440,"href":"https:\/\/zskarlino.pl\/index.php?rest_route=\/wp\/v2\/posts\/18433\/revisions\/18440"}],"wp:attachment":[{"href":"https:\/\/zskarlino.pl\/index.php?rest_route=%2Fwp%2Fv2%2Fmedia&parent=18433"}],"wp:term":[{"taxonomy":"category","embeddable":true,"href":"https:\/\/zskarlino.pl\/index.php?rest_route=%2Fwp%2Fv2%2Fcategories&post=18433"},{"taxonomy":"post_tag","embeddable":true,"href":"https:\/\/zskarlino.pl\/index.php?rest_route=%2Fwp%2Fv2%2Ftags&post=18433"}],"curies":[{"name":"wp","href":"https:\/\/api.w.org\/{rel}","templated":true}]}}