{"id":18375,"date":"2021-06-07T15:49:22","date_gmt":"2021-06-07T13:49:22","guid":{"rendered":"http:\/\/zskarlino.pl\/?p=18375"},"modified":"2021-06-08T12:17:22","modified_gmt":"2021-06-08T10:17:22","slug":"integracyjny-splyw-kajakowy","status":"publish","type":"post","link":"https:\/\/zskarlino.pl\/?p=18375","title":{"rendered":"Integracyjny sp\u0142yw kajakowy"},"content":{"rendered":"\n<figure class=\"wp-block-image size-large\"><img loading=\"lazy\" decoding=\"async\" width=\"800\" height=\"600\" src=\"http:\/\/zskarlino.pl\/wp-content\/uploads\/2021\/06\/191864390_317521389884805_4634759530060014817_n.jpg\" alt=\"Zdj\u0119cie przedstawia grup\u0119 uczni\u00f3w p\u0142yn\u0105cych w kajakach po rzece\" class=\"wp-image-18384\" srcset=\"https:\/\/zskarlino.pl\/wp-content\/uploads\/2021\/06\/191864390_317521389884805_4634759530060014817_n.jpg 800w, https:\/\/zskarlino.pl\/wp-content\/uploads\/2021\/06\/191864390_317521389884805_4634759530060014817_n-300x225.jpg 300w, https:\/\/zskarlino.pl\/wp-content\/uploads\/2021\/06\/191864390_317521389884805_4634759530060014817_n-768x576.jpg 768w, https:\/\/zskarlino.pl\/wp-content\/uploads\/2021\/06\/191864390_317521389884805_4634759530060014817_n-750x563.jpg 750w\" sizes=\"auto, (max-width: 800px) 100vw, 800px\" \/><figcaption>Zdj\u0119cie przedstawia grup\u0119 uczni\u00f3w p\u0142yn\u0105cych w kajaku po rzece<\/figcaption><\/figure>\n\n\n\n<p>W dniu 07.06.2021 r. odby\u0142 si\u0119 pierwszy w tym roku szkolny sp\u0142yw kajakowy. Celem wyjazdu by\u0142a integracja uczni\u00f3w po d\u0142ugich miesi\u0105cach odosobnienia i przebywania\u00a0w domu.\u00a0\u00a0Uczestniczy\u0142o w nim 23 uczni\u00f3w z klasy trzeciej i klas drugich. Gratulujemy za odwag\u0119 jedynej dziewczynce w tej grupie.\u00a0<\/p>\n\n\n\n<p>Dla niekt\u00f3rych uczni\u00f3w by\u0142o to pierwsze spotkanie z tego typy atrakcj\u0105. Wycieczk\u0119 rozpocz\u0119li\u015bmy zbi\u00f3rk\u0105 na terenie szko\u0142y. Nast\u0119pnie w dobrych humorach wyruszyli\u015bmy na przysta\u0144 kajakow\u0105. Organizator imprezy przeprowadzi\u0142 instrukta\u017c dotycz\u0105cy bezpiecze\u0144stwa i zasad zachowania w trakcie sp\u0142ywu. Uzbrojeni w wios\u0142a i kapoki zabrali\u015bmy si\u0119 do wodowania kajak\u00f3w. Ju\u017c w trakcie tej czynno\u015bci \u015bmiechu by\u0142o co niemiara. Nast\u0119pnie ca\u0142a grupa zwodowa\u0142a si\u0119. Potem wszyscy wios\u0142uj\u0105c, korzystali z pi\u0119knych widok\u00f3w i pal\u0105cego s\u0142o\u0144ca. Wa\u017cki towarzyszy\u0142y nam w trakcie ca\u0142ej podr\u00f3\u017cy. Oczywi\u015bcie nie oby\u0142o si\u0119 bez wywrotki, przypadkowych zderze\u0144 kajak\u00f3w, zwiedzania sitowia i tatarak\u00f3w oraz utkni\u0119cia kajakiem na przewr\u00f3conych i zatopionych drzewach. Pomimo wielu przeciwno\u015bci, grupa zda\u0142a rewelacyjnie egzamin z kajakowania. M\u0142odzie\u017c pomaga\u0142a sobie wzajemnie. Wszyscy dobrze si\u0119 bawili i niew\u0105tpliwie zapami\u0119taj\u0105 t\u0119 wycieczk\u0119 na d\u0142ugo.<\/p>\n\n\n\n<p>Dzi\u0119kuj\u0119 bardzo Regionalnemu Centrum Turystyki i Sportu w Karlinie, ratownikom WOPR, panom zapewniaj\u0105cym transport kajak\u00f3w i kajakarzy, naszym opiekunom oraz wszystkim uczestnikom sp\u0142ywu.\u00a0<\/p>\n\n\n\n<p>Po wi\u0119cej zdj\u0119\u0107 zapraszamy na stron\u0119 naszej szko\u0142y na Facebooku!<\/p>\n","protected":false},"excerpt":{"rendered":"<p>W dniu 07.06.2021 r. odby\u0142 si\u0119 pierwszy w tym roku szkolny sp\u0142yw kajakowy. Celem wyjazdu by\u0142a integracja uczni\u00f3w po d\u0142ugich miesi\u0105cach odosobnienia i przebywania\u00a0w domu.\u00a0\u00a0Uczestniczy\u0142o w nim 23 uczni\u00f3w z klasy trzeciej i klas drugich. Gratulujemy za odwag\u0119 jedynej dziewczynce w tej grupie.\u00a0 Dla niekt\u00f3rych uczni\u00f3w by\u0142o to pierwsze spotkanie z tego typy atrakcj\u0105. Wycieczk\u0119 &hellip; <\/p>\n<p><a class=\"more-link btn\" href=\"https:\/\/zskarlino.pl\/?p=18375\">Czytaj dalej<\/a><\/p>\n","protected":false},"author":6,"featured_media":0,"comment_status":"closed","ping_status":"closed","sticky":false,"template":"","format":"standard","meta":{"footnotes":""},"categories":[3],"tags":[],"class_list":["post-18375","post","type-post","status-publish","format-standard","hentry","category-wydarzenia","item-wrap"],"_links":{"self":[{"href":"https:\/\/zskarlino.pl\/index.php?rest_route=\/wp\/v2\/posts\/18375","targetHints":{"allow":["GET"]}}],"collection":[{"href":"https:\/\/zskarlino.pl\/index.php?rest_route=\/wp\/v2\/posts"}],"about":[{"href":"https:\/\/zskarlino.pl\/index.php?rest_route=\/wp\/v2\/types\/post"}],"author":[{"embeddable":true,"href":"https:\/\/zskarlino.pl\/index.php?rest_route=\/wp\/v2\/users\/6"}],"replies":[{"embeddable":true,"href":"https:\/\/zskarlino.pl\/index.php?rest_route=%2Fwp%2Fv2%2Fcomments&post=18375"}],"version-history":[{"count":2,"href":"https:\/\/zskarlino.pl\/index.php?rest_route=\/wp\/v2\/posts\/18375\/revisions"}],"predecessor-version":[{"id":18406,"href":"https:\/\/zskarlino.pl\/index.php?rest_route=\/wp\/v2\/posts\/18375\/revisions\/18406"}],"wp:attachment":[{"href":"https:\/\/zskarlino.pl\/index.php?rest_route=%2Fwp%2Fv2%2Fmedia&parent=18375"}],"wp:term":[{"taxonomy":"category","embeddable":true,"href":"https:\/\/zskarlino.pl\/index.php?rest_route=%2Fwp%2Fv2%2Fcategories&post=18375"},{"taxonomy":"post_tag","embeddable":true,"href":"https:\/\/zskarlino.pl\/index.php?rest_route=%2Fwp%2Fv2%2Ftags&post=18375"}],"curies":[{"name":"wp","href":"https:\/\/api.w.org\/{rel}","templated":true}]}}